{"id":24655,"date":"2024-06-26T19:39:51","date_gmt":"2024-06-26T22:39:51","guid":{"rendered":"https:\/\/noticiasnoface.com.br\/?p=24655"},"modified":"2024-06-26T19:59:48","modified_gmt":"2024-06-26T22:59:48","slug":"pesquisa-datavero-98-fm-pre-candidatura-de-paulinho-freire-cresce-100-em-90-dias","status":"publish","type":"post","link":"https:\/\/noticiasnoface.com.br\/index.php\/2024\/06\/26\/pesquisa-datavero-98-fm-pre-candidatura-de-paulinho-freire-cresce-100-em-90-dias\/","title":{"rendered":"PESQUISA DATAVERO \/ 98 FM: pr\u00e9-candidatura de Paulinho Freire cresce 100% em 90 dias"},"content":{"rendered":"\n<figure class=\"wp-block-image size-large\"><img data-opt-id=248644336  fetchpriority=\"high\" decoding=\"async\" width=\"914\" height=\"755\" src=\"https:\/\/mlbfrsat7ahr.i.optimole.com\/w:auto\/h:auto\/q:mauto\/ig:avif\/https:\/\/noticiasnoface.com.br\/wp-content\/uploads\/2024\/06\/img_7476-1.jpg\" alt=\"\" class=\"wp-image-24657\" srcset=\"https:\/\/mlbfrsat7ahr.i.optimole.com\/w:914\/h:755\/q:mauto\/ig:avif\/https:\/\/noticiasnoface.com.br\/wp-content\/uploads\/2024\/06\/img_7476-1.jpg 914w, https:\/\/mlbfrsat7ahr.i.optimole.com\/w:300\/h:248\/q:mauto\/ig:avif\/https:\/\/noticiasnoface.com.br\/wp-content\/uploads\/2024\/06\/img_7476-1.jpg 300w, https:\/\/mlbfrsat7ahr.i.optimole.com\/w:768\/h:634\/q:mauto\/ig:avif\/https:\/\/noticiasnoface.com.br\/wp-content\/uploads\/2024\/06\/img_7476-1.jpg 768w\" sizes=\"(max-width: 914px) 100vw, 914px\" \/><figcaption class=\"wp-element-caption\"><br \/>A pr\u00e9-candidatura de Paulinho Freire a prefeito de Natal cresceu 100% e dobrou de estatura em 90 dias. Os n\u00fameros s\u00e3o da pesquisa DataVero\/98fm divulgada nesta quarta-feira (26).<br \/>De acordo com o levantamento, Paulinho Freire tem 20,30% da prefer\u00eancia do eleitorado. Na pesquisa divulgada em mar\u00e7o deste ano, o pr\u00e9-candidato do Uni\u00e3o Brasil tinha 10,74%.<br \/>A pesquisa DataVero\/98FM ouviu 1.000 eleitores em Natal entre os dias 24 e 25 de junho. A margem de erro \u00e9 de 3 pontos percentuais, para mais ou menos, com intervalo de confian\u00e7a de 95%. O registro na Justi\u00e7a Eleitoral \u00e9 o RN-07262\/2024.<\/figcaption><\/figure>\n","protected":false},"excerpt":{"rendered":"","protected":false},"author":1,"featured_media":0,"comment_status":"closed","ping_status":"open","sticky":false,"template":"","format":"image","meta":{"site-sidebar-layout":"default","site-content-layout":"","ast-site-content-layout":"default","site-content-style":"default","site-sidebar-style":"default","ast-global-header-display":"","ast-banner-title-visibility":"","ast-main-header-display":"","ast-hfb-above-header-display":"","ast-hfb-below-header-display":"","ast-hfb-mobile-header-display":"","site-post-title":"","ast-breadcrumbs-content":"","ast-featured-img":"","footer-sml-layout":"","ast-disable-related-posts":"","theme-transparent-header-meta":"","adv-header-id-meta":"","stick-header-meta":"","header-above-stick-meta":"","header-main-stick-meta":"","header-below-stick-meta":"","astra-migrate-meta-layouts":"default","ast-page-background-enabled":"default","ast-page-background-meta":{"desktop":{"background-color":"var(--ast-global-color-4)","background-image":"","background-repeat":"repeat","background-position":"center center","background-size":"auto","background-attachment":"scroll","background-type":"","background-media":"","overlay-type":"","overlay-color":"","overlay-opacity":"","overlay-gradient":""},"tablet":{"background-color":"","background-image":"","background-repeat":"repeat","background-position":"center center","background-size":"auto","background-attachment":"scroll","background-type":"","background-media":"","overlay-type":"","overlay-color":"","overlay-opacity":"","overlay-gradient":""},"mobile":{"background-color":"","background-image":"","background-repeat":"repeat","background-position":"center center","background-size":"auto","background-attachment":"scroll","background-type":"","background-media":"","overlay-type":"","overlay-color":"","overlay-opacity":"","overlay-gradient":""}},"ast-content-background-meta":{"desktop":{"background-color":"var(--ast-global-color-5)","background-image":"","background-repeat":"repeat","background-position":"center center","background-size":"auto","background-attachment":"scroll","background-type":"","background-media":"","overlay-type":"","overlay-color":"","overlay-opacity":"","overlay-gradient":""},"tablet":{"background-color":"var(--ast-global-color-5)","background-image":"","background-repeat":"repeat","background-position":"center center","background-size":"auto","background-attachment":"scroll","background-type":"","background-media":"","overlay-type":"","overlay-color":"","overlay-opacity":"","overlay-gradient":""},"mobile":{"background-color":"var(--ast-global-color-5)","background-image":"","background-repeat":"repeat","background-position":"center center","background-size":"auto","background-attachment":"scroll","background-type":"","background-media":"","overlay-type":"","overlay-color":"","overlay-opacity":"","overlay-gradient":""}},"footnotes":""},"categories":[517],"tags":[],"class_list":["post-24655","post","type-post","status-publish","format-image","hentry","category-aconteceu","post_format-post-format-image"],"_links":{"self":[{"href":"https:\/\/noticiasnoface.com.br\/index.php\/wp-json\/wp\/v2\/posts\/24655","targetHints":{"allow":["GET"]}}],"collection":[{"href":"https:\/\/noticiasnoface.com.br\/index.php\/wp-json\/wp\/v2\/posts"}],"about":[{"href":"https:\/\/noticiasnoface.com.br\/index.php\/wp-json\/wp\/v2\/types\/post"}],"author":[{"embeddable":true,"href":"https:\/\/noticiasnoface.com.br\/index.php\/wp-json\/wp\/v2\/users\/1"}],"replies":[{"embeddable":true,"href":"https:\/\/noticiasnoface.com.br\/index.php\/wp-json\/wp\/v2\/comments?post=24655"}],"version-history":[{"count":3,"href":"https:\/\/noticiasnoface.com.br\/index.php\/wp-json\/wp\/v2\/posts\/24655\/revisions"}],"predecessor-version":[{"id":24659,"href":"https:\/\/noticiasnoface.com.br\/index.php\/wp-json\/wp\/v2\/posts\/24655\/revisions\/24659"}],"wp:attachment":[{"href":"https:\/\/noticiasnoface.com.br\/index.php\/wp-json\/wp\/v2\/media?parent=24655"}],"wp:term":[{"taxonomy":"category","embeddable":true,"href":"https:\/\/noticiasnoface.com.br\/index.php\/wp-json\/wp\/v2\/categories?post=24655"},{"taxonomy":"post_tag","embeddable":true,"href":"https:\/\/noticiasnoface.com.br\/index.php\/wp-json\/wp\/v2\/tags?post=24655"}],"curies":[{"name":"wp","href":"https:\/\/api.w.org\/{rel}","templated":true}]}}