{"id":24661,"date":"2024-06-26T20:50:00","date_gmt":"2024-06-26T23:50:00","guid":{"rendered":"https:\/\/noticiasnoface.com.br\/?p=24661"},"modified":"2024-06-26T20:50:00","modified_gmt":"2024-06-26T23:50:00","slug":"tragedia-adolescentes-se-afogam-na-praia-de-areia-preta","status":"publish","type":"post","link":"https:\/\/noticiasnoface.com.br\/index.php\/2024\/06\/26\/tragedia-adolescentes-se-afogam-na-praia-de-areia-preta\/","title":{"rendered":"Trag\u00e9dia: Adolescentes se afogam na praia de Areia Preta"},"content":{"rendered":"\n<figure class=\"wp-block-image size-large\"><img data-opt-id=1286695055  fetchpriority=\"high\" decoding=\"async\" width=\"1024\" height=\"683\" src=\"https:\/\/mlbfrsat7ahr.i.optimole.com\/w:1024\/h:683\/q:mauto\/ig:avif\/https:\/\/noticiasnoface.com.br\/wp-content\/uploads\/2024\/06\/img_7480-1.jpg\" class=\"wp-image-24660\" srcset=\"https:\/\/mlbfrsat7ahr.i.optimole.com\/w:1024\/h:683\/q:mauto\/ig:avif\/https:\/\/noticiasnoface.com.br\/wp-content\/uploads\/2024\/06\/img_7480-1.jpg 1024w, https:\/\/mlbfrsat7ahr.i.optimole.com\/w:300\/h:200\/q:mauto\/ig:avif\/https:\/\/noticiasnoface.com.br\/wp-content\/uploads\/2024\/06\/img_7480-1.jpg 300w, https:\/\/mlbfrsat7ahr.i.optimole.com\/w:768\/h:512\/q:mauto\/ig:avif\/https:\/\/noticiasnoface.com.br\/wp-content\/uploads\/2024\/06\/img_7480-1.jpg 768w, https:\/\/mlbfrsat7ahr.i.optimole.com\/w:1200\/h:800\/q:mauto\/ig:avif\/https:\/\/noticiasnoface.com.br\/wp-content\/uploads\/2024\/06\/img_7480-1.jpg 1200w\" sizes=\"(max-width: 1000px) 100vw, 1000px\" \/><\/figure>\n\n\n\n<!--more-->\n\n\n\n<p>Foto: Gislaine Azevedo\/TV Ponta Negra<\/p>\n\n\n\n<p>Tr\u00eas jovens, na faixa dos 17 anos, se afogaram na tarde desta quarta-feira (26) na praia de Miami, localizada no bairro de Areia Preta, na Zona Leste de Natal. Uma das v\u00edtimas est\u00e1 desaparecida, uma segunda, que chegou a ser socorrida, n\u00e3o resistiu e morreu no local.<\/p>\n\n\n\n<p>Segundo informa\u00e7\u00f5es do Corpo de Bombeiros, um grupo de cinco amigos deixou o bairro do Golandim, na Zona Norte de Natal, para tomar banho na praia de Miami. Tr\u00eas, dos cinco amigos, entraram na \u00e1gua e logo come\u00e7aram a se afogar. Um foi resgatado por um surfista e passa bem, o segundo foi resgatado pelos bombeiros com um procedimento de reanima\u00e7\u00e3o na areia da praia, mas morreu no local. Um m\u00e9dico do Servi\u00e7o de Atendimento M\u00f3vel de Urg\u00eancia (SAMU) esteve no local e constatou o \u00f3bito.<\/p>\n\n\n\n<p>O Instituto T\u00e9cnico-Cient\u00edfico de Per\u00edcia (Itep\/RN) tamb\u00e9m precisou ser acionado para recolher o corpo do local.<\/p>\n\n\n\n<p>O Corpo de Bombeiros finalizou as buscas pela terceira v\u00edtima por volta das 18h15 diante da baixa visibilidade. As buscas ser\u00e3o retomadas j\u00e1 no in\u00edcio da manh\u00e3 desta quinta-feira (27).<\/p>\n\n\n\n<p>Via TV PONTA NEGRA <\/p>\n","protected":false},"excerpt":{"rendered":"","protected":false},"author":1,"featured_media":0,"comment_status":"closed","ping_status":"open","sticky":false,"template":"","format":"image","meta":{"site-sidebar-layout":"default","site-content-layout":"","ast-site-content-layout":"default","site-content-style":"default","site-sidebar-style":"default","ast-global-header-display":"","ast-banner-title-visibility":"","ast-main-header-display":"","ast-hfb-above-header-display":"","ast-hfb-below-header-display":"","ast-hfb-mobile-header-display":"","site-post-title":"","ast-breadcrumbs-content":"","ast-featured-img":"","footer-sml-layout":"","ast-disable-related-posts":"","theme-transparent-header-meta":"","adv-header-id-meta":"","stick-header-meta":"","header-above-stick-meta":"","header-main-stick-meta":"","header-below-stick-meta":"","astra-migrate-meta-layouts":"default","ast-page-background-enabled":"default","ast-page-background-meta":{"desktop":{"background-color":"var(--ast-global-color-4)","background-image":"","background-repeat":"repeat","background-position":"center center","background-size":"auto","background-attachment":"scroll","background-type":"","background-media":"","overlay-type":"","overlay-color":"","overlay-opacity":"","overlay-gradient":""},"tablet":{"background-color":"","background-image":"","background-repeat":"repeat","background-position":"center center","background-size":"auto","background-attachment":"scroll","background-type":"","background-media":"","overlay-type":"","overlay-color":"","overlay-opacity":"","overlay-gradient":""},"mobile":{"background-color":"","background-image":"","background-repeat":"repeat","background-position":"center center","background-size":"auto","background-attachment":"scroll","background-type":"","background-media":"","overlay-type":"","overlay-color":"","overlay-opacity":"","overlay-gradient":""}},"ast-content-background-meta":{"desktop":{"background-color":"var(--ast-global-color-5)","background-image":"","background-repeat":"repeat","background-position":"center center","background-size":"auto","background-attachment":"scroll","background-type":"","background-media":"","overlay-type":"","overlay-color":"","overlay-opacity":"","overlay-gradient":""},"tablet":{"background-color":"var(--ast-global-color-5)","background-image":"","background-repeat":"repeat","background-position":"center center","background-size":"auto","background-attachment":"scroll","background-type":"","background-media":"","overlay-type":"","overlay-color":"","overlay-opacity":"","overlay-gradient":""},"mobile":{"background-color":"var(--ast-global-color-5)","background-image":"","background-repeat":"repeat","background-position":"center center","background-size":"auto","background-attachment":"scroll","background-type":"","background-media":"","overlay-type":"","overlay-color":"","overlay-opacity":"","overlay-gradient":""}},"footnotes":""},"categories":[517],"tags":[],"class_list":["post-24661","post","type-post","status-publish","format-image","hentry","category-aconteceu","post_format-post-format-image"],"_links":{"self":[{"href":"https:\/\/noticiasnoface.com.br\/index.php\/wp-json\/wp\/v2\/posts\/24661","targetHints":{"allow":["GET"]}}],"collection":[{"href":"https:\/\/noticiasnoface.com.br\/index.php\/wp-json\/wp\/v2\/posts"}],"about":[{"href":"https:\/\/noticiasnoface.com.br\/index.php\/wp-json\/wp\/v2\/types\/post"}],"author":[{"embeddable":true,"href":"https:\/\/noticiasnoface.com.br\/index.php\/wp-json\/wp\/v2\/users\/1"}],"replies":[{"embeddable":true,"href":"https:\/\/noticiasnoface.com.br\/index.php\/wp-json\/wp\/v2\/comments?post=24661"}],"version-history":[{"count":1,"href":"https:\/\/noticiasnoface.com.br\/index.php\/wp-json\/wp\/v2\/posts\/24661\/revisions"}],"predecessor-version":[{"id":24662,"href":"https:\/\/noticiasnoface.com.br\/index.php\/wp-json\/wp\/v2\/posts\/24661\/revisions\/24662"}],"wp:attachment":[{"href":"https:\/\/noticiasnoface.com.br\/index.php\/wp-json\/wp\/v2\/media?parent=24661"}],"wp:term":[{"taxonomy":"category","embeddable":true,"href":"https:\/\/noticiasnoface.com.br\/index.php\/wp-json\/wp\/v2\/categories?post=24661"},{"taxonomy":"post_tag","embeddable":true,"href":"https:\/\/noticiasnoface.com.br\/index.php\/wp-json\/wp\/v2\/tags?post=24661"}],"curies":[{"name":"wp","href":"https:\/\/api.w.org\/{rel}","templated":true}]}}