{"id":24669,"date":"2024-06-26T22:41:40","date_gmt":"2024-06-27T01:41:40","guid":{"rendered":"https:\/\/noticiasnoface.com.br\/?p=24669"},"modified":"2024-06-26T22:41:40","modified_gmt":"2024-06-27T01:41:40","slug":"camara-de-parnamirim-realizara-sessao-solene-em-homenagem-ao-dia-da-marinha","status":"publish","type":"post","link":"https:\/\/noticiasnoface.com.br\/index.php\/2024\/06\/26\/camara-de-parnamirim-realizara-sessao-solene-em-homenagem-ao-dia-da-marinha\/","title":{"rendered":"C\u00e2mara de Parnamirim realizar\u00e1 Sess\u00e3o Solene em Homenagem ao Dia da Marinha"},"content":{"rendered":"\n<figure class=\"wp-block-image size-large\"><img data-opt-id=1685933265  fetchpriority=\"high\" decoding=\"async\" width=\"200\" height=\"200\" src=\"https:\/\/mlbfrsat7ahr.i.optimole.com\/w:auto\/h:auto\/q:mauto\/ig:avif\/https:\/\/noticiasnoface.com.br\/wp-content\/uploads\/2024\/06\/img_7492-1.png\" class=\"wp-image-24668\" srcset=\"https:\/\/mlbfrsat7ahr.i.optimole.com\/w:200\/h:200\/q:mauto\/ig:avif\/https:\/\/noticiasnoface.com.br\/wp-content\/uploads\/2024\/06\/img_7492-1.png 200w, https:\/\/mlbfrsat7ahr.i.optimole.com\/w:150\/h:150\/q:mauto\/ig:avif\/https:\/\/noticiasnoface.com.br\/wp-content\/uploads\/2024\/06\/img_7492-1.png 150w\" sizes=\"(max-width: 200px) 100vw, 200px\" \/><\/figure>\n\n\n\n<!--more-->\n\n\n\n<p>Por autoria do parlamentar Gabriel C\u00e9sar, ser\u00e1 realizada uma Sess\u00e3o Solene na C\u00e2mara Municipal de Parnamirim, em homenagem ao Dia da Marinha. A celebra\u00e7\u00e3o ocorrer\u00e1, nesta quinta-feira (27), \u00e0s 18:30, no Plen\u00e1rio Dr. M\u00e1rio Medeiros.&nbsp;<\/p>\n\n\n\n<p><strong>Hist\u00f3ria<\/strong><\/p>\n\n\n\n<p>No dia 11 de Junho \u00e9 comemorado o Dia da Marinha no Brasil, em raz\u00e3o da Batalha do Riachuelo que ocorreu durante a Guerra do Paraguai, nesta mesma data, h\u00e1 59 anos. Essa batalha naval foi um dos momentos mais decisivos do conflito e \u00e9 considerada uma das maiores vit\u00f3rias da Marinha do Brasil.<\/p>\n\n\n\n<p>A celebra\u00e7\u00e3o desse dia visa honrar e reconhecer o papel da institui\u00e7\u00e3o na defesa e prote\u00e7\u00e3o das \u00e1guas territoriais brasileiras, al\u00e9m de homenagear os marinheiros e militares que servem nas for\u00e7as navais do pa\u00eds. A Marinha constitui uma das tr\u00eas principais institui\u00e7\u00f5es militares que comp\u00f5em as For\u00e7as Armadas Brasileiras.<\/p>\n","protected":false},"excerpt":{"rendered":"","protected":false},"author":1,"featured_media":0,"comment_status":"closed","ping_status":"open","sticky":false,"template":"","format":"image","meta":{"site-sidebar-layout":"default","site-content-layout":"","ast-site-content-layout":"default","site-content-style":"default","site-sidebar-style":"default","ast-global-header-display":"","ast-banner-title-visibility":"","ast-main-header-display":"","ast-hfb-above-header-display":"","ast-hfb-below-header-display":"","ast-hfb-mobile-header-display":"","site-post-title":"","ast-breadcrumbs-content":"","ast-featured-img":"","footer-sml-layout":"","ast-disable-related-posts":"","theme-transparent-header-meta":"","adv-header-id-meta":"","stick-header-meta":"","header-above-stick-meta":"","header-main-stick-meta":"","header-below-stick-meta":"","astra-migrate-meta-layouts":"default","ast-page-background-enabled":"default","ast-page-background-meta":{"desktop":{"background-color":"var(--ast-global-color-4)","background-image":"","background-repeat":"repeat","background-position":"center center","background-size":"auto","background-attachment":"scroll","background-type":"","background-media":"","overlay-type":"","overlay-color":"","overlay-opacity":"","overlay-gradient":""},"tablet":{"background-color":"","background-image":"","background-repeat":"repeat","background-position":"center center","background-size":"auto","background-attachment":"scroll","background-type":"","background-media":"","overlay-type":"","overlay-color":"","overlay-opacity":"","overlay-gradient":""},"mobile":{"background-color":"","background-image":"","background-repeat":"repeat","background-position":"center center","background-size":"auto","background-attachment":"scroll","background-type":"","background-media":"","overlay-type":"","overlay-color":"","overlay-opacity":"","overlay-gradient":""}},"ast-content-background-meta":{"desktop":{"background-color":"var(--ast-global-color-5)","background-image":"","background-repeat":"repeat","background-position":"center center","background-size":"auto","background-attachment":"scroll","background-type":"","background-media":"","overlay-type":"","overlay-color":"","overlay-opacity":"","overlay-gradient":""},"tablet":{"background-color":"var(--ast-global-color-5)","background-image":"","background-repeat":"repeat","background-position":"center center","background-size":"auto","background-attachment":"scroll","background-type":"","background-media":"","overlay-type":"","overlay-color":"","overlay-opacity":"","overlay-gradient":""},"mobile":{"background-color":"var(--ast-global-color-5)","background-image":"","background-repeat":"repeat","background-position":"center center","background-size":"auto","background-attachment":"scroll","background-type":"","background-media":"","overlay-type":"","overlay-color":"","overlay-opacity":"","overlay-gradient":""}},"footnotes":""},"categories":[517],"tags":[],"class_list":["post-24669","post","type-post","status-publish","format-image","hentry","category-aconteceu","post_format-post-format-image"],"_links":{"self":[{"href":"https:\/\/noticiasnoface.com.br\/index.php\/wp-json\/wp\/v2\/posts\/24669","targetHints":{"allow":["GET"]}}],"collection":[{"href":"https:\/\/noticiasnoface.com.br\/index.php\/wp-json\/wp\/v2\/posts"}],"about":[{"href":"https:\/\/noticiasnoface.com.br\/index.php\/wp-json\/wp\/v2\/types\/post"}],"author":[{"embeddable":true,"href":"https:\/\/noticiasnoface.com.br\/index.php\/wp-json\/wp\/v2\/users\/1"}],"replies":[{"embeddable":true,"href":"https:\/\/noticiasnoface.com.br\/index.php\/wp-json\/wp\/v2\/comments?post=24669"}],"version-history":[{"count":1,"href":"https:\/\/noticiasnoface.com.br\/index.php\/wp-json\/wp\/v2\/posts\/24669\/revisions"}],"predecessor-version":[{"id":24670,"href":"https:\/\/noticiasnoface.com.br\/index.php\/wp-json\/wp\/v2\/posts\/24669\/revisions\/24670"}],"wp:attachment":[{"href":"https:\/\/noticiasnoface.com.br\/index.php\/wp-json\/wp\/v2\/media?parent=24669"}],"wp:term":[{"taxonomy":"category","embeddable":true,"href":"https:\/\/noticiasnoface.com.br\/index.php\/wp-json\/wp\/v2\/categories?post=24669"},{"taxonomy":"post_tag","embeddable":true,"href":"https:\/\/noticiasnoface.com.br\/index.php\/wp-json\/wp\/v2\/tags?post=24669"}],"curies":[{"name":"wp","href":"https:\/\/api.w.org\/{rel}","templated":true}]}}