{"id":24675,"date":"2024-06-27T22:03:22","date_gmt":"2024-06-28T01:03:22","guid":{"rendered":"https:\/\/noticiasnoface.com.br\/?p=24675"},"modified":"2024-06-27T22:03:22","modified_gmt":"2024-06-28T01:03:22","slug":"plano-de-cargos-e-salarios-da-vigilancia-sanitaria-de-natal-e-aprovado-na-camara","status":"publish","type":"post","link":"https:\/\/noticiasnoface.com.br\/index.php\/2024\/06\/27\/plano-de-cargos-e-salarios-da-vigilancia-sanitaria-de-natal-e-aprovado-na-camara\/","title":{"rendered":"Plano de Cargos e Sal\u00e1rios da Vigil\u00e2ncia Sanit\u00e1ria de Natal \u00e9 aprovado na C\u00e2mara"},"content":{"rendered":"\n<figure class=\"wp-block-image size-large\"><img data-opt-id=2103947831  fetchpriority=\"high\" decoding=\"async\" width=\"1024\" height=\"626\" src=\"https:\/\/mlbfrsat7ahr.i.optimole.com\/w:1024\/h:626\/q:mauto\/ig:avif\/https:\/\/noticiasnoface.com.br\/wp-content\/uploads\/2024\/06\/img_7564-1.jpg\" class=\"wp-image-24674\" srcset=\"https:\/\/mlbfrsat7ahr.i.optimole.com\/w:1024\/h:626\/q:mauto\/ig:avif\/https:\/\/noticiasnoface.com.br\/wp-content\/uploads\/2024\/06\/img_7564-1.jpg 1024w, https:\/\/mlbfrsat7ahr.i.optimole.com\/w:300\/h:183\/q:mauto\/ig:avif\/https:\/\/noticiasnoface.com.br\/wp-content\/uploads\/2024\/06\/img_7564-1.jpg 300w, https:\/\/mlbfrsat7ahr.i.optimole.com\/w:768\/h:469\/q:mauto\/ig:avif\/https:\/\/noticiasnoface.com.br\/wp-content\/uploads\/2024\/06\/img_7564-1.jpg 768w, https:\/\/mlbfrsat7ahr.i.optimole.com\/w:1280\/h:782\/q:mauto\/ig:avif\/https:\/\/noticiasnoface.com.br\/wp-content\/uploads\/2024\/06\/img_7564-1.jpg 1280w\" sizes=\"(max-width: 1000px) 100vw, 1000px\" \/><\/figure>\n\n\n\n<!--more-->\n\n\n\n<p><br class=\"Apple-interchange-newline\" \/>A C\u00e2mara Municipal de Natal aprovou, na sess\u00e3o ordin\u00e1ria desta quinta-feira (27), o Projeto de Lei n\u00ba 408\/2024, de autoria do Chefe do Executivo municipal, que institui o Plano de Cargos, Carreiras e Sal\u00e1rios dos servidores efetivos do setor de Vigil\u00e2ncia Sanit\u00e1ria da Secretaria Municipal de Sa\u00fade (SMS). Na pauta tamb\u00e9m estava a proposta que reorganiza o Regime Pr\u00f3prio de Previd\u00eancia Social dos Servidores P\u00fablicos.<\/p>\n\n\n\n<p>O vice-l\u00edder da base governista, vereador Raniere Barbosa (Uni\u00e3o Brasil) destacou que a aprova\u00e7\u00e3o do Plano \u00e9 uma forma de valoriza\u00e7\u00e3o dos profissionais que atuam no setor. &#8220;O Executivo faz um avan\u00e7o para a estrutura operacional da vigil\u00e2ncia sanit\u00e1ria, que precisa ser ampliada e a cada dia ter profissionais qualificados e motivados para poder atender as demandas do nosso munic\u00edpio&#8221;, declarou.<\/p>\n\n\n\n<p>Os trabalhadores beneficiados pelo projeto acompanharam a vota\u00e7\u00e3o e comemoraram o resultado. O presidente do Sindicato dos Servidores do Munic\u00edpio (Sinsenat), Marcone Ol\u00edmpio, ressaltou que o Plano valoriza o servidor e impacta na melhoria do atendimento \u00e0 popula\u00e7\u00e3o. &#8220;Traz um reconhecimento, especialmente financeiro, para servidores t\u00e3o importantes, que tratam das libera\u00e7\u00f5es, seja de farm\u00e1cia, de cl\u00ednica, de hospitais, de qualquer licen\u00e7a voltada para a sa\u00fade. \u00c9 importante e certamente vai melhorar o trabalho de todos os servidores da Vigil\u00e2ncia para toda a popula\u00e7\u00e3o&#8221;, disse ele.<\/p>\n\n\n\n<p>Na sess\u00e3o, os parlamentares discutiram sobre o pedido de urg\u00eancia para vota\u00e7\u00e3o do Projeto de Lei Complementar 08\/2024, de autoria do Chefe do Executivo. A mat\u00e9ria reorganiza o Regime Pr\u00f3prio de Previd\u00eancia Social dos Servidores P\u00fablicos do Munic\u00edpio do Natal, mas foi retirada de pauta.<\/p>\n\n\n\n<p>Texto: Cl\u00e1udio Oliveira<\/p>\n\n\n\n<p>Fotos: Ver\u00f4nica Macedo<\/p>\n\n\n\n<p><\/p>\n","protected":false},"excerpt":{"rendered":"","protected":false},"author":1,"featured_media":0,"comment_status":"closed","ping_status":"open","sticky":false,"template":"","format":"image","meta":{"site-sidebar-layout":"default","site-content-layout":"","ast-site-content-layout":"default","site-content-style":"default","site-sidebar-style":"default","ast-global-header-display":"","ast-banner-title-visibility":"","ast-main-header-display":"","ast-hfb-above-header-display":"","ast-hfb-below-header-display":"","ast-hfb-mobile-header-display":"","site-post-title":"","ast-breadcrumbs-content":"","ast-featured-img":"","footer-sml-layout":"","ast-disable-related-posts":"","theme-transparent-header-meta":"","adv-header-id-meta":"","stick-header-meta":"","header-above-stick-meta":"","header-main-stick-meta":"","header-below-stick-meta":"","astra-migrate-meta-layouts":"default","ast-page-background-enabled":"default","ast-page-background-meta":{"desktop":{"background-color":"var(--ast-global-color-4)","background-image":"","background-repeat":"repeat","background-position":"center center","background-size":"auto","background-attachment":"scroll","background-type":"","background-media":"","overlay-type":"","overlay-color":"","overlay-opacity":"","overlay-gradient":""},"tablet":{"background-color":"","background-image":"","background-repeat":"repeat","background-position":"center center","background-size":"auto","background-attachment":"scroll","background-type":"","background-media":"","overlay-type":"","overlay-color":"","overlay-opacity":"","overlay-gradient":""},"mobile":{"background-color":"","background-image":"","background-repeat":"repeat","background-position":"center center","background-size":"auto","background-attachment":"scroll","background-type":"","background-media":"","overlay-type":"","overlay-color":"","overlay-opacity":"","overlay-gradient":""}},"ast-content-background-meta":{"desktop":{"background-color":"var(--ast-global-color-5)","background-image":"","background-repeat":"repeat","background-position":"center center","background-size":"auto","background-attachment":"scroll","background-type":"","background-media":"","overlay-type":"","overlay-color":"","overlay-opacity":"","overlay-gradient":""},"tablet":{"background-color":"var(--ast-global-color-5)","background-image":"","background-repeat":"repeat","background-position":"center center","background-size":"auto","background-attachment":"scroll","background-type":"","background-media":"","overlay-type":"","overlay-color":"","overlay-opacity":"","overlay-gradient":""},"mobile":{"background-color":"var(--ast-global-color-5)","background-image":"","background-repeat":"repeat","background-position":"center center","background-size":"auto","background-attachment":"scroll","background-type":"","background-media":"","overlay-type":"","overlay-color":"","overlay-opacity":"","overlay-gradient":""}},"footnotes":""},"categories":[517],"tags":[],"class_list":["post-24675","post","type-post","status-publish","format-image","hentry","category-aconteceu","post_format-post-format-image"],"_links":{"self":[{"href":"https:\/\/noticiasnoface.com.br\/index.php\/wp-json\/wp\/v2\/posts\/24675","targetHints":{"allow":["GET"]}}],"collection":[{"href":"https:\/\/noticiasnoface.com.br\/index.php\/wp-json\/wp\/v2\/posts"}],"about":[{"href":"https:\/\/noticiasnoface.com.br\/index.php\/wp-json\/wp\/v2\/types\/post"}],"author":[{"embeddable":true,"href":"https:\/\/noticiasnoface.com.br\/index.php\/wp-json\/wp\/v2\/users\/1"}],"replies":[{"embeddable":true,"href":"https:\/\/noticiasnoface.com.br\/index.php\/wp-json\/wp\/v2\/comments?post=24675"}],"version-history":[{"count":1,"href":"https:\/\/noticiasnoface.com.br\/index.php\/wp-json\/wp\/v2\/posts\/24675\/revisions"}],"predecessor-version":[{"id":24676,"href":"https:\/\/noticiasnoface.com.br\/index.php\/wp-json\/wp\/v2\/posts\/24675\/revisions\/24676"}],"wp:attachment":[{"href":"https:\/\/noticiasnoface.com.br\/index.php\/wp-json\/wp\/v2\/media?parent=24675"}],"wp:term":[{"taxonomy":"category","embeddable":true,"href":"https:\/\/noticiasnoface.com.br\/index.php\/wp-json\/wp\/v2\/categories?post=24675"},{"taxonomy":"post_tag","embeddable":true,"href":"https:\/\/noticiasnoface.com.br\/index.php\/wp-json\/wp\/v2\/tags?post=24675"}],"curies":[{"name":"wp","href":"https:\/\/api.w.org\/{rel}","templated":true}]}}