{"id":24684,"date":"2024-06-28T11:04:24","date_gmt":"2024-06-28T14:04:24","guid":{"rendered":"https:\/\/noticiasnoface.com.br\/?p=24684"},"modified":"2024-06-28T11:04:24","modified_gmt":"2024-06-28T14:04:24","slug":"desempregado-recebe-autorizacao-de-saque-no-valor-de-r-540","status":"publish","type":"post","link":"https:\/\/noticiasnoface.com.br\/index.php\/2024\/06\/28\/desempregado-recebe-autorizacao-de-saque-no-valor-de-r-540\/","title":{"rendered":"Desempregado recebe AUTORIZA\u00c7\u00c3O de saque no valor de R$ 540"},"content":{"rendered":"\n<figure class=\"wp-block-image size-large\"><img data-opt-id=1831074749  fetchpriority=\"high\" decoding=\"async\" width=\"1024\" height=\"555\" src=\"https:\/\/mlbfrsat7ahr.i.optimole.com\/w:1024\/h:555\/q:mauto\/ig:avif\/https:\/\/noticiasnoface.com.br\/wp-content\/uploads\/2024\/06\/img_7597-1.jpg\" class=\"wp-image-24683\" srcset=\"https:\/\/mlbfrsat7ahr.i.optimole.com\/w:1024\/h:555\/q:mauto\/ig:avif\/https:\/\/noticiasnoface.com.br\/wp-content\/uploads\/2024\/06\/img_7597-1.jpg 1024w, https:\/\/mlbfrsat7ahr.i.optimole.com\/w:300\/h:163\/q:mauto\/ig:avif\/https:\/\/noticiasnoface.com.br\/wp-content\/uploads\/2024\/06\/img_7597-1.jpg 300w, https:\/\/mlbfrsat7ahr.i.optimole.com\/w:768\/h:416\/q:mauto\/ig:avif\/https:\/\/noticiasnoface.com.br\/wp-content\/uploads\/2024\/06\/img_7597-1.jpg 768w, https:\/\/mlbfrsat7ahr.i.optimole.com\/w:1200\/h:650\/q:mauto\/ig:avif\/https:\/\/noticiasnoface.com.br\/wp-content\/uploads\/2024\/06\/img_7597-1.jpg 1200w\" sizes=\"(max-width: 1000px) 100vw, 1000px\" \/><\/figure>\n\n\n\n<!--more-->\n\n\n\n<p>Um&nbsp;<strong>aux\u00edlio de R$ 540<\/strong>&nbsp;foi criado para atender justamente as pessoas que est\u00e3o desempregadas, mas que j\u00e1&nbsp;<strong>n\u00e3o t\u00eam direito ao seguro-desemprego.<\/strong>&nbsp;O benef\u00edcio visa inclui-las de volta ao mercado de trabalho,&nbsp;<strong>aumentar sua experi\u00eancia curricular<\/strong>&nbsp;e ainda garantir vantagens.&nbsp;<\/p>\n\n\n\n<figure class=\"wp-block-image\"><img data-opt-id=521824630  fetchpriority=\"high\" decoding=\"async\" src=\"https:\/\/fdr.com.br\/wp-content\/uploads\/2024\/03\/carteira-de-trabalho-fdr-empregos-1.jpg\" alt=\"desempregados\"\/><figcaption class=\"wp-element-caption\">Desempregado recebe AUTORIZA\u00c7\u00c3O de saque no valor de R$ 540<br \/>(Foto: FDR)<\/figcaption><\/figure>\n\n\n\n<p>O aux\u00edlio de R$ 540 em quest\u00e3o \u00e9 relativo ao&nbsp;<a href=\"https:\/\/fdr.com.br\/2024\/06\/21\/bolsa-trabalho-ajuda-desempregados-brasileiros-com-novos-pagamentos-na-conta\/amp\/\" target=\"_blank\" rel=\"noopener\"><strong>Bolsa Trabalho<\/strong><\/a>, um tipo de benef\u00edcio concedido pelo&nbsp;<strong>programa Bolsa do Povo criado no estado de S\u00e3o Paulo.&nbsp;<\/strong>Por meio dele, pessoas que est\u00e3o desempregadas s\u00e3o admitidas para trabalharem em \u00f3rg\u00e3os p\u00fablicos municipais.&nbsp;<\/p>\n\n\n\n<p>\u00daltimas not\u00edcias<\/p>\n\n\n\n<p><a href=\"https:\/\/fdr.com.br\/2024\/06\/28\/cuidado-erros-no-seu-cadastro-podem-bloquear-r-51-mil-liberados-pelo-governo\/?utm_source=internal&amp;utm_medium=related&amp;utm_campaign=related_posts&amp;utm_content=p3&amp;amp\" target=\"_blank\" rel=\"noopener\">Cuidado! Erros no seu cadastro podem bloquear R$ 5,1 mil liberados pelo governo<\/a><\/p>\n\n\n\n<h2 class=\"wp-block-heading clear\">Quem pode receber aux\u00edlio de R$ 540 no Bolsa Trabalho?<\/h2>\n\n\n\n<p>O benef\u00edcio n\u00e3o \u00e9 concedido a qualquer&nbsp;<a href=\"https:\/\/fdr.com.br\/direitos-beneficios\/seguro-desemprego\/?amp\" target=\"_blank\" rel=\"noopener\">cidad\u00e3o desempregado<\/a>. Na verdade, o<strong>&nbsp;aux\u00edlio \u00e9 a remunera\u00e7\u00e3o do trabalhador<\/strong>&nbsp;que ser\u00e1 admitido em uma das \u00e1reas p\u00fablicas da sua cidade. Como: escolas, creches, secretarias, centros esportivos, postos de sa\u00fade, e etc.&nbsp;<\/p>\n\n\n\n<p>Os paulistas s\u00e3o contratados para atua\u00e7\u00e3o em<strong>fun\u00e7\u00f5es como ajudante de servi\u00e7os gerais, faxineiro (a), zelador&nbsp;<\/strong>e outros. N\u00e3o \u00e9 lhe passada nenhuma fun\u00e7\u00e3o administrativa, de contabilidade ou que exija curso superior.&nbsp;<\/p>\n\n\n\n<p>Poder\u00e3o conseguir uma vaga aqueles que:<\/p>\n\n\n\n<ul class=\"wp-block-list\">\n<li>Est\u00e3o inscritos no Cadastro \u00danico;<\/li>\n\n\n\n<li>Possu\u00ed renda familiar de no m\u00e1ximo meio sal\u00e1rio m\u00ednimo por pessoa;<\/li>\n\n\n\n<li>Est\u00e1 desempregado h\u00e1 mais de um ano;<\/li>\n\n\n\n<li>N\u00e3o est\u00e1 recebendo seguro-desemprego ou similar.\u00a0<\/li>\n<\/ul>\n\n\n\n<p>Eu listei todos os benef\u00edcios do programa Bolsa do Povo, confira&nbsp;<a href=\"https:\/\/fdr.com.br\/2024\/04\/09\/beneficios-alem-do-auxilio-de-r-540-conheca-o-programa-bolsa-do-povo-em-sp\/amp\/\" target=\"_blank\" rel=\"noopener\"><em>por aqui<\/em><\/a>.<\/p>\n\n\n\n<h2 class=\"wp-block-heading clear\">Inscri\u00e7\u00f5es no programa Bolsa Trabalho em S\u00e3o Paulo<\/h2>\n\n\n\n<p>O&nbsp;<strong><a href=\"https:\/\/fdr.com.br\/2023\/12\/25\/bolsa-do-povo-2024-pagara-valor-mensal-de-ate-r-2-400-inscricoes-estao-abertas\/amp\/\" target=\"_blank\" rel=\"noopener\">programa Bolsa Trabalho<\/a>&nbsp;n\u00e3o est\u00e1 com inscri\u00e7\u00f5es abertas<\/strong>&nbsp;atualmente. Ele foi criado no per\u00edodo p\u00f3s pandemia, a fim de inserir o p\u00fablico desempregado no mercado de trabalho e elevar a sua renda. A partir disso, aumentou o n\u00edvel de experi\u00eancia desse grupo.<\/p>\n\n\n\n<p>O pagamento do aux\u00edlio de R$ 540 era feito por meio do&nbsp;<strong>cart\u00e3o Bolsa do Povo,<\/strong>&nbsp;com dep\u00f3sito mensal e de&nbsp;<strong>no m\u00e1ximo quatro meses<\/strong>. Para acompanhar as pr\u00f3ximas vagas dispon\u00edveis no benef\u00edcio, e verificar se na sua cidade h\u00e1 inscri\u00e7\u00f5es abertas, basta:<\/p>\n\n\n\n<ul class=\"wp-block-list\">\n<li>Acessar o\u00a0<a href=\"https:\/\/www.bolsadopovo.sp.gov.br\/\" target=\"_blank\" rel=\"noreferrer noopener\">site do Bolsa do Povo<\/a>;<\/li>\n\n\n\n<li>Clicar em \u201cBolsa do Trabalho\u201d;<\/li>\n\n\n\n<li>Selecionar \u201cEntrar\u201d e fazer login pelo Gov.br.\u00a0<\/li>\n<\/ul>\n","protected":false},"excerpt":{"rendered":"","protected":false},"author":1,"featured_media":0,"comment_status":"closed","ping_status":"open","sticky":false,"template":"","format":"image","meta":{"site-sidebar-layout":"default","site-content-layout":"","ast-site-content-layout":"default","site-content-style":"default","site-sidebar-style":"default","ast-global-header-display":"","ast-banner-title-visibility":"","ast-main-header-display":"","ast-hfb-above-header-display":"","ast-hfb-below-header-display":"","ast-hfb-mobile-header-display":"","site-post-title":"","ast-breadcrumbs-content":"","ast-featured-img":"","footer-sml-layout":"","ast-disable-related-posts":"","theme-transparent-header-meta":"","adv-header-id-meta":"","stick-header-meta":"","header-above-stick-meta":"","header-main-stick-meta":"","header-below-stick-meta":"","astra-migrate-meta-layouts":"default","ast-page-background-enabled":"default","ast-page-background-meta":{"desktop":{"background-color":"var(--ast-global-color-4)","background-image":"","background-repeat":"repeat","background-position":"center center","background-size":"auto","background-attachment":"scroll","background-type":"","background-media":"","overlay-type":"","overlay-color":"","overlay-opacity":"","overlay-gradient":""},"tablet":{"background-color":"","background-image":"","background-repeat":"repeat","background-position":"center center","background-size":"auto","background-attachment":"scroll","background-type":"","background-media":"","overlay-type":"","overlay-color":"","overlay-opacity":"","overlay-gradient":""},"mobile":{"background-color":"","background-image":"","background-repeat":"repeat","background-position":"center center","background-size":"auto","background-attachment":"scroll","background-type":"","background-media":"","overlay-type":"","overlay-color":"","overlay-opacity":"","overlay-gradient":""}},"ast-content-background-meta":{"desktop":{"background-color":"var(--ast-global-color-5)","background-image":"","background-repeat":"repeat","background-position":"center center","background-size":"auto","background-attachment":"scroll","background-type":"","background-media":"","overlay-type":"","overlay-color":"","overlay-opacity":"","overlay-gradient":""},"tablet":{"background-color":"var(--ast-global-color-5)","background-image":"","background-repeat":"repeat","background-position":"center center","background-size":"auto","background-attachment":"scroll","background-type":"","background-media":"","overlay-type":"","overlay-color":"","overlay-opacity":"","overlay-gradient":""},"mobile":{"background-color":"var(--ast-global-color-5)","background-image":"","background-repeat":"repeat","background-position":"center center","background-size":"auto","background-attachment":"scroll","background-type":"","background-media":"","overlay-type":"","overlay-color":"","overlay-opacity":"","overlay-gradient":""}},"footnotes":""},"categories":[517],"tags":[],"class_list":["post-24684","post","type-post","status-publish","format-image","hentry","category-aconteceu","post_format-post-format-image"],"_links":{"self":[{"href":"https:\/\/noticiasnoface.com.br\/index.php\/wp-json\/wp\/v2\/posts\/24684","targetHints":{"allow":["GET"]}}],"collection":[{"href":"https:\/\/noticiasnoface.com.br\/index.php\/wp-json\/wp\/v2\/posts"}],"about":[{"href":"https:\/\/noticiasnoface.com.br\/index.php\/wp-json\/wp\/v2\/types\/post"}],"author":[{"embeddable":true,"href":"https:\/\/noticiasnoface.com.br\/index.php\/wp-json\/wp\/v2\/users\/1"}],"replies":[{"embeddable":true,"href":"https:\/\/noticiasnoface.com.br\/index.php\/wp-json\/wp\/v2\/comments?post=24684"}],"version-history":[{"count":1,"href":"https:\/\/noticiasnoface.com.br\/index.php\/wp-json\/wp\/v2\/posts\/24684\/revisions"}],"predecessor-version":[{"id":24685,"href":"https:\/\/noticiasnoface.com.br\/index.php\/wp-json\/wp\/v2\/posts\/24684\/revisions\/24685"}],"wp:attachment":[{"href":"https:\/\/noticiasnoface.com.br\/index.php\/wp-json\/wp\/v2\/media?parent=24684"}],"wp:term":[{"taxonomy":"category","embeddable":true,"href":"https:\/\/noticiasnoface.com.br\/index.php\/wp-json\/wp\/v2\/categories?post=24684"},{"taxonomy":"post_tag","embeddable":true,"href":"https:\/\/noticiasnoface.com.br\/index.php\/wp-json\/wp\/v2\/tags?post=24684"}],"curies":[{"name":"wp","href":"https:\/\/api.w.org\/{rel}","templated":true}]}}