{"id":24692,"date":"2024-06-28T22:52:11","date_gmt":"2024-06-29T01:52:11","guid":{"rendered":"https:\/\/noticiasnoface.com.br\/?p=24692"},"modified":"2024-06-28T22:52:11","modified_gmt":"2024-06-29T01:52:11","slug":"camara-de-natal-celebra-dia-internacional-do-orgulho-lgbtqia-em-audiencia","status":"publish","type":"post","link":"https:\/\/noticiasnoface.com.br\/index.php\/2024\/06\/28\/camara-de-natal-celebra-dia-internacional-do-orgulho-lgbtqia-em-audiencia\/","title":{"rendered":"C\u00e2mara de Natal celebra Dia Internacional do Orgulho LGBTQIA+ em audi\u00eancia"},"content":{"rendered":"\n<figure class=\"wp-block-image size-large\"><img data-opt-id=1745526743  fetchpriority=\"high\" decoding=\"async\" width=\"1024\" height=\"646\" src=\"https:\/\/mlbfrsat7ahr.i.optimole.com\/w:1024\/h:646\/q:mauto\/ig:avif\/https:\/\/noticiasnoface.com.br\/wp-content\/uploads\/2024\/06\/img_7622-1.jpg\" class=\"wp-image-24691\" srcset=\"https:\/\/mlbfrsat7ahr.i.optimole.com\/w:1024\/h:646\/q:mauto\/ig:avif\/https:\/\/noticiasnoface.com.br\/wp-content\/uploads\/2024\/06\/img_7622-1.jpg 1024w, https:\/\/mlbfrsat7ahr.i.optimole.com\/w:300\/h:189\/q:mauto\/ig:avif\/https:\/\/noticiasnoface.com.br\/wp-content\/uploads\/2024\/06\/img_7622-1.jpg 300w, https:\/\/mlbfrsat7ahr.i.optimole.com\/w:768\/h:485\/q:mauto\/ig:avif\/https:\/\/noticiasnoface.com.br\/wp-content\/uploads\/2024\/06\/img_7622-1.jpg 768w, https:\/\/mlbfrsat7ahr.i.optimole.com\/w:1536\/h:970\/q:mauto\/ig:avif\/https:\/\/noticiasnoface.com.br\/wp-content\/uploads\/2024\/06\/img_7622-1.jpg 1536w, https:\/\/mlbfrsat7ahr.i.optimole.com\/w:1600\/h:1010\/q:mauto\/ig:avif\/https:\/\/noticiasnoface.com.br\/wp-content\/uploads\/2024\/06\/img_7622-1.jpg 1600w\" sizes=\"(max-width: 1000px) 100vw, 1000px\" \/><\/figure>\n\n\n\n<!--more-->\n\n\n\n<p>Por iniciativa da Frente Parlamentar de Promo\u00e7\u00e3o e Defesa da Cidadania LGBTI+, foi realizada na C\u00e2mara Municipal de Natal, nesta sexta-feira (28), uma audi\u00eancia p\u00fablica com o tema: \u201cDo nacional ao local: A constru\u00e7\u00e3o de Pol\u00edticas LGBTI+ e o avan\u00e7o do conservadorismo\u201d. O evento foi em alus\u00e3o ao Dia Internacional do Orgulho LGBTQIA+, celebrado tamb\u00e9m neste 28 de junho.<\/p>\n\n\n\n<p>A audi\u00eancia teve como objetivo compreender o tema a partir do enfrentamento \u00e0 LGBTIfobia e a inser\u00e7\u00e3o da popula\u00e7\u00e3o no mercado de trabalho. O evento contou com a participa\u00e7\u00e3o da sociedade civil organizada, \u00f3rg\u00e3os p\u00fablicos e entidades vinculadas \u00e0 pauta.&nbsp;<\/p>\n\n\n\n<p>Os debatedores fizeram diversos depoimentos de como a popula\u00e7\u00e3o LGBTI+ enfrenta situa\u00e7\u00f5es de preconceito, viol\u00eancia, agress\u00e3o e de todas as dificuldades enfrentadas, expondo assim as demandas de quem enfrenta na pele esses problemas no dia a dia.<\/p>\n\n\n\n<p>&#8220;Essa audi\u00eancia \u00e9 muito importante porque \u00e9 um momento de reafirmar a diversidade e a toler\u00e2ncia que a nossa Constitui\u00e7\u00e3o se fundamenta na defesa da dignidade humana e consequentemente todas as pessoas s\u00e3o obrigadas a respeitar. Aquelas que n\u00e3o respeitam, v\u00e3o ter que responder perante o Estado pelos crimes que da\u00ed advierem\u201d, destacou o vereador Daniel Valen\u00e7a (PT).<\/p>\n\n\n\n<p>J\u00e1 a vereadora Brisa Bracchi fez uma fala ressaltando a import\u00e2ncia das pol\u00edticas p\u00fablicas no sentido de garantir direitos civilizat\u00f3rios.&nbsp;<\/p>\n\n\n\n<p>\u201cMediante pol\u00edticas p\u00fablicas, podemos justamente garantir que todas as pessoas tenham os seus direitos civilizat\u00f3rios garantidos dentro desse estado democr\u00e1tico de direitos. Ent\u00e3o, viva o nosso orgulho! E sim, vamos continuar colorindo, como a gente fala, a C\u00e2mara Municipal de Natal, assim como todos os espa\u00e7os, e seguir tendo orgulho de ser quem somos\u201d, falou a vereadora.<\/p>\n\n\n\n<p>Texto: Phablo Galv\u00e3o&nbsp;<br>Fotos: Franscisco de Assis<\/p>\n","protected":false},"excerpt":{"rendered":"","protected":false},"author":1,"featured_media":0,"comment_status":"closed","ping_status":"open","sticky":false,"template":"","format":"image","meta":{"site-sidebar-layout":"default","site-content-layout":"","ast-site-content-layout":"default","site-content-style":"default","site-sidebar-style":"default","ast-global-header-display":"","ast-banner-title-visibility":"","ast-main-header-display":"","ast-hfb-above-header-display":"","ast-hfb-below-header-display":"","ast-hfb-mobile-header-display":"","site-post-title":"","ast-breadcrumbs-content":"","ast-featured-img":"","footer-sml-layout":"","ast-disable-related-posts":"","theme-transparent-header-meta":"","adv-header-id-meta":"","stick-header-meta":"","header-above-stick-meta":"","header-main-stick-meta":"","header-below-stick-meta":"","astra-migrate-meta-layouts":"default","ast-page-background-enabled":"default","ast-page-background-meta":{"desktop":{"background-color":"var(--ast-global-color-4)","background-image":"","background-repeat":"repeat","background-position":"center center","background-size":"auto","background-attachment":"scroll","background-type":"","background-media":"","overlay-type":"","overlay-color":"","overlay-opacity":"","overlay-gradient":""},"tablet":{"background-color":"","background-image":"","background-repeat":"repeat","background-position":"center center","background-size":"auto","background-attachment":"scroll","background-type":"","background-media":"","overlay-type":"","overlay-color":"","overlay-opacity":"","overlay-gradient":""},"mobile":{"background-color":"","background-image":"","background-repeat":"repeat","background-position":"center center","background-size":"auto","background-attachment":"scroll","background-type":"","background-media":"","overlay-type":"","overlay-color":"","overlay-opacity":"","overlay-gradient":""}},"ast-content-background-meta":{"desktop":{"background-color":"var(--ast-global-color-5)","background-image":"","background-repeat":"repeat","background-position":"center center","background-size":"auto","background-attachment":"scroll","background-type":"","background-media":"","overlay-type":"","overlay-color":"","overlay-opacity":"","overlay-gradient":""},"tablet":{"background-color":"var(--ast-global-color-5)","background-image":"","background-repeat":"repeat","background-position":"center center","background-size":"auto","background-attachment":"scroll","background-type":"","background-media":"","overlay-type":"","overlay-color":"","overlay-opacity":"","overlay-gradient":""},"mobile":{"background-color":"var(--ast-global-color-5)","background-image":"","background-repeat":"repeat","background-position":"center center","background-size":"auto","background-attachment":"scroll","background-type":"","background-media":"","overlay-type":"","overlay-color":"","overlay-opacity":"","overlay-gradient":""}},"footnotes":""},"categories":[517],"tags":[],"class_list":["post-24692","post","type-post","status-publish","format-image","hentry","category-aconteceu","post_format-post-format-image"],"_links":{"self":[{"href":"https:\/\/noticiasnoface.com.br\/index.php\/wp-json\/wp\/v2\/posts\/24692","targetHints":{"allow":["GET"]}}],"collection":[{"href":"https:\/\/noticiasnoface.com.br\/index.php\/wp-json\/wp\/v2\/posts"}],"about":[{"href":"https:\/\/noticiasnoface.com.br\/index.php\/wp-json\/wp\/v2\/types\/post"}],"author":[{"embeddable":true,"href":"https:\/\/noticiasnoface.com.br\/index.php\/wp-json\/wp\/v2\/users\/1"}],"replies":[{"embeddable":true,"href":"https:\/\/noticiasnoface.com.br\/index.php\/wp-json\/wp\/v2\/comments?post=24692"}],"version-history":[{"count":1,"href":"https:\/\/noticiasnoface.com.br\/index.php\/wp-json\/wp\/v2\/posts\/24692\/revisions"}],"predecessor-version":[{"id":24693,"href":"https:\/\/noticiasnoface.com.br\/index.php\/wp-json\/wp\/v2\/posts\/24692\/revisions\/24693"}],"wp:attachment":[{"href":"https:\/\/noticiasnoface.com.br\/index.php\/wp-json\/wp\/v2\/media?parent=24692"}],"wp:term":[{"taxonomy":"category","embeddable":true,"href":"https:\/\/noticiasnoface.com.br\/index.php\/wp-json\/wp\/v2\/categories?post=24692"},{"taxonomy":"post_tag","embeddable":true,"href":"https:\/\/noticiasnoface.com.br\/index.php\/wp-json\/wp\/v2\/tags?post=24692"}],"curies":[{"name":"wp","href":"https:\/\/api.w.org\/{rel}","templated":true}]}}