{"id":24695,"date":"2024-06-28T22:53:32","date_gmt":"2024-06-29T01:53:32","guid":{"rendered":"https:\/\/noticiasnoface.com.br\/?p=24695"},"modified":"2024-06-28T22:53:32","modified_gmt":"2024-06-29T01:53:32","slug":"casa-legislativa-celebra-dia-da-marinha-em-solenidade","status":"publish","type":"post","link":"https:\/\/noticiasnoface.com.br\/index.php\/2024\/06\/28\/casa-legislativa-celebra-dia-da-marinha-em-solenidade\/","title":{"rendered":"Casa Legislativa celebra Dia da Marinha em solenidade"},"content":{"rendered":"\n<figure class=\"wp-block-image size-large\"><img data-opt-id=356352308  fetchpriority=\"high\" decoding=\"async\" width=\"1024\" height=\"683\" src=\"https:\/\/mlbfrsat7ahr.i.optimole.com\/w:1024\/h:683\/q:mauto\/ig:avif\/https:\/\/noticiasnoface.com.br\/wp-content\/uploads\/2024\/06\/img_7623-1.jpg\" class=\"wp-image-24694\" srcset=\"https:\/\/mlbfrsat7ahr.i.optimole.com\/w:1024\/h:683\/q:mauto\/ig:avif\/https:\/\/noticiasnoface.com.br\/wp-content\/uploads\/2024\/06\/img_7623-1-scaled.jpg 1024w, https:\/\/mlbfrsat7ahr.i.optimole.com\/w:300\/h:200\/q:mauto\/ig:avif\/https:\/\/noticiasnoface.com.br\/wp-content\/uploads\/2024\/06\/img_7623-1-scaled.jpg 300w, https:\/\/mlbfrsat7ahr.i.optimole.com\/w:768\/h:512\/q:mauto\/ig:avif\/https:\/\/noticiasnoface.com.br\/wp-content\/uploads\/2024\/06\/img_7623-1-scaled.jpg 768w, https:\/\/mlbfrsat7ahr.i.optimole.com\/w:1536\/h:1024\/q:mauto\/ig:avif\/https:\/\/noticiasnoface.com.br\/wp-content\/uploads\/2024\/06\/img_7623-1-scaled.jpg 1536w, https:\/\/mlbfrsat7ahr.i.optimole.com\/w:1620\/h:1080\/q:mauto\/ig:avif\/https:\/\/noticiasnoface.com.br\/wp-content\/uploads\/2024\/06\/img_7623-1-scaled.jpg 2048w\" sizes=\"(max-width: 1000px) 100vw, 1000px\" \/><\/figure>\n\n\n\n<!--more-->\n\n\n\n<p>Em alus\u00e3o ao Dia da Marinha, celebrado em 11 de junho, a C\u00e2mara de Parnamirim promoveu uma Sess\u00e3o Solene para comemorar esta data, na \u00faltima quinta-feira (28), por proposi\u00e7\u00e3o do vereador Gabriel C\u00e9sar.<\/p>\n\n\n\n<p>Realizado no Plen\u00e1rio Dr. M\u00e1rio Medeiros, a solenidade contou com a presen\u00e7a do parlamentar Gabriel C\u00e9sar e autoridades da Marinha. A mesa foi composta pelo vereador propositor; comandante da Esta\u00e7\u00e3o Radiogoniom\u00e9trica da Marinha em Natal, Capit\u00e3o de Coverta Vin\u00edcius Ferreira; e o Suboficial Luiz Ant\u00f4nio.<\/p>\n\n\n\n<figure class=\"wp-block-image\"><img data-opt-id=2013915260  fetchpriority=\"high\" decoding=\"async\" src=\"https:\/\/www.parnamirim.rn.leg.br\/IMG_4197.JPG\/@@images\/7a4b5c33-fc32-441a-9e2f-5543223a2a81.jpeg\" alt=\"\" title=\"\"\/><\/figure>\n\n\n\n<p>Durante a Sess\u00e3o Solene, o vereador Gabriel C\u00e9sar expressou a sua satisfa\u00e7\u00e3o em realizar essa homenagem \u00e0 Marinha Brasileira e prestou elogios ao trabalho realizado pela for\u00e7a naval.<\/p>\n","protected":false},"excerpt":{"rendered":"","protected":false},"author":1,"featured_media":0,"comment_status":"closed","ping_status":"open","sticky":false,"template":"","format":"image","meta":{"site-sidebar-layout":"default","site-content-layout":"","ast-site-content-layout":"default","site-content-style":"default","site-sidebar-style":"default","ast-global-header-display":"","ast-banner-title-visibility":"","ast-main-header-display":"","ast-hfb-above-header-display":"","ast-hfb-below-header-display":"","ast-hfb-mobile-header-display":"","site-post-title":"","ast-breadcrumbs-content":"","ast-featured-img":"","footer-sml-layout":"","ast-disable-related-posts":"","theme-transparent-header-meta":"","adv-header-id-meta":"","stick-header-meta":"","header-above-stick-meta":"","header-main-stick-meta":"","header-below-stick-meta":"","astra-migrate-meta-layouts":"default","ast-page-background-enabled":"default","ast-page-background-meta":{"desktop":{"background-color":"var(--ast-global-color-4)","background-image":"","background-repeat":"repeat","background-position":"center center","background-size":"auto","background-attachment":"scroll","background-type":"","background-media":"","overlay-type":"","overlay-color":"","overlay-opacity":"","overlay-gradient":""},"tablet":{"background-color":"","background-image":"","background-repeat":"repeat","background-position":"center center","background-size":"auto","background-attachment":"scroll","background-type":"","background-media":"","overlay-type":"","overlay-color":"","overlay-opacity":"","overlay-gradient":""},"mobile":{"background-color":"","background-image":"","background-repeat":"repeat","background-position":"center center","background-size":"auto","background-attachment":"scroll","background-type":"","background-media":"","overlay-type":"","overlay-color":"","overlay-opacity":"","overlay-gradient":""}},"ast-content-background-meta":{"desktop":{"background-color":"var(--ast-global-color-5)","background-image":"","background-repeat":"repeat","background-position":"center center","background-size":"auto","background-attachment":"scroll","background-type":"","background-media":"","overlay-type":"","overlay-color":"","overlay-opacity":"","overlay-gradient":""},"tablet":{"background-color":"var(--ast-global-color-5)","background-image":"","background-repeat":"repeat","background-position":"center center","background-size":"auto","background-attachment":"scroll","background-type":"","background-media":"","overlay-type":"","overlay-color":"","overlay-opacity":"","overlay-gradient":""},"mobile":{"background-color":"var(--ast-global-color-5)","background-image":"","background-repeat":"repeat","background-position":"center center","background-size":"auto","background-attachment":"scroll","background-type":"","background-media":"","overlay-type":"","overlay-color":"","overlay-opacity":"","overlay-gradient":""}},"footnotes":""},"categories":[517],"tags":[],"class_list":["post-24695","post","type-post","status-publish","format-image","hentry","category-aconteceu","post_format-post-format-image"],"_links":{"self":[{"href":"https:\/\/noticiasnoface.com.br\/index.php\/wp-json\/wp\/v2\/posts\/24695","targetHints":{"allow":["GET"]}}],"collection":[{"href":"https:\/\/noticiasnoface.com.br\/index.php\/wp-json\/wp\/v2\/posts"}],"about":[{"href":"https:\/\/noticiasnoface.com.br\/index.php\/wp-json\/wp\/v2\/types\/post"}],"author":[{"embeddable":true,"href":"https:\/\/noticiasnoface.com.br\/index.php\/wp-json\/wp\/v2\/users\/1"}],"replies":[{"embeddable":true,"href":"https:\/\/noticiasnoface.com.br\/index.php\/wp-json\/wp\/v2\/comments?post=24695"}],"version-history":[{"count":1,"href":"https:\/\/noticiasnoface.com.br\/index.php\/wp-json\/wp\/v2\/posts\/24695\/revisions"}],"predecessor-version":[{"id":24696,"href":"https:\/\/noticiasnoface.com.br\/index.php\/wp-json\/wp\/v2\/posts\/24695\/revisions\/24696"}],"wp:attachment":[{"href":"https:\/\/noticiasnoface.com.br\/index.php\/wp-json\/wp\/v2\/media?parent=24695"}],"wp:term":[{"taxonomy":"category","embeddable":true,"href":"https:\/\/noticiasnoface.com.br\/index.php\/wp-json\/wp\/v2\/categories?post=24695"},{"taxonomy":"post_tag","embeddable":true,"href":"https:\/\/noticiasnoface.com.br\/index.php\/wp-json\/wp\/v2\/tags?post=24695"}],"curies":[{"name":"wp","href":"https:\/\/api.w.org\/{rel}","templated":true}]}}