{"id":24698,"date":"2024-06-29T07:51:18","date_gmt":"2024-06-29T10:51:18","guid":{"rendered":"https:\/\/noticiasnoface.com.br\/?p=24698"},"modified":"2024-06-29T07:51:18","modified_gmt":"2024-06-29T10:51:18","slug":"governo-milei-propoe-reducao-da-maioridade-penal-para-13-anos","status":"publish","type":"post","link":"https:\/\/noticiasnoface.com.br\/index.php\/2024\/06\/29\/governo-milei-propoe-reducao-da-maioridade-penal-para-13-anos\/","title":{"rendered":"Governo Milei prop\u00f5e redu\u00e7\u00e3o da maioridade penal para 13 anos"},"content":{"rendered":"\n<figure class=\"wp-block-image size-large\"><img data-opt-id=181734524  fetchpriority=\"high\" decoding=\"async\" width=\"896\" height=\"505\" src=\"https:\/\/mlbfrsat7ahr.i.optimole.com\/w:auto\/h:auto\/q:mauto\/ig:avif\/https:\/\/noticiasnoface.com.br\/wp-content\/uploads\/2024\/06\/img_7634.jpg\" class=\"wp-image-24697\" srcset=\"https:\/\/mlbfrsat7ahr.i.optimole.com\/w:896\/h:505\/q:mauto\/ig:avif\/https:\/\/noticiasnoface.com.br\/wp-content\/uploads\/2024\/06\/img_7634.jpg 896w, https:\/\/mlbfrsat7ahr.i.optimole.com\/w:300\/h:169\/q:mauto\/ig:avif\/https:\/\/noticiasnoface.com.br\/wp-content\/uploads\/2024\/06\/img_7634.jpg 300w, https:\/\/mlbfrsat7ahr.i.optimole.com\/w:768\/h:433\/q:mauto\/ig:avif\/https:\/\/noticiasnoface.com.br\/wp-content\/uploads\/2024\/06\/img_7634.jpg 768w\" sizes=\"(max-width: 896px) 100vw, 896px\" \/><\/figure>\n\n\n\n<!--more-->\n\n\n\n<p>O governo do presidente argentino&nbsp;<strong>Javier Milei<\/strong>&nbsp;(foto) apresentou na sexta-feira, 28, um&nbsp;<strong>projeto de lei para reduzir a maioridade penal de 16 para 13 anos<\/strong>. O an\u00fancio foi feito pela ministra da Seguran\u00e7a,&nbsp;<strong>Patricia Bullrich<\/strong>, e pelo ministro da Justi\u00e7a,&nbsp;<strong>Mariano C\u00faneo Libarona<\/strong>.Segundo nota do Minist\u00e9rio da Seguran\u00e7a, o governo&nbsp;<strong>pediu urg\u00eancia para a aprova\u00e7\u00e3o da medida<\/strong>.<\/p>\n\n\n\n<h2 class=\"wp-block-heading\">Pedido de urg\u00eancia <\/h2>\n\n\n\n<p>Bullrich afirmou que o objetivo do projeto de lei \u00e9&nbsp;<em>\u201cproteger o cidad\u00e3o argentino diante do delito\u201d&nbsp;<\/em>e<em>\u201cacabar com a impunidade\u201d<\/em>.<\/p>\n\n\n\n<p><em>\u201cEsse \u00e9 um tema que todos os governos foram empurrando ano ap\u00f3s ano e que custa vidas dos argentinos. O populismo e a mentira do Estado presente e a cat\u00e1strofe educativa deixaram o pa\u00eds sem a possibilidade de se proteger diante do delito\u201d<\/em>, afirmou a ministra.&nbsp;<em>\u201cEste projeto de lei vem para&nbsp;<strong>acabar com a impunidade<\/strong>. \u00c9 importante que os jovens tenham oportunidades, mas a principal oportunidade \u00e9 viver numa comunidade que tenha baixos n\u00edveis de delito, que baixe a quantidade de jovens delinquentes. Aquele que o fa\u00e7a tem que saber que se fizer, tem que pagar\u201d<\/em>, acrescentou.<\/p>\n\n\n\n<h2 class=\"wp-block-heading\">Mudan\u00e7a de paradigma<\/h2>\n\n\n\n<p>O projeto de lei abrange&nbsp;<strong>jovens entre 13 e 18 anos condenados por crimes previstos no C\u00f3digo Penal<\/strong>. A medida, segundo o governo, prop\u00f5e uma&nbsp;<em>\u201cmudan\u00e7a de paradigma\u201d<\/em>.<\/p>\n\n\n\n<p>De acordo com o projeto, os adolescentes que cometem crimes podem ser&nbsp;<em>\u201cprivados de liberdade\u201d<\/em>em&nbsp;<strong>estabelecimentos especiais<\/strong>&nbsp;ou em&nbsp;<strong>se\u00e7\u00f5es separadas nas penitenci\u00e1rias<\/strong>, sob a dire\u00e7\u00e3o de pessoal qualificado.Ainda segundo o texto, em casos de liberdade condicional, esses jovens dever\u00e3o&nbsp;ser submetidos a&nbsp;<em>\u201cprogramas educativos, forma\u00e7\u00e3o cidad\u00e3, capacita\u00e7\u00e3o laboral, acesso a servi\u00e7os de sa\u00fade, tratamento m\u00e9dico ou psicol\u00f3gico, obriga\u00e7\u00e3o de buscar e, se poss\u00edvel, obter um trabalho, comparecimento ao tribunal, proibi\u00e7\u00e3o do consumo de bebidas alco\u00f3licas e entorpecentes\u201d<\/em>.<\/p>\n","protected":false},"excerpt":{"rendered":"","protected":false},"author":1,"featured_media":0,"comment_status":"closed","ping_status":"open","sticky":false,"template":"","format":"image","meta":{"site-sidebar-layout":"default","site-content-layout":"","ast-site-content-layout":"default","site-content-style":"default","site-sidebar-style":"default","ast-global-header-display":"","ast-banner-title-visibility":"","ast-main-header-display":"","ast-hfb-above-header-display":"","ast-hfb-below-header-display":"","ast-hfb-mobile-header-display":"","site-post-title":"","ast-breadcrumbs-content":"","ast-featured-img":"","footer-sml-layout":"","ast-disable-related-posts":"","theme-transparent-header-meta":"","adv-header-id-meta":"","stick-header-meta":"","header-above-stick-meta":"","header-main-stick-meta":"","header-below-stick-meta":"","astra-migrate-meta-layouts":"default","ast-page-background-enabled":"default","ast-page-background-meta":{"desktop":{"background-color":"var(--ast-global-color-4)","background-image":"","background-repeat":"repeat","background-position":"center center","background-size":"auto","background-attachment":"scroll","background-type":"","background-media":"","overlay-type":"","overlay-color":"","overlay-opacity":"","overlay-gradient":""},"tablet":{"background-color":"","background-image":"","background-repeat":"repeat","background-position":"center center","background-size":"auto","background-attachment":"scroll","background-type":"","background-media":"","overlay-type":"","overlay-color":"","overlay-opacity":"","overlay-gradient":""},"mobile":{"background-color":"","background-image":"","background-repeat":"repeat","background-position":"center center","background-size":"auto","background-attachment":"scroll","background-type":"","background-media":"","overlay-type":"","overlay-color":"","overlay-opacity":"","overlay-gradient":""}},"ast-content-background-meta":{"desktop":{"background-color":"var(--ast-global-color-5)","background-image":"","background-repeat":"repeat","background-position":"center center","background-size":"auto","background-attachment":"scroll","background-type":"","background-media":"","overlay-type":"","overlay-color":"","overlay-opacity":"","overlay-gradient":""},"tablet":{"background-color":"var(--ast-global-color-5)","background-image":"","background-repeat":"repeat","background-position":"center center","background-size":"auto","background-attachment":"scroll","background-type":"","background-media":"","overlay-type":"","overlay-color":"","overlay-opacity":"","overlay-gradient":""},"mobile":{"background-color":"var(--ast-global-color-5)","background-image":"","background-repeat":"repeat","background-position":"center center","background-size":"auto","background-attachment":"scroll","background-type":"","background-media":"","overlay-type":"","overlay-color":"","overlay-opacity":"","overlay-gradient":""}},"footnotes":""},"categories":[517],"tags":[],"class_list":["post-24698","post","type-post","status-publish","format-image","hentry","category-aconteceu","post_format-post-format-image"],"_links":{"self":[{"href":"https:\/\/noticiasnoface.com.br\/index.php\/wp-json\/wp\/v2\/posts\/24698","targetHints":{"allow":["GET"]}}],"collection":[{"href":"https:\/\/noticiasnoface.com.br\/index.php\/wp-json\/wp\/v2\/posts"}],"about":[{"href":"https:\/\/noticiasnoface.com.br\/index.php\/wp-json\/wp\/v2\/types\/post"}],"author":[{"embeddable":true,"href":"https:\/\/noticiasnoface.com.br\/index.php\/wp-json\/wp\/v2\/users\/1"}],"replies":[{"embeddable":true,"href":"https:\/\/noticiasnoface.com.br\/index.php\/wp-json\/wp\/v2\/comments?post=24698"}],"version-history":[{"count":1,"href":"https:\/\/noticiasnoface.com.br\/index.php\/wp-json\/wp\/v2\/posts\/24698\/revisions"}],"predecessor-version":[{"id":24699,"href":"https:\/\/noticiasnoface.com.br\/index.php\/wp-json\/wp\/v2\/posts\/24698\/revisions\/24699"}],"wp:attachment":[{"href":"https:\/\/noticiasnoface.com.br\/index.php\/wp-json\/wp\/v2\/media?parent=24698"}],"wp:term":[{"taxonomy":"category","embeddable":true,"href":"https:\/\/noticiasnoface.com.br\/index.php\/wp-json\/wp\/v2\/categories?post=24698"},{"taxonomy":"post_tag","embeddable":true,"href":"https:\/\/noticiasnoface.com.br\/index.php\/wp-json\/wp\/v2\/tags?post=24698"}],"curies":[{"name":"wp","href":"https:\/\/api.w.org\/{rel}","templated":true}]}}