{"id":24723,"date":"2024-06-30T22:18:02","date_gmt":"2024-07-01T01:18:02","guid":{"rendered":"https:\/\/noticiasnoface.com.br\/?p=24723"},"modified":"2024-06-30T22:18:02","modified_gmt":"2024-07-01T01:18:02","slug":"camara-municipal-de-natal-celebra-190-anos-da-policia-militar-do-rn","status":"publish","type":"post","link":"https:\/\/noticiasnoface.com.br\/index.php\/2024\/06\/30\/camara-municipal-de-natal-celebra-190-anos-da-policia-militar-do-rn\/","title":{"rendered":"C\u00e2mara Municipal de Natal celebra 190 anos da Pol\u00edcia Militar do RN"},"content":{"rendered":"\n<figure class=\"wp-block-image size-large\"><img data-opt-id=1439693740  fetchpriority=\"high\" decoding=\"async\" width=\"1024\" height=\"563\" src=\"https:\/\/mlbfrsat7ahr.i.optimole.com\/w:1024\/h:563\/q:mauto\/ig:avif\/https:\/\/noticiasnoface.com.br\/wp-content\/uploads\/2024\/06\/img_7720-1.jpg\" class=\"wp-image-24722\" srcset=\"https:\/\/mlbfrsat7ahr.i.optimole.com\/w:1024\/h:563\/q:mauto\/ig:avif\/https:\/\/noticiasnoface.com.br\/wp-content\/uploads\/2024\/06\/img_7720-1.jpg 1024w, https:\/\/mlbfrsat7ahr.i.optimole.com\/w:300\/h:165\/q:mauto\/ig:avif\/https:\/\/noticiasnoface.com.br\/wp-content\/uploads\/2024\/06\/img_7720-1.jpg 300w, https:\/\/mlbfrsat7ahr.i.optimole.com\/w:768\/h:422\/q:mauto\/ig:avif\/https:\/\/noticiasnoface.com.br\/wp-content\/uploads\/2024\/06\/img_7720-1.jpg 768w, https:\/\/mlbfrsat7ahr.i.optimole.com\/w:1536\/h:844\/q:mauto\/ig:avif\/https:\/\/noticiasnoface.com.br\/wp-content\/uploads\/2024\/06\/img_7720-1.jpg 1536w, https:\/\/mlbfrsat7ahr.i.optimole.com\/w:1600\/h:879\/q:mauto\/ig:avif\/https:\/\/noticiasnoface.com.br\/wp-content\/uploads\/2024\/06\/img_7720-1.jpg 1600w\" sizes=\"(max-width: 1000px) 100vw, 1000px\" \/><\/figure>\n\n\n\n<!--more-->\n\n\n\n<p>Pelo terceiro ano consecutivo e por proposi\u00e7\u00e3o da Frente Parlamentar da Seguran\u00e7a P\u00fablica, presidida pela vereadora Camila Ara\u00fajo, a C\u00e2mara Municipal de Natal homenageou o anivers\u00e1rio da Pol\u00edcia Militar do Rio Grande do Norte, com uma sess\u00e3o solene, nesta quarta-feira (26).<\/p>\n\n\n\n<p>Criada no dia 27 de junho de 1834, a corpora\u00e7\u00e3o est\u00e1 completando 190 anos. \u201cPara mim sempre \u00e9 uma grande alegria promover essa homenagem\u201d, disse a vereadora, ressaltando que a PMRN \u00e9 vital para a garantia do direito \u00e0 seguran\u00e7a dos cidad\u00e3os.&nbsp;<\/p>\n\n\n\n<p>Entre os 42 homens e mulheres policiais militares homenageados, na sess\u00e3o solene, estava o Cel. Alarico Azevedo, que comanda a PMRN h\u00e1 cinco anos e meio. Ele destacou que a homenagem prestada \u00e0 Policia Militar \u00e9 extensiva a toda a popula\u00e7\u00e3o. \u201cA seguran\u00e7a p\u00fablica \u00e9 um desafio, e para ser um policial militar \u00e9 preciso voca\u00e7\u00e3o\u201d, definiu o comandante, agradecendo a homenagem da C\u00e2mara Municipal.&nbsp;<\/p>\n\n\n\n<p>Tamb\u00e9m entre os homenageados, estava o Cel Luiz Pereira, que comandou a corpora\u00e7\u00e3o entre 1991 e 1994. Aos 87 anos, ele afirma ter a satisfa\u00e7\u00e3o do dever cumprido e ainda guardar muito amor pela farda que vestiu por 35 anos. \u201cDurante meu tempo \u00e0 frente da PM, criamos o 4\u00ba e o 5\u00ba batalh\u00f5es, nas zonas Norte e Sul, al\u00e9m da Pol\u00edcia Metropolitana\u201d, lembrou ele, acrescentando palavras de gratid\u00e3o pela homenagem carregada de reconhecimento.<\/p>\n\n\n\n<p>Para o secret\u00e1rio estadual de Seguran\u00e7a P\u00fablica e Defesa Social, Cel. Ara\u00fajo, a homenagem da C\u00e2mara Municipal \u00e0 PMRN \u00e9 importante e justa. \u201cS\u00e3o 190 anos de servi\u00e7os prestados ao Rio Grande do Norte, na preserva\u00e7\u00e3o da ordem. Essa homenagem \u00e9 uma forma de engrandecer a institui\u00e7\u00e3o e valorizar esses homens e mulheres, que tanto trabalham pela seguran\u00e7a do nosso povo\u201d, afirmou.<\/p>\n\n\n\n<p>Durante a solenidade, o deputado estadual Cel. Azevedo representou a Assembleia Legislativa. O almirante Alexandre Reis Leite, do 3\u00ba Distrito Naval, da Marinha do Brasil, prestigiou a solenidade. Ex\u00e9rcito e For\u00e7a A\u00e9rea Brasileira enviaram representantes dos respectivos comandos no Estado.<\/p>\n\n\n\n<p>Texto: Ilana Albuquerque&nbsp;<br>Fotos: Ver\u00f4nica Macedo<\/p>\n","protected":false},"excerpt":{"rendered":"","protected":false},"author":1,"featured_media":0,"comment_status":"closed","ping_status":"open","sticky":false,"template":"","format":"image","meta":{"site-sidebar-layout":"default","site-content-layout":"","ast-site-content-layout":"default","site-content-style":"default","site-sidebar-style":"default","ast-global-header-display":"","ast-banner-title-visibility":"","ast-main-header-display":"","ast-hfb-above-header-display":"","ast-hfb-below-header-display":"","ast-hfb-mobile-header-display":"","site-post-title":"","ast-breadcrumbs-content":"","ast-featured-img":"","footer-sml-layout":"","ast-disable-related-posts":"","theme-transparent-header-meta":"","adv-header-id-meta":"","stick-header-meta":"","header-above-stick-meta":"","header-main-stick-meta":"","header-below-stick-meta":"","astra-migrate-meta-layouts":"default","ast-page-background-enabled":"default","ast-page-background-meta":{"desktop":{"background-color":"var(--ast-global-color-4)","background-image":"","background-repeat":"repeat","background-position":"center center","background-size":"auto","background-attachment":"scroll","background-type":"","background-media":"","overlay-type":"","overlay-color":"","overlay-opacity":"","overlay-gradient":""},"tablet":{"background-color":"","background-image":"","background-repeat":"repeat","background-position":"center center","background-size":"auto","background-attachment":"scroll","background-type":"","background-media":"","overlay-type":"","overlay-color":"","overlay-opacity":"","overlay-gradient":""},"mobile":{"background-color":"","background-image":"","background-repeat":"repeat","background-position":"center center","background-size":"auto","background-attachment":"scroll","background-type":"","background-media":"","overlay-type":"","overlay-color":"","overlay-opacity":"","overlay-gradient":""}},"ast-content-background-meta":{"desktop":{"background-color":"var(--ast-global-color-5)","background-image":"","background-repeat":"repeat","background-position":"center center","background-size":"auto","background-attachment":"scroll","background-type":"","background-media":"","overlay-type":"","overlay-color":"","overlay-opacity":"","overlay-gradient":""},"tablet":{"background-color":"var(--ast-global-color-5)","background-image":"","background-repeat":"repeat","background-position":"center center","background-size":"auto","background-attachment":"scroll","background-type":"","background-media":"","overlay-type":"","overlay-color":"","overlay-opacity":"","overlay-gradient":""},"mobile":{"background-color":"var(--ast-global-color-5)","background-image":"","background-repeat":"repeat","background-position":"center center","background-size":"auto","background-attachment":"scroll","background-type":"","background-media":"","overlay-type":"","overlay-color":"","overlay-opacity":"","overlay-gradient":""}},"footnotes":""},"categories":[517],"tags":[],"class_list":["post-24723","post","type-post","status-publish","format-image","hentry","category-aconteceu","post_format-post-format-image"],"_links":{"self":[{"href":"https:\/\/noticiasnoface.com.br\/index.php\/wp-json\/wp\/v2\/posts\/24723","targetHints":{"allow":["GET"]}}],"collection":[{"href":"https:\/\/noticiasnoface.com.br\/index.php\/wp-json\/wp\/v2\/posts"}],"about":[{"href":"https:\/\/noticiasnoface.com.br\/index.php\/wp-json\/wp\/v2\/types\/post"}],"author":[{"embeddable":true,"href":"https:\/\/noticiasnoface.com.br\/index.php\/wp-json\/wp\/v2\/users\/1"}],"replies":[{"embeddable":true,"href":"https:\/\/noticiasnoface.com.br\/index.php\/wp-json\/wp\/v2\/comments?post=24723"}],"version-history":[{"count":1,"href":"https:\/\/noticiasnoface.com.br\/index.php\/wp-json\/wp\/v2\/posts\/24723\/revisions"}],"predecessor-version":[{"id":24724,"href":"https:\/\/noticiasnoface.com.br\/index.php\/wp-json\/wp\/v2\/posts\/24723\/revisions\/24724"}],"wp:attachment":[{"href":"https:\/\/noticiasnoface.com.br\/index.php\/wp-json\/wp\/v2\/media?parent=24723"}],"wp:term":[{"taxonomy":"category","embeddable":true,"href":"https:\/\/noticiasnoface.com.br\/index.php\/wp-json\/wp\/v2\/categories?post=24723"},{"taxonomy":"post_tag","embeddable":true,"href":"https:\/\/noticiasnoface.com.br\/index.php\/wp-json\/wp\/v2\/tags?post=24723"}],"curies":[{"name":"wp","href":"https:\/\/api.w.org\/{rel}","templated":true}]}}