{"id":24729,"date":"2024-07-01T10:37:12","date_gmt":"2024-07-01T13:37:12","guid":{"rendered":"https:\/\/noticiasnoface.com.br\/?p=24729"},"modified":"2024-07-01T10:38:56","modified_gmt":"2024-07-01T13:38:56","slug":"campanha-de-biden-reafirma-que-ele-sera-candidato-e-alega-que-retirada-levaria-a-semanas-de-caos","status":"publish","type":"post","link":"https:\/\/noticiasnoface.com.br\/index.php\/2024\/07\/01\/campanha-de-biden-reafirma-que-ele-sera-candidato-e-alega-que-retirada-levaria-a-semanas-de-caos\/","title":{"rendered":"Campanha de Biden reafirma que ele ser\u00e1 candidato e alega que retirada &#8216;levaria a semanas de caos&#8217;"},"content":{"rendered":"\n<figure class=\"wp-block-image size-large\"><img data-opt-id=2046018924  fetchpriority=\"high\" decoding=\"async\" width=\"888\" height=\"568\" src=\"https:\/\/mlbfrsat7ahr.i.optimole.com\/w:auto\/h:auto\/q:mauto\/ig:avif\/https:\/\/noticiasnoface.com.br\/wp-content\/uploads\/2024\/07\/img_7795.jpg\" alt=\"\" class=\"wp-image-24728\" srcset=\"https:\/\/mlbfrsat7ahr.i.optimole.com\/w:888\/h:568\/q:mauto\/ig:avif\/https:\/\/noticiasnoface.com.br\/wp-content\/uploads\/2024\/07\/img_7795.jpg 888w, https:\/\/mlbfrsat7ahr.i.optimole.com\/w:300\/h:192\/q:mauto\/ig:avif\/https:\/\/noticiasnoface.com.br\/wp-content\/uploads\/2024\/07\/img_7795.jpg 300w, https:\/\/mlbfrsat7ahr.i.optimole.com\/w:768\/h:491\/q:mauto\/ig:avif\/https:\/\/noticiasnoface.com.br\/wp-content\/uploads\/2024\/07\/img_7795.jpg 768w\" sizes=\"(max-width: 888px) 100vw, 888px\" \/><\/figure>\n\n\n\n<!--more-->\n\n\n\n<h2 class=\"wp-block-heading subhead\">Estrategista do candidato democrata argumenta que isso favoreceria vit\u00f3ria de seu rival, Donald Trump. &#8220;Quer um caminho f\u00e1cil para perder? \u00c9 esse&#8221;, ele disse<\/h2>\n\n\n\n<p>&#8220;A brigada dos alarmistas est\u00e1 pedindo para&nbsp;<a href=\"https:\/\/oglobo.globo.com\/tudo-sobre\/politico\/joe-biden\/\" target=\"_blank\" rel=\"noopener\">Joe Biden<\/a>&nbsp;&#8216;desistir&#8217;. Essa \u00e9 a melhor maneira poss\u00edvel de Donald Trump vencer e n\u00f3s perdermos&#8221;, argumentou o vice-gerente de campanha de Biden, Rob Flaherty, em um e-mail para os apoiadores, ao qual o jornal americano ABC News teve acesso.&nbsp;<\/p>\n\n\n\n<p>&#8220;Primeiro de tudo: Joe Biden vai ser o candidato democrata, ponto final. Fim da hist\u00f3ria. Os eleitores votaram. Ele venceu de forma esmagadora&#8221;, acrescentou Flaherty. &#8220;E se ele desistisse, isso levaria a semanas de caos, brigas internas e um monte de candidatos que chegariam \u00e0 conven\u00e7\u00e3o exaustos, enquanto Donald Trump teria tempo para falar com os eleitores americanos sem contesta\u00e7\u00e3o.&#8221;&nbsp;<\/p>\n\n\n\n<p>Ele continuou: &#8220;Tudo isso seria em prol de um candidato que entraria em uma elei\u00e7\u00e3o geral na posi\u00e7\u00e3o mais fraca poss\u00edvel, com zero d\u00f3lares em sua conta banc\u00e1ria. Quer um caminho f\u00e1cil para perder? \u00c9 esse.&#8221;&nbsp;<\/p>\n\n\n\n<p>O desemprenho de Biden no primeiro debate eleitoral, na \u00faltima quinta-feira,&nbsp;<a href=\"https:\/\/oglobo.globo.com\/mundo\/eleicoes-eua\/noticia\/2024\/06\/28\/desempenho-de-biden-em-debate-com-trump-divide-democratas-doloroso-desastre-e-otimo-trabalho.ghtml\" target=\"_blank\" rel=\"noopener\">foi descrito como \u201cdesastroso\u201d e \u201cdoloroso\u201d por membros do pr\u00f3prio Partido Democrata<\/a>, al\u00e9m de levantar preocupa\u00e7\u00f5es entre doadores da campanha e eleitores sobre sua idade elevada e capacidade de governar o pa\u00eds. O atual presidente dos Estados Unidos tem 81 anos.&nbsp;<\/p>\n\n\n\n<p>A ideia da desist\u00eancia da candidatura perdura entre analistas e<a href=\"https:\/\/oglobo.globo.com\/mundo\/eleicoes-eua\/noticia\/2024\/06\/28\/de-editoriais-a-capa-da-time-imprensa-internacional-pressiona-biden-a-abandonar-candidatura-apos-debate-desastroso.ghtml\" target=\"_blank\" rel=\"noopener\">&nbsp;se refletiu nos \u00faltimos dias nos editoriais de importantes jornais e revistas internacionais<\/a>, como o New York Times, o Wall Street Journal, a Time e at\u00e9 o brit\u00e2nico The Economist. Embora poss\u00edvel, a substitui\u00e7\u00e3o \u00e9 dif\u00edcil, sobretudo sem contar com a vontade do pr\u00f3prio Biden de desistir antes da realiza\u00e7\u00e3o da conven\u00e7\u00e3o do partido, entre 19 e 22 de agosto.&nbsp;<\/p>\n\n\n\n<h2 class=\"wp-block-heading\">\u2018Sei que n\u00e3o sou um homem jovem\u2019<\/h2>\n\n\n\n<p>Um dia ap\u00f3s o debate, o atual presidente<a href=\"https:\/\/oglobo.globo.com\/mundo\/eleicoes-eua\/noticia\/2024\/06\/28\/biden-faz-comicio-eleitoral-em-meio-a-panico-democrata-com-desempenho-em-debate.ghtml\" target=\"_blank\" rel=\"noopener\">&nbsp;fez um com\u00edcio para seu eleitorado em Raleigh, na Carolina do Norte, buscando afastar os temores<\/a>sobre sua capacidade para continuar na corrida pela Casa Branca. Ele afirmou que, ao contr\u00e1rio de seu rival republicano, &#8220;sabe dizer a verdade&#8221; e comandar o pa\u00eds, apesar de n\u00e3o ser mais t\u00e3o jovem quanto antes.&nbsp;<\/p>\n\n\n\n<p>\u2014 Eu sei que n\u00e3o sou um homem jovem, para dizer o \u00f3bvio. Sei que n\u00e3o caminho t\u00e3o facilmente como antes, n\u00e3o falo t\u00e3o bem como antes, n\u00e3o debato t\u00e3o bem como antes, mas sei o que sei. Eu sei dizer a verdade \u2014 disse o presidente em tom firme. \u2014 Dou minha palavra como Biden. Eu n\u00e3o estaria concorrendo novamente se n\u00e3o acreditasse de todo o meu cora\u00e7\u00e3o e alma que posso fazer esse trabalho. Porque, francamente, os riscos s\u00e3o muito altos.<\/p>\n\n\n\n<p>VIA O GLOBO<\/p>\n","protected":false},"excerpt":{"rendered":"","protected":false},"author":1,"featured_media":0,"comment_status":"closed","ping_status":"open","sticky":false,"template":"","format":"image","meta":{"site-sidebar-layout":"default","site-content-layout":"","ast-site-content-layout":"default","site-content-style":"default","site-sidebar-style":"default","ast-global-header-display":"","ast-banner-title-visibility":"","ast-main-header-display":"","ast-hfb-above-header-display":"","ast-hfb-below-header-display":"","ast-hfb-mobile-header-display":"","site-post-title":"","ast-breadcrumbs-content":"","ast-featured-img":"","footer-sml-layout":"","ast-disable-related-posts":"","theme-transparent-header-meta":"","adv-header-id-meta":"","stick-header-meta":"","header-above-stick-meta":"","header-main-stick-meta":"","header-below-stick-meta":"","astra-migrate-meta-layouts":"default","ast-page-background-enabled":"default","ast-page-background-meta":{"desktop":{"background-color":"var(--ast-global-color-4)","background-image":"","background-repeat":"repeat","background-position":"center center","background-size":"auto","background-attachment":"scroll","background-type":"","background-media":"","overlay-type":"","overlay-color":"","overlay-opacity":"","overlay-gradient":""},"tablet":{"background-color":"","background-image":"","background-repeat":"repeat","background-position":"center center","background-size":"auto","background-attachment":"scroll","background-type":"","background-media":"","overlay-type":"","overlay-color":"","overlay-opacity":"","overlay-gradient":""},"mobile":{"background-color":"","background-image":"","background-repeat":"repeat","background-position":"center center","background-size":"auto","background-attachment":"scroll","background-type":"","background-media":"","overlay-type":"","overlay-color":"","overlay-opacity":"","overlay-gradient":""}},"ast-content-background-meta":{"desktop":{"background-color":"var(--ast-global-color-5)","background-image":"","background-repeat":"repeat","background-position":"center center","background-size":"auto","background-attachment":"scroll","background-type":"","background-media":"","overlay-type":"","overlay-color":"","overlay-opacity":"","overlay-gradient":""},"tablet":{"background-color":"var(--ast-global-color-5)","background-image":"","background-repeat":"repeat","background-position":"center center","background-size":"auto","background-attachment":"scroll","background-type":"","background-media":"","overlay-type":"","overlay-color":"","overlay-opacity":"","overlay-gradient":""},"mobile":{"background-color":"var(--ast-global-color-5)","background-image":"","background-repeat":"repeat","background-position":"center center","background-size":"auto","background-attachment":"scroll","background-type":"","background-media":"","overlay-type":"","overlay-color":"","overlay-opacity":"","overlay-gradient":""}},"footnotes":""},"categories":[517],"tags":[],"class_list":["post-24729","post","type-post","status-publish","format-image","hentry","category-aconteceu","post_format-post-format-image"],"_links":{"self":[{"href":"https:\/\/noticiasnoface.com.br\/index.php\/wp-json\/wp\/v2\/posts\/24729","targetHints":{"allow":["GET"]}}],"collection":[{"href":"https:\/\/noticiasnoface.com.br\/index.php\/wp-json\/wp\/v2\/posts"}],"about":[{"href":"https:\/\/noticiasnoface.com.br\/index.php\/wp-json\/wp\/v2\/types\/post"}],"author":[{"embeddable":true,"href":"https:\/\/noticiasnoface.com.br\/index.php\/wp-json\/wp\/v2\/users\/1"}],"replies":[{"embeddable":true,"href":"https:\/\/noticiasnoface.com.br\/index.php\/wp-json\/wp\/v2\/comments?post=24729"}],"version-history":[{"count":3,"href":"https:\/\/noticiasnoface.com.br\/index.php\/wp-json\/wp\/v2\/posts\/24729\/revisions"}],"predecessor-version":[{"id":24732,"href":"https:\/\/noticiasnoface.com.br\/index.php\/wp-json\/wp\/v2\/posts\/24729\/revisions\/24732"}],"wp:attachment":[{"href":"https:\/\/noticiasnoface.com.br\/index.php\/wp-json\/wp\/v2\/media?parent=24729"}],"wp:term":[{"taxonomy":"category","embeddable":true,"href":"https:\/\/noticiasnoface.com.br\/index.php\/wp-json\/wp\/v2\/categories?post=24729"},{"taxonomy":"post_tag","embeddable":true,"href":"https:\/\/noticiasnoface.com.br\/index.php\/wp-json\/wp\/v2\/tags?post=24729"}],"curies":[{"name":"wp","href":"https:\/\/api.w.org\/{rel}","templated":true}]}}