{"id":24746,"date":"2024-07-02T07:34:55","date_gmt":"2024-07-02T10:34:55","guid":{"rendered":"https:\/\/noticiasnoface.com.br\/?p=24746"},"modified":"2024-07-02T07:34:55","modified_gmt":"2024-07-02T10:34:55","slug":"haddad-admite-alta-do-dolar-e-culpa-ruidos-na-comunicacao-do-governo-moeda-vai-a-r-565","status":"publish","type":"post","link":"https:\/\/noticiasnoface.com.br\/index.php\/2024\/07\/02\/haddad-admite-alta-do-dolar-e-culpa-ruidos-na-comunicacao-do-governo-moeda-vai-a-r-565\/","title":{"rendered":"Haddad admite alta do d\u00f3lar e culpa \u201cru\u00eddos\u201d na comunica\u00e7\u00e3o do governo; moeda vai a R$ 5,65"},"content":{"rendered":"\n<figure class=\"wp-block-image size-large\"><img data-opt-id=1701020004  fetchpriority=\"high\" decoding=\"async\" width=\"1024\" height=\"562\" src=\"https:\/\/mlbfrsat7ahr.i.optimole.com\/w:auto\/h:auto\/q:mauto\/ig:avif\/https:\/\/noticiasnoface.com.br\/wp-content\/uploads\/2024\/07\/img_7854.jpg\" class=\"wp-image-24745\" srcset=\"https:\/\/mlbfrsat7ahr.i.optimole.com\/w:1024\/h:562\/q:mauto\/ig:avif\/https:\/\/noticiasnoface.com.br\/wp-content\/uploads\/2024\/07\/img_7854.jpg 1024w, https:\/\/mlbfrsat7ahr.i.optimole.com\/w:300\/h:165\/q:mauto\/ig:avif\/https:\/\/noticiasnoface.com.br\/wp-content\/uploads\/2024\/07\/img_7854.jpg 300w, https:\/\/mlbfrsat7ahr.i.optimole.com\/w:768\/h:422\/q:mauto\/ig:avif\/https:\/\/noticiasnoface.com.br\/wp-content\/uploads\/2024\/07\/img_7854.jpg 768w\" sizes=\"(max-width: 1000px) 100vw, 1000px\" \/><\/figure>\n\n\n\n<!--more-->\n\n\n\n<p>Foto: Washington Costa\/Minist\u00e9rio da Fazenda<\/p>\n\n\n\n<p>O ministro da Fazenda, Fernando Haddad, admitiu que o valor do d\u00f3lar est\u00e1 alto, afirmou que o aumento est\u00e1 relacionado a \u201cmuitos ru\u00eddos\u201d e que o governo precisa se comunicar melhor. As declara\u00e7\u00f5es aconteceram nesta segunda-feira (1\u00b0).<\/p>\n\n\n\n<p>Ao ser questionado se o d\u00f3lar est\u00e1 alto, o ministro respondeu: \u201cEst\u00e1. Apesar da desvaloriza\u00e7\u00e3o [de outras moedas em rela\u00e7\u00e3o ao d\u00f3lar] que tem acontecido no mundo todo de uma maneira geral, aqui foi maior do que nossos pares, Col\u00f4mbia, Chile, M\u00e9xico\u201d, afirmou.<\/p>\n\n\n\n<p>Nesta segunda-feira, o d\u00f3lar bateu o valor de R$ 5,65 e encerrou a sess\u00e3o em alta de 1,13%, a maior cota\u00e7\u00e3o desde janeiro de 2022.<\/p>\n\n\n\n<p>O ministro tamb\u00e9m afirmou que o governo precisa se comunicar melhor e que o aumento da moeda americana est\u00e1 associado a \u201cmuitos ru\u00eddos\u201d.<\/p>\n\n\n\n<p>\u201cAtribuo a muitos ru\u00eddos. J\u00e1 falei isso no Conselh\u00e3o. Precisa comunicar melhor os resultados econ\u00f4micos que o pa\u00eds est\u00e1 atingindo\u201d, complementou o Haddad.<\/p>\n\n\n\n<p><strong>CNN Brasil<\/strong><\/p>\n","protected":false},"excerpt":{"rendered":"","protected":false},"author":1,"featured_media":0,"comment_status":"closed","ping_status":"open","sticky":false,"template":"","format":"image","meta":{"site-sidebar-layout":"default","site-content-layout":"","ast-site-content-layout":"default","site-content-style":"default","site-sidebar-style":"default","ast-global-header-display":"","ast-banner-title-visibility":"","ast-main-header-display":"","ast-hfb-above-header-display":"","ast-hfb-below-header-display":"","ast-hfb-mobile-header-display":"","site-post-title":"","ast-breadcrumbs-content":"","ast-featured-img":"","footer-sml-layout":"","ast-disable-related-posts":"","theme-transparent-header-meta":"","adv-header-id-meta":"","stick-header-meta":"","header-above-stick-meta":"","header-main-stick-meta":"","header-below-stick-meta":"","astra-migrate-meta-layouts":"default","ast-page-background-enabled":"default","ast-page-background-meta":{"desktop":{"background-color":"var(--ast-global-color-4)","background-image":"","background-repeat":"repeat","background-position":"center center","background-size":"auto","background-attachment":"scroll","background-type":"","background-media":"","overlay-type":"","overlay-color":"","overlay-opacity":"","overlay-gradient":""},"tablet":{"background-color":"","background-image":"","background-repeat":"repeat","background-position":"center center","background-size":"auto","background-attachment":"scroll","background-type":"","background-media":"","overlay-type":"","overlay-color":"","overlay-opacity":"","overlay-gradient":""},"mobile":{"background-color":"","background-image":"","background-repeat":"repeat","background-position":"center center","background-size":"auto","background-attachment":"scroll","background-type":"","background-media":"","overlay-type":"","overlay-color":"","overlay-opacity":"","overlay-gradient":""}},"ast-content-background-meta":{"desktop":{"background-color":"var(--ast-global-color-5)","background-image":"","background-repeat":"repeat","background-position":"center center","background-size":"auto","background-attachment":"scroll","background-type":"","background-media":"","overlay-type":"","overlay-color":"","overlay-opacity":"","overlay-gradient":""},"tablet":{"background-color":"var(--ast-global-color-5)","background-image":"","background-repeat":"repeat","background-position":"center center","background-size":"auto","background-attachment":"scroll","background-type":"","background-media":"","overlay-type":"","overlay-color":"","overlay-opacity":"","overlay-gradient":""},"mobile":{"background-color":"var(--ast-global-color-5)","background-image":"","background-repeat":"repeat","background-position":"center center","background-size":"auto","background-attachment":"scroll","background-type":"","background-media":"","overlay-type":"","overlay-color":"","overlay-opacity":"","overlay-gradient":""}},"footnotes":""},"categories":[517],"tags":[],"class_list":["post-24746","post","type-post","status-publish","format-image","hentry","category-aconteceu","post_format-post-format-image"],"_links":{"self":[{"href":"https:\/\/noticiasnoface.com.br\/index.php\/wp-json\/wp\/v2\/posts\/24746","targetHints":{"allow":["GET"]}}],"collection":[{"href":"https:\/\/noticiasnoface.com.br\/index.php\/wp-json\/wp\/v2\/posts"}],"about":[{"href":"https:\/\/noticiasnoface.com.br\/index.php\/wp-json\/wp\/v2\/types\/post"}],"author":[{"embeddable":true,"href":"https:\/\/noticiasnoface.com.br\/index.php\/wp-json\/wp\/v2\/users\/1"}],"replies":[{"embeddable":true,"href":"https:\/\/noticiasnoface.com.br\/index.php\/wp-json\/wp\/v2\/comments?post=24746"}],"version-history":[{"count":1,"href":"https:\/\/noticiasnoface.com.br\/index.php\/wp-json\/wp\/v2\/posts\/24746\/revisions"}],"predecessor-version":[{"id":24747,"href":"https:\/\/noticiasnoface.com.br\/index.php\/wp-json\/wp\/v2\/posts\/24746\/revisions\/24747"}],"wp:attachment":[{"href":"https:\/\/noticiasnoface.com.br\/index.php\/wp-json\/wp\/v2\/media?parent=24746"}],"wp:term":[{"taxonomy":"category","embeddable":true,"href":"https:\/\/noticiasnoface.com.br\/index.php\/wp-json\/wp\/v2\/categories?post=24746"},{"taxonomy":"post_tag","embeddable":true,"href":"https:\/\/noticiasnoface.com.br\/index.php\/wp-json\/wp\/v2\/tags?post=24746"}],"curies":[{"name":"wp","href":"https:\/\/api.w.org\/{rel}","templated":true}]}}