{"id":24749,"date":"2024-07-02T07:36:59","date_gmt":"2024-07-02T10:36:59","guid":{"rendered":"https:\/\/noticiasnoface.com.br\/?p=24749"},"modified":"2024-07-02T07:36:59","modified_gmt":"2024-07-02T10:36:59","slug":"marcos-do-val-acusa-ministro-alexandre-de-moraes-de-manipular-as-eleicoes","status":"publish","type":"post","link":"https:\/\/noticiasnoface.com.br\/index.php\/2024\/07\/02\/marcos-do-val-acusa-ministro-alexandre-de-moraes-de-manipular-as-eleicoes\/","title":{"rendered":"Marcos do Val acusa ministro Alexandre de Moraes de \u201cManipular as elei\u00e7\u00f5es\u201d"},"content":{"rendered":"\n<figure class=\"wp-block-image size-large\"><img data-opt-id=511572651  fetchpriority=\"high\" decoding=\"async\" width=\"700\" height=\"467\" src=\"https:\/\/mlbfrsat7ahr.i.optimole.com\/w:auto\/h:auto\/q:mauto\/ig:avif\/https:\/\/noticiasnoface.com.br\/wp-content\/uploads\/2024\/07\/img_7855.jpg\" class=\"wp-image-24748\" srcset=\"https:\/\/mlbfrsat7ahr.i.optimole.com\/w:700\/h:467\/q:mauto\/ig:avif\/https:\/\/noticiasnoface.com.br\/wp-content\/uploads\/2024\/07\/img_7855.jpg 700w, https:\/\/mlbfrsat7ahr.i.optimole.com\/w:300\/h:200\/q:mauto\/ig:avif\/https:\/\/noticiasnoface.com.br\/wp-content\/uploads\/2024\/07\/img_7855.jpg 300w\" sizes=\"(max-width: 700px) 100vw, 700px\" \/><\/figure>\n\n\n\n<!--more-->\n\n\n\n<p>O senador&nbsp;Marcos do Val (Podemos-ES) usou sua conta na rede X (antigo Twitter) para atacar o ministro do Supremo Tribunal Federal (STF) Alexandre de Moraes. Marcos do Val fez um post com letras garrafais, pontos de exclama\u00e7\u00e3o e v\u00eddeo no diz que o \u201cministro Alexandre de Moraes manipulou as elei\u00e7\u00f5es\u201d.<\/p>\n\n\n\n<p>No post, o parlamentar afirma que j\u00e1 tem em m\u00e3os \u201cdocumentos que provam claramente que o ministro Alexandre de Moraes manipulou as elei\u00e7\u00f5es passadas a fim de facilitar pro Lula e dificultar para o Bolsonaro e todos os influentes de direita\u201d. Luiz In\u00e1cio Lula da Silva venceu as elei\u00e7\u00f5es de 2022, quando concorreu com o ex-presidente da Rep\u00fablica, Jair Bolsonaro.<\/p>\n\n\n\n<p>Do Val diz ter 500 p\u00e1ginas que incriminam o ministro do STF e que apontam viola\u00e7\u00f5es de direitos humanos por parte do ministro.<\/p>\n\n\n\n<p>Os documentos n\u00e3o foram apresentados na rede social. O ministro Alexandre de Moraes n\u00e3o havia se pronunciado at\u00e9 a a \u00faltima atualiza\u00e7\u00e3o desta reportagem.<\/p>\n\n\n\n<p><strong>Fonte: Metr\u00f3poles<\/strong><\/p>\n","protected":false},"excerpt":{"rendered":"","protected":false},"author":1,"featured_media":0,"comment_status":"closed","ping_status":"open","sticky":false,"template":"","format":"image","meta":{"site-sidebar-layout":"default","site-content-layout":"","ast-site-content-layout":"default","site-content-style":"default","site-sidebar-style":"default","ast-global-header-display":"","ast-banner-title-visibility":"","ast-main-header-display":"","ast-hfb-above-header-display":"","ast-hfb-below-header-display":"","ast-hfb-mobile-header-display":"","site-post-title":"","ast-breadcrumbs-content":"","ast-featured-img":"","footer-sml-layout":"","ast-disable-related-posts":"","theme-transparent-header-meta":"","adv-header-id-meta":"","stick-header-meta":"","header-above-stick-meta":"","header-main-stick-meta":"","header-below-stick-meta":"","astra-migrate-meta-layouts":"default","ast-page-background-enabled":"default","ast-page-background-meta":{"desktop":{"background-color":"var(--ast-global-color-4)","background-image":"","background-repeat":"repeat","background-position":"center center","background-size":"auto","background-attachment":"scroll","background-type":"","background-media":"","overlay-type":"","overlay-color":"","overlay-opacity":"","overlay-gradient":""},"tablet":{"background-color":"","background-image":"","background-repeat":"repeat","background-position":"center center","background-size":"auto","background-attachment":"scroll","background-type":"","background-media":"","overlay-type":"","overlay-color":"","overlay-opacity":"","overlay-gradient":""},"mobile":{"background-color":"","background-image":"","background-repeat":"repeat","background-position":"center center","background-size":"auto","background-attachment":"scroll","background-type":"","background-media":"","overlay-type":"","overlay-color":"","overlay-opacity":"","overlay-gradient":""}},"ast-content-background-meta":{"desktop":{"background-color":"var(--ast-global-color-5)","background-image":"","background-repeat":"repeat","background-position":"center center","background-size":"auto","background-attachment":"scroll","background-type":"","background-media":"","overlay-type":"","overlay-color":"","overlay-opacity":"","overlay-gradient":""},"tablet":{"background-color":"var(--ast-global-color-5)","background-image":"","background-repeat":"repeat","background-position":"center center","background-size":"auto","background-attachment":"scroll","background-type":"","background-media":"","overlay-type":"","overlay-color":"","overlay-opacity":"","overlay-gradient":""},"mobile":{"background-color":"var(--ast-global-color-5)","background-image":"","background-repeat":"repeat","background-position":"center center","background-size":"auto","background-attachment":"scroll","background-type":"","background-media":"","overlay-type":"","overlay-color":"","overlay-opacity":"","overlay-gradient":""}},"footnotes":""},"categories":[517],"tags":[],"class_list":["post-24749","post","type-post","status-publish","format-image","hentry","category-aconteceu","post_format-post-format-image"],"_links":{"self":[{"href":"https:\/\/noticiasnoface.com.br\/index.php\/wp-json\/wp\/v2\/posts\/24749","targetHints":{"allow":["GET"]}}],"collection":[{"href":"https:\/\/noticiasnoface.com.br\/index.php\/wp-json\/wp\/v2\/posts"}],"about":[{"href":"https:\/\/noticiasnoface.com.br\/index.php\/wp-json\/wp\/v2\/types\/post"}],"author":[{"embeddable":true,"href":"https:\/\/noticiasnoface.com.br\/index.php\/wp-json\/wp\/v2\/users\/1"}],"replies":[{"embeddable":true,"href":"https:\/\/noticiasnoface.com.br\/index.php\/wp-json\/wp\/v2\/comments?post=24749"}],"version-history":[{"count":1,"href":"https:\/\/noticiasnoface.com.br\/index.php\/wp-json\/wp\/v2\/posts\/24749\/revisions"}],"predecessor-version":[{"id":24750,"href":"https:\/\/noticiasnoface.com.br\/index.php\/wp-json\/wp\/v2\/posts\/24749\/revisions\/24750"}],"wp:attachment":[{"href":"https:\/\/noticiasnoface.com.br\/index.php\/wp-json\/wp\/v2\/media?parent=24749"}],"wp:term":[{"taxonomy":"category","embeddable":true,"href":"https:\/\/noticiasnoface.com.br\/index.php\/wp-json\/wp\/v2\/categories?post=24749"},{"taxonomy":"post_tag","embeddable":true,"href":"https:\/\/noticiasnoface.com.br\/index.php\/wp-json\/wp\/v2\/tags?post=24749"}],"curies":[{"name":"wp","href":"https:\/\/api.w.org\/{rel}","templated":true}]}}