{"id":24753,"date":"2024-07-02T10:57:35","date_gmt":"2024-07-02T13:57:35","guid":{"rendered":"https:\/\/noticiasnoface.com.br\/?p=24753"},"modified":"2024-07-02T10:58:17","modified_gmt":"2024-07-02T13:58:17","slug":"mp-do-tce-pede-desaprovacao-das-contas-de-carlos-eduardo-alves","status":"publish","type":"post","link":"https:\/\/noticiasnoface.com.br\/index.php\/2024\/07\/02\/mp-do-tce-pede-desaprovacao-das-contas-de-carlos-eduardo-alves\/","title":{"rendered":"MP do TCE pede que seja mantida a desaprova\u00e7\u00e3o das contas de Carlos Eduardo Alves"},"content":{"rendered":"\n<figure class=\"wp-block-image size-large\"><img data-opt-id=685325872  fetchpriority=\"high\" decoding=\"async\" width=\"717\" height=\"428\" src=\"https:\/\/mlbfrsat7ahr.i.optimole.com\/w:auto\/h:auto\/q:mauto\/ig:avif\/https:\/\/noticiasnoface.com.br\/wp-content\/uploads\/2024\/07\/img_7874-1.jpg\" alt=\"\" class=\"wp-image-24752\" srcset=\"https:\/\/mlbfrsat7ahr.i.optimole.com\/w:717\/h:428\/q:mauto\/ig:avif\/https:\/\/noticiasnoface.com.br\/wp-content\/uploads\/2024\/07\/img_7874-1.jpg 717w, https:\/\/mlbfrsat7ahr.i.optimole.com\/w:300\/h:179\/q:mauto\/ig:avif\/https:\/\/noticiasnoface.com.br\/wp-content\/uploads\/2024\/07\/img_7874-1.jpg 300w\" sizes=\"(max-width: 717px) 100vw, 717px\" \/><figcaption class=\"wp-element-caption\"><br \/>O Minist\u00e9rio P\u00fablico de Contas do Rio Grande do Norte entende que deve ser mantida a desaprova\u00e7\u00e3o das contas referentes ao ano 2015, da gest\u00e3o do ent\u00e3o prefeito de Natal, Carlos Eduardo (PSD). Em parecer emitido no \u00faltimo dia 27 de junho, relativo ao processo n\u00ba&nbsp;<a href=\"tel:010151\/2016\">010151\/2016<\/a>, o Procurador-Geral do Minist\u00e9rio P\u00fablico de Contas, Luciano Silva Costa Ramos, opinou pela manuten\u00e7\u00e3o da desaprova\u00e7\u00e3o das contas, em \u201craz\u00e3o de todas as irregularidades j\u00e1 atestadas ao final da instru\u00e7\u00e3o processual\u201d. O Corpo T\u00e9cnico do Tribunal de Contas tamb\u00e9m negou o recurso impetrado por Carlos Eduardo.<br \/>As contas do ano de 2015 da gest\u00e3o de Carlos Eduardo foram reprovadas pelo pleno do Tribunal de Contas do Rio Grande do Norte (TCE\/RN) no dia 15 de junho de 2023. Conforme o Ac\u00f3rd\u00e3o n\u00ba 139\/2023, a desaprova\u00e7\u00e3o das contas foi decidida por unanimidade pelos conselheiros Maria Ad\u00e9lia Sales, Paulo Roberto Chaves Alves e Carlos Thompson Costa Fernandes, e o ent\u00e3o Conselheiro Substituto Antonio Ed Souza Santana.<br \/>O ex-prefeito tinha o direito de recorrer e solicitar a reavalia\u00e7\u00e3o dos n\u00fameros. O recurso foi aceito pela relatora Maria Ad\u00e9lia Sales no dia 23 de outubro de 2023.<br \/>No parecer do Minist\u00e9rio P\u00fablico de Contas, o procurador observa \u201cdiversas infra\u00e7\u00f5es \u00e0 norma legal ou regulamentar de natureza cont\u00e1bil, financeira, or\u00e7ament\u00e1ria, operacional ou patrimonial\u201d. Apesar do ex-prefeito ter apresentado dez novos documentos, o parecer ressalta que as documenta\u00e7\u00f5es n\u00e3o suprem ou justificam as irregularidades constatadas pelo Corpo T\u00e9cnico. Segundo o procurador, as justificativas \u201cde cunho subjetivo\u201d, n\u00e3o especificam \u201cos fatos e fundamentos jur\u00eddicos capazes de modificar o Parecer emitido\u201d.<br \/>Em informa\u00e7\u00e3o conclusiva, emitida pelo procurador Carlos Thompson em 20 de novembro de 2023, s\u00e3o apontadas a manuten\u00e7\u00e3o de oito irregularidades pelo Executivo Municipal de Natal no ano analisado: \u201cAbertura de cr\u00e9ditos adicionais suplementares em montante superior ao estabelecido na Lei Or\u00e7ament\u00e1ria Anual; Previs\u00e3o superestimada das receitas or\u00e7ament\u00e1rias, gerando, em consequ\u00eancia, insufici\u00eancia de arrecada\u00e7\u00e3o, o que \u00e9 indicativo de inadequa\u00e7\u00e3o do planejamento or\u00e7ament\u00e1rio; Dados informados relativos \u00e0 receita e \u00e0 despesa executadas incompat\u00edveis com os informados ao Sistema Integrado de Auditoria Informatizada (SIAI)\u201d.<br \/>Al\u00e9m disso, o TCE apontou \u201capura\u00e7\u00e3o de d\u00e9ficit or\u00e7ament\u00e1rio equivalente a 2,76% da receita arrecadada; Diverg\u00eancia entre o valor do saldo do exerc\u00edcio seguinte apresentado no Balan\u00e7o Financeiro e o valor apurado na presente auditoria; Apura\u00e7\u00e3o de d\u00e9ficit financeiro; \u00cdndice de Liquidez Imediata abaixo de 1 (abaixo de 100%), indicando que o munic\u00edpio n\u00e3o tem capacidade de quitar d\u00edvidas de curto prazo; N\u00e3o alcance da meta de resultado prim\u00e1rio estabelecida na LDO\u201d.<br \/>Em rela\u00e7\u00e3o a apura\u00e7\u00e3o do d\u00e9ficit or\u00e7ament\u00e1rio em 2,76% da receita arrecadada, o TCE aponta como \u201cgrav\u00edssimo\u201d. \u201cAo ocorrer d\u00e9ficit de execu\u00e7\u00e3o or\u00e7ament\u00e1ria sem a ado\u00e7\u00e3o de provid\u00eancias como a limita\u00e7\u00e3o de empenho, os administradores ser\u00e3o penalizados com multa de 30% de seus vencimentos anuais\u201d, aponta do documento.<br \/>A an\u00e1lise das contas municipais de Natal do ano 2015 foi relatada inicialmente pela conselheira Maria Ad\u00e9lia Sales. Ap\u00f3s redistribui\u00e7\u00e3o, o processo passou a ter como relator Carlos Thompson. O julgamento do recurso do ex-prefeito pelo pleno do Tribunal ainda n\u00e3o tem data marcada, de acordo com a assessoria de comunica\u00e7\u00e3o do TCE.<br \/><strong>Contas reprovadas<br \/><\/strong>Al\u00e9m das contas de 2015, em 26 de abril do mesmo ano, as contas relativas ao exerc\u00edcio de 2016, referentes ao processo n\u00ba&nbsp;<a href=\"tel:001755%20\/%202020\">001755 \/ 2020<\/a>, do ent\u00e3o gestor, tamb\u00e9m foram reprovadas. Pelo ac\u00f3rd\u00e3o n\u00ba 89\/2023, a decis\u00e3o tamb\u00e9m fora tomada por unanimidade, pelos conselheiros Maria Ad\u00e9lia Sales, Paulo Roberto Chaves Alves e Carlos Thompson Costa Fernandes, e o ent\u00e3o Conselheiro Substituto Antonio Ed Souza Santana. VIA DI\u00c1RIO DO RN <\/figcaption><\/figure>\n\n\n\n<p><\/p>\n","protected":false},"excerpt":{"rendered":"","protected":false},"author":1,"featured_media":0,"comment_status":"closed","ping_status":"open","sticky":false,"template":"","format":"image","meta":{"site-sidebar-layout":"default","site-content-layout":"","ast-site-content-layout":"default","site-content-style":"default","site-sidebar-style":"default","ast-global-header-display":"","ast-banner-title-visibility":"","ast-main-header-display":"","ast-hfb-above-header-display":"","ast-hfb-below-header-display":"","ast-hfb-mobile-header-display":"","site-post-title":"","ast-breadcrumbs-content":"","ast-featured-img":"","footer-sml-layout":"","ast-disable-related-posts":"","theme-transparent-header-meta":"","adv-header-id-meta":"","stick-header-meta":"","header-above-stick-meta":"","header-main-stick-meta":"","header-below-stick-meta":"","astra-migrate-meta-layouts":"default","ast-page-background-enabled":"default","ast-page-background-meta":{"desktop":{"background-color":"var(--ast-global-color-4)","background-image":"","background-repeat":"repeat","background-position":"center center","background-size":"auto","background-attachment":"scroll","background-type":"","background-media":"","overlay-type":"","overlay-color":"","overlay-opacity":"","overlay-gradient":""},"tablet":{"background-color":"","background-image":"","background-repeat":"repeat","background-position":"center center","background-size":"auto","background-attachment":"scroll","background-type":"","background-media":"","overlay-type":"","overlay-color":"","overlay-opacity":"","overlay-gradient":""},"mobile":{"background-color":"","background-image":"","background-repeat":"repeat","background-position":"center center","background-size":"auto","background-attachment":"scroll","background-type":"","background-media":"","overlay-type":"","overlay-color":"","overlay-opacity":"","overlay-gradient":""}},"ast-content-background-meta":{"desktop":{"background-color":"var(--ast-global-color-5)","background-image":"","background-repeat":"repeat","background-position":"center center","background-size":"auto","background-attachment":"scroll","background-type":"","background-media":"","overlay-type":"","overlay-color":"","overlay-opacity":"","overlay-gradient":""},"tablet":{"background-color":"var(--ast-global-color-5)","background-image":"","background-repeat":"repeat","background-position":"center center","background-size":"auto","background-attachment":"scroll","background-type":"","background-media":"","overlay-type":"","overlay-color":"","overlay-opacity":"","overlay-gradient":""},"mobile":{"background-color":"var(--ast-global-color-5)","background-image":"","background-repeat":"repeat","background-position":"center center","background-size":"auto","background-attachment":"scroll","background-type":"","background-media":"","overlay-type":"","overlay-color":"","overlay-opacity":"","overlay-gradient":""}},"footnotes":""},"categories":[517],"tags":[],"class_list":["post-24753","post","type-post","status-publish","format-image","hentry","category-aconteceu","post_format-post-format-image"],"_links":{"self":[{"href":"https:\/\/noticiasnoface.com.br\/index.php\/wp-json\/wp\/v2\/posts\/24753","targetHints":{"allow":["GET"]}}],"collection":[{"href":"https:\/\/noticiasnoface.com.br\/index.php\/wp-json\/wp\/v2\/posts"}],"about":[{"href":"https:\/\/noticiasnoface.com.br\/index.php\/wp-json\/wp\/v2\/types\/post"}],"author":[{"embeddable":true,"href":"https:\/\/noticiasnoface.com.br\/index.php\/wp-json\/wp\/v2\/users\/1"}],"replies":[{"embeddable":true,"href":"https:\/\/noticiasnoface.com.br\/index.php\/wp-json\/wp\/v2\/comments?post=24753"}],"version-history":[{"count":2,"href":"https:\/\/noticiasnoface.com.br\/index.php\/wp-json\/wp\/v2\/posts\/24753\/revisions"}],"predecessor-version":[{"id":24755,"href":"https:\/\/noticiasnoface.com.br\/index.php\/wp-json\/wp\/v2\/posts\/24753\/revisions\/24755"}],"wp:attachment":[{"href":"https:\/\/noticiasnoface.com.br\/index.php\/wp-json\/wp\/v2\/media?parent=24753"}],"wp:term":[{"taxonomy":"category","embeddable":true,"href":"https:\/\/noticiasnoface.com.br\/index.php\/wp-json\/wp\/v2\/categories?post=24753"},{"taxonomy":"post_tag","embeddable":true,"href":"https:\/\/noticiasnoface.com.br\/index.php\/wp-json\/wp\/v2\/tags?post=24753"}],"curies":[{"name":"wp","href":"https:\/\/api.w.org\/{rel}","templated":true}]}}