{"id":24758,"date":"2024-07-02T22:44:05","date_gmt":"2024-07-03T01:44:05","guid":{"rendered":"https:\/\/noticiasnoface.com.br\/?p=24758"},"modified":"2024-07-02T22:44:05","modified_gmt":"2024-07-03T01:44:05","slug":"cmn-aprova-projeto-de-lei-para-incluir-pessoas-em-situacao-de-rua-no-mercado","status":"publish","type":"post","link":"https:\/\/noticiasnoface.com.br\/index.php\/2024\/07\/02\/cmn-aprova-projeto-de-lei-para-incluir-pessoas-em-situacao-de-rua-no-mercado\/","title":{"rendered":"CMN aprova projeto de lei para incluir pessoas em situa\u00e7\u00e3o de rua no mercado"},"content":{"rendered":"\n<figure class=\"wp-block-image size-large\"><img data-opt-id=1521834293  fetchpriority=\"high\" decoding=\"async\" width=\"1024\" height=\"514\" src=\"https:\/\/mlbfrsat7ahr.i.optimole.com\/w:1024\/h:514\/q:mauto\/ig:avif\/https:\/\/noticiasnoface.com.br\/wp-content\/uploads\/2024\/07\/img_7917-1.jpg\" class=\"wp-image-24757\" srcset=\"https:\/\/mlbfrsat7ahr.i.optimole.com\/w:1024\/h:514\/q:mauto\/ig:avif\/https:\/\/noticiasnoface.com.br\/wp-content\/uploads\/2024\/07\/img_7917-1.jpg 1024w, https:\/\/mlbfrsat7ahr.i.optimole.com\/w:300\/h:151\/q:mauto\/ig:avif\/https:\/\/noticiasnoface.com.br\/wp-content\/uploads\/2024\/07\/img_7917-1.jpg 300w, https:\/\/mlbfrsat7ahr.i.optimole.com\/w:768\/h:385\/q:mauto\/ig:avif\/https:\/\/noticiasnoface.com.br\/wp-content\/uploads\/2024\/07\/img_7917-1.jpg 768w, https:\/\/mlbfrsat7ahr.i.optimole.com\/w:1536\/h:771\/q:mauto\/ig:avif\/https:\/\/noticiasnoface.com.br\/wp-content\/uploads\/2024\/07\/img_7917-1.jpg 1536w, https:\/\/mlbfrsat7ahr.i.optimole.com\/w:1600\/h:803\/q:mauto\/ig:avif\/https:\/\/noticiasnoface.com.br\/wp-content\/uploads\/2024\/07\/img_7917-1.jpg 1600w\" sizes=\"(max-width: 1000px) 100vw, 1000px\" \/><\/figure>\n\n\n\n<!--more-->\n\n\n\n<p>Na sess\u00e3o ordin\u00e1ria desta ter\u00e7a-feira (2), a C\u00e2mara Municipal de Natal aprovou quatro projetos de lei, entre eles o PL n.\u00ba 258\/2018, que prev\u00ea a reserva de 5% das vagas de trabalho em servi\u00e7os e obras p\u00fablicas municipais para pessoas em situa\u00e7\u00e3o de rua. Esse projeto busca promover a inclus\u00e3o social e econ\u00f4mica dos moradores de rua cadastrados e acompanhados pela Secretaria Municipal de Trabalho e Assist\u00eancia Social da Prefeitura de Natal.<\/p>\n\n\n\n<p>Foi aprovado em regime de urg\u00eancia o PLC 07\/2024, que altera a reda\u00e7\u00e3o do caput do Art. 1\u00ba da Lei Complementar N\u00ba 200, de 16 de novembro de 2021. Essa mudan\u00e7a estende o prazo de um empr\u00e9stimo autorizado em 2021 para 30 de agosto, adequando-o \u00e0s normas federais. Inicialmente, o prazo contratual era 30 de junho.<\/p>\n\n\n\n<p>Com a inclus\u00e3o de tr\u00eas emendas aprovadas pelas comiss\u00f5es de Justi\u00e7a e Finan\u00e7as, o PLC 04\/2024 tamb\u00e9m foi aprovado.&nbsp;<\/p>\n\n\n\n<p>Este projeto modifica artigos do C\u00f3digo Tribut\u00e1rio do Munic\u00edpio de Natal, Lei n\u00ba 3.882 de 11 de dezembro de 1989. As altera\u00e7\u00f5es visam atender a um d\u00e9ficit habitacional, permitindo que o munic\u00edpio recorra a cr\u00e9dito para a constru\u00e7\u00e3o habitacional, ajustando-se \u00e0s demandas sociais e ao ordenamento jur\u00eddico vigente.<\/p>\n\n\n\n<p>J\u00e1 em primeira discuss\u00e3o, foi aprovado o PLC 08\/2024, que altera dispositivos da Lei Complementar municipal n\u00ba. 063, de 11 de outubro de 2005. Esse projeto reorganiza o Regime Pr\u00f3prio de Previd\u00eancia Social dos Servidores P\u00fablicos do Munic\u00edpio de Natal, permitindo a transfer\u00eancia de benefici\u00e1rios do Plano Financeiro para o Plano Previdenci\u00e1rio do regime.<\/p>\n\n\n\n<p>Durante os debates, os vereadores destacaram a complexidade do c\u00f3digo tribut\u00e1rio, que envolve conhecimentos nas \u00e1reas or\u00e7ament\u00e1ria, financeira e jur\u00eddica. A altera\u00e7\u00e3o aprovada no PLC 04\/2024, por exemplo, foi considerada essencial para ajustar o c\u00f3digo tribut\u00e1rio \u00e0s necessidades sociais e habitacionais do munic\u00edpio.<\/p>\n\n\n\n<p>Texto: Phablo Galv\u00e3o&nbsp;<br>Fotos: Lorena Ver\u00edssimo<\/p>\n\n\n\n<p><\/p>\n","protected":false},"excerpt":{"rendered":"","protected":false},"author":1,"featured_media":0,"comment_status":"closed","ping_status":"open","sticky":false,"template":"","format":"image","meta":{"site-sidebar-layout":"default","site-content-layout":"","ast-site-content-layout":"default","site-content-style":"default","site-sidebar-style":"default","ast-global-header-display":"","ast-banner-title-visibility":"","ast-main-header-display":"","ast-hfb-above-header-display":"","ast-hfb-below-header-display":"","ast-hfb-mobile-header-display":"","site-post-title":"","ast-breadcrumbs-content":"","ast-featured-img":"","footer-sml-layout":"","ast-disable-related-posts":"","theme-transparent-header-meta":"","adv-header-id-meta":"","stick-header-meta":"","header-above-stick-meta":"","header-main-stick-meta":"","header-below-stick-meta":"","astra-migrate-meta-layouts":"default","ast-page-background-enabled":"default","ast-page-background-meta":{"desktop":{"background-color":"var(--ast-global-color-4)","background-image":"","background-repeat":"repeat","background-position":"center center","background-size":"auto","background-attachment":"scroll","background-type":"","background-media":"","overlay-type":"","overlay-color":"","overlay-opacity":"","overlay-gradient":""},"tablet":{"background-color":"","background-image":"","background-repeat":"repeat","background-position":"center center","background-size":"auto","background-attachment":"scroll","background-type":"","background-media":"","overlay-type":"","overlay-color":"","overlay-opacity":"","overlay-gradient":""},"mobile":{"background-color":"","background-image":"","background-repeat":"repeat","background-position":"center center","background-size":"auto","background-attachment":"scroll","background-type":"","background-media":"","overlay-type":"","overlay-color":"","overlay-opacity":"","overlay-gradient":""}},"ast-content-background-meta":{"desktop":{"background-color":"var(--ast-global-color-5)","background-image":"","background-repeat":"repeat","background-position":"center center","background-size":"auto","background-attachment":"scroll","background-type":"","background-media":"","overlay-type":"","overlay-color":"","overlay-opacity":"","overlay-gradient":""},"tablet":{"background-color":"var(--ast-global-color-5)","background-image":"","background-repeat":"repeat","background-position":"center center","background-size":"auto","background-attachment":"scroll","background-type":"","background-media":"","overlay-type":"","overlay-color":"","overlay-opacity":"","overlay-gradient":""},"mobile":{"background-color":"var(--ast-global-color-5)","background-image":"","background-repeat":"repeat","background-position":"center center","background-size":"auto","background-attachment":"scroll","background-type":"","background-media":"","overlay-type":"","overlay-color":"","overlay-opacity":"","overlay-gradient":""}},"footnotes":""},"categories":[517],"tags":[],"class_list":["post-24758","post","type-post","status-publish","format-image","hentry","category-aconteceu","post_format-post-format-image"],"_links":{"self":[{"href":"https:\/\/noticiasnoface.com.br\/index.php\/wp-json\/wp\/v2\/posts\/24758","targetHints":{"allow":["GET"]}}],"collection":[{"href":"https:\/\/noticiasnoface.com.br\/index.php\/wp-json\/wp\/v2\/posts"}],"about":[{"href":"https:\/\/noticiasnoface.com.br\/index.php\/wp-json\/wp\/v2\/types\/post"}],"author":[{"embeddable":true,"href":"https:\/\/noticiasnoface.com.br\/index.php\/wp-json\/wp\/v2\/users\/1"}],"replies":[{"embeddable":true,"href":"https:\/\/noticiasnoface.com.br\/index.php\/wp-json\/wp\/v2\/comments?post=24758"}],"version-history":[{"count":1,"href":"https:\/\/noticiasnoface.com.br\/index.php\/wp-json\/wp\/v2\/posts\/24758\/revisions"}],"predecessor-version":[{"id":24759,"href":"https:\/\/noticiasnoface.com.br\/index.php\/wp-json\/wp\/v2\/posts\/24758\/revisions\/24759"}],"wp:attachment":[{"href":"https:\/\/noticiasnoface.com.br\/index.php\/wp-json\/wp\/v2\/media?parent=24758"}],"wp:term":[{"taxonomy":"category","embeddable":true,"href":"https:\/\/noticiasnoface.com.br\/index.php\/wp-json\/wp\/v2\/categories?post=24758"},{"taxonomy":"post_tag","embeddable":true,"href":"https:\/\/noticiasnoface.com.br\/index.php\/wp-json\/wp\/v2\/tags?post=24758"}],"curies":[{"name":"wp","href":"https:\/\/api.w.org\/{rel}","templated":true}]}}