{"id":24772,"date":"2024-07-03T10:14:45","date_gmt":"2024-07-03T13:14:45","guid":{"rendered":"https:\/\/noticiasnoface.com.br\/?p=24772"},"modified":"2024-07-03T10:14:45","modified_gmt":"2024-07-03T13:14:45","slug":"governo-libera-aposentadoria-imediata-para-trabalhadores-sem-contribuicao-entenda","status":"publish","type":"post","link":"https:\/\/noticiasnoface.com.br\/index.php\/2024\/07\/03\/governo-libera-aposentadoria-imediata-para-trabalhadores-sem-contribuicao-entenda\/","title":{"rendered":"Governo libera aposentadoria imediata para trabalhadores sem contribui\u00e7\u00e3o; entenda"},"content":{"rendered":"\n<figure class=\"wp-block-image size-large\"><img data-opt-id=1522857161  fetchpriority=\"high\" decoding=\"async\" width=\"1024\" height=\"576\" src=\"https:\/\/mlbfrsat7ahr.i.optimole.com\/w:1024\/h:576\/q:mauto\/ig:avif\/https:\/\/noticiasnoface.com.br\/wp-content\/uploads\/2024\/07\/img_7950-1.jpg\" class=\"wp-image-24771\" srcset=\"https:\/\/mlbfrsat7ahr.i.optimole.com\/w:1024\/h:576\/q:mauto\/ig:avif\/https:\/\/noticiasnoface.com.br\/wp-content\/uploads\/2024\/07\/img_7950-1.jpg 1024w, https:\/\/mlbfrsat7ahr.i.optimole.com\/w:300\/h:169\/q:mauto\/ig:avif\/https:\/\/noticiasnoface.com.br\/wp-content\/uploads\/2024\/07\/img_7950-1.jpg 300w, https:\/\/mlbfrsat7ahr.i.optimole.com\/w:768\/h:432\/q:mauto\/ig:avif\/https:\/\/noticiasnoface.com.br\/wp-content\/uploads\/2024\/07\/img_7950-1.jpg 768w, https:\/\/mlbfrsat7ahr.i.optimole.com\/w:1200\/h:675\/q:mauto\/ig:avif\/https:\/\/noticiasnoface.com.br\/wp-content\/uploads\/2024\/07\/img_7950-1.jpg 1200w\" sizes=\"(max-width: 1000px) 100vw, 1000px\" \/><\/figure>\n\n\n\n<!--more-->\n\n\n\n<p>A quest\u00e3o da&nbsp;<strong>aposentadoria sem contribui\u00e7\u00e3o<\/strong>gera muitas d\u00favidas, especialmente no caso da&nbsp;<strong>aposentadoria por invalidez pelo INSS (Instituto Nacional do Seguro Social)<\/strong>. Este artigo visa esclarecer esses questionamentos e apresentar alternativas para quem n\u00e3o pagou contribui\u00e7\u00f5es ao governo.&nbsp;<\/p>\n\n\n\n<figure class=\"wp-block-image\"><img data-opt-id=563578234  fetchpriority=\"high\" decoding=\"async\" src=\"https:\/\/fdr.com.br\/wp-content\/uploads\/2024\/03\/beneficio-previdencia-social-homem-fdr-1.jpg\" alt=\"\"\/><figcaption class=\"wp-element-caption\">Governo libera aposentadoria imediata para trabalhadores sem contribui\u00e7\u00e3o; entenda. Imagem: Jeane de Oliveira\/FDR<\/figcaption><\/figure>\n\n\n\n<p>\u00c9 importante entender os crit\u00e9rios e op\u00e7\u00f5es dispon\u00edveis para garantir o acesso aos benef\u00edcios previdenci\u00e1rios. A quest\u00e3o da&nbsp;<strong>aposentadoria sem contribui\u00e7\u00e3o<\/strong>&nbsp;\u00e9 frequente entre os segurados do INSS. Ser\u00e1 que \u00e9 poss\u00edvel obter<strong>&nbsp;aposentadoria por invalidez&nbsp;<\/strong>sem ter realizado contribui\u00e7\u00f5es ou sem a qualidade de segurado?<\/p>\n\n\n\n<p>Com a<em>&nbsp;Emenda Constitucional 103\/19,<\/em>conhecida como&nbsp;<strong>Reforma Previdenci\u00e1ria<\/strong>, houve mudan\u00e7as significativas nos benef\u00edcios previdenci\u00e1rios. As altera\u00e7\u00f5es impactaram os requisitos necess\u00e1rios, o procedimento de c\u00e1lculo e at\u00e9 a nomenclatura dos benef\u00edcios.<\/p>\n\n\n\n<p>A<strong>&nbsp;<a href=\"https:\/\/fdr.com.br\/2024\/06\/04\/auxiliodoenca-e-aposentadoria-por-invalidez-saiba-as-diferencas-antes-de-solicitar\/amp\/\" target=\"_blank\" rel=\"noopener\">aposentadoria sem contribui\u00e7\u00e3o<\/a><\/strong>&nbsp;\u00e9 um tema que ganhou destaque ap\u00f3s essas modifica\u00e7\u00f5es. Essas mudan\u00e7as exigem aten\u00e7\u00e3o dos segurados para entenderem como seus direitos foram afetados<\/p>\n\n\n\n<p>A&nbsp;<strong>aposentadoria por invalidez<\/strong>, uma vez cumprida a car\u00eancia, \u00e9 garantida ao segurado considerado incapaz e sem chances de reabilita\u00e7\u00e3o para atividades que garantam sua subsist\u00eancia. Este benef\u00edcio, conhecido como&nbsp;<strong>aposentadoria sem contribui\u00e7\u00e3o<\/strong>, \u00e9 pago enquanto a condi\u00e7\u00e3o de incapacidade persistir.<\/p>\n\n\n\n<p>Mesmo sem estar recebendo aux\u00edlio-doen\u00e7a, o segurado pode requerer a&nbsp;<strong>aposentadoria por invalidez<\/strong>. Essa medida visa assegurar um suporte financeiro cont\u00ednuo a quem n\u00e3o pode mais trabalhar.<\/p>\n\n\n\n<p>A<strong>&nbsp;<a href=\"https:\/\/fdr.com.br\/2024\/01\/26\/aposentadoria-por-invalidez-lista-de-doencas-que-garante-o-salario-foi-atualizada\/amp\/\" target=\"_blank\" rel=\"noopener\">aposentadoria sem contribui\u00e7\u00e3o<\/a><\/strong>&nbsp;\u00e9 destinada a quem apresenta uma incapacidade permanente, sem possibilidade de recupera\u00e7\u00e3o para a atividade habitual ou reabilita\u00e7\u00e3o para outra fun\u00e7\u00e3o. Esse grau de incapacidade \u00e9 um requisito crucial para o benef\u00edcio.<\/p>\n\n\n\n<p>A avalia\u00e7\u00e3o da incapacidade \u00e9 realizada por per\u00edcia t\u00e9cnica do INSS no \u00e2mbito administrativo ou por perito designado judicialmente. O diagn\u00f3stico precisa confirmar que a incapacidade teve in\u00edcio enquanto o indiv\u00edduo ainda tinha a qualidade de segurado.<\/p>\n\n\n\n<p>Para obter a&nbsp;<a href=\"https:\/\/brasileirotrabalhador.com.br\/veja-em-quais-condicoes-o-trabalhador-consegue-se-aposentar-por-invalidez\/\" target=\"_blank\" rel=\"noopener\"><strong>aposentadoria sem contribui\u00e7\u00e3o<\/strong><\/a>, \u00e9 necess\u00e1rio atender a alguns requisitos. Entre eles, possuir a qualidade de segurado, ter um per\u00edodo de car\u00eancia de&nbsp;<strong>12 contribui\u00e7\u00f5es<\/strong>&nbsp;e apresentar incapacidade total e permanente.<\/p>\n\n\n\n<p>A car\u00eancia representa o n\u00famero m\u00ednimo de contribui\u00e7\u00f5es ao&nbsp;<strong>RGPS<\/strong>&nbsp;para acesso a certos benef\u00edcios. Contudo, para a&nbsp;<strong>aposentadoria por invalidez<\/strong>, h\u00e1 uma exce\u00e7\u00e3o importante: a possibilidade de isen\u00e7\u00e3o em alguns casos.<\/p>\n\n\n\n<p>A<strong>&nbsp;<a href=\"https:\/\/fdr.com.br\/2024\/05\/28\/aposentadoria-por-invalidez-veja-quem-pode-solicitar-o-beneficio-em-2024\/amp\/\" target=\"_blank\" rel=\"noopener\">aposentadoria sem contribui\u00e7\u00e3o<\/a><\/strong>&nbsp;tamb\u00e9m pode ser obtida em situa\u00e7\u00f5es espec\u00edficas, conforme o<em>&nbsp;artigo 26, II, da Lei 8.213\/91.<\/em>&nbsp;Esse artigo inclui casos de acidentes, sejam eles de trabalho ou n\u00e3o, que permitem isen\u00e7\u00e3o da car\u00eancia.<\/p>\n\n\n\n<p>Al\u00e9m disso, doen\u00e7as graves listadas no<em>&nbsp;artigo 151<\/em>&nbsp;da mesma lei, como cardiopatia grave, Parkinson e esclerose m\u00faltipla, tamb\u00e9m isentam o segurado da exig\u00eancia de car\u00eancia para a&nbsp;<strong>aposentadoria por invalidez.<\/strong><\/p>\n\n\n\n<p><\/p>\n","protected":false},"excerpt":{"rendered":"","protected":false},"author":1,"featured_media":0,"comment_status":"closed","ping_status":"open","sticky":false,"template":"","format":"image","meta":{"site-sidebar-layout":"default","site-content-layout":"","ast-site-content-layout":"default","site-content-style":"default","site-sidebar-style":"default","ast-global-header-display":"","ast-banner-title-visibility":"","ast-main-header-display":"","ast-hfb-above-header-display":"","ast-hfb-below-header-display":"","ast-hfb-mobile-header-display":"","site-post-title":"","ast-breadcrumbs-content":"","ast-featured-img":"","footer-sml-layout":"","ast-disable-related-posts":"","theme-transparent-header-meta":"","adv-header-id-meta":"","stick-header-meta":"","header-above-stick-meta":"","header-main-stick-meta":"","header-below-stick-meta":"","astra-migrate-meta-layouts":"default","ast-page-background-enabled":"default","ast-page-background-meta":{"desktop":{"background-color":"var(--ast-global-color-4)","background-image":"","background-repeat":"repeat","background-position":"center center","background-size":"auto","background-attachment":"scroll","background-type":"","background-media":"","overlay-type":"","overlay-color":"","overlay-opacity":"","overlay-gradient":""},"tablet":{"background-color":"","background-image":"","background-repeat":"repeat","background-position":"center center","background-size":"auto","background-attachment":"scroll","background-type":"","background-media":"","overlay-type":"","overlay-color":"","overlay-opacity":"","overlay-gradient":""},"mobile":{"background-color":"","background-image":"","background-repeat":"repeat","background-position":"center center","background-size":"auto","background-attachment":"scroll","background-type":"","background-media":"","overlay-type":"","overlay-color":"","overlay-opacity":"","overlay-gradient":""}},"ast-content-background-meta":{"desktop":{"background-color":"var(--ast-global-color-5)","background-image":"","background-repeat":"repeat","background-position":"center center","background-size":"auto","background-attachment":"scroll","background-type":"","background-media":"","overlay-type":"","overlay-color":"","overlay-opacity":"","overlay-gradient":""},"tablet":{"background-color":"var(--ast-global-color-5)","background-image":"","background-repeat":"repeat","background-position":"center center","background-size":"auto","background-attachment":"scroll","background-type":"","background-media":"","overlay-type":"","overlay-color":"","overlay-opacity":"","overlay-gradient":""},"mobile":{"background-color":"var(--ast-global-color-5)","background-image":"","background-repeat":"repeat","background-position":"center center","background-size":"auto","background-attachment":"scroll","background-type":"","background-media":"","overlay-type":"","overlay-color":"","overlay-opacity":"","overlay-gradient":""}},"footnotes":""},"categories":[517],"tags":[],"class_list":["post-24772","post","type-post","status-publish","format-image","hentry","category-aconteceu","post_format-post-format-image"],"_links":{"self":[{"href":"https:\/\/noticiasnoface.com.br\/index.php\/wp-json\/wp\/v2\/posts\/24772","targetHints":{"allow":["GET"]}}],"collection":[{"href":"https:\/\/noticiasnoface.com.br\/index.php\/wp-json\/wp\/v2\/posts"}],"about":[{"href":"https:\/\/noticiasnoface.com.br\/index.php\/wp-json\/wp\/v2\/types\/post"}],"author":[{"embeddable":true,"href":"https:\/\/noticiasnoface.com.br\/index.php\/wp-json\/wp\/v2\/users\/1"}],"replies":[{"embeddable":true,"href":"https:\/\/noticiasnoface.com.br\/index.php\/wp-json\/wp\/v2\/comments?post=24772"}],"version-history":[{"count":1,"href":"https:\/\/noticiasnoface.com.br\/index.php\/wp-json\/wp\/v2\/posts\/24772\/revisions"}],"predecessor-version":[{"id":24773,"href":"https:\/\/noticiasnoface.com.br\/index.php\/wp-json\/wp\/v2\/posts\/24772\/revisions\/24773"}],"wp:attachment":[{"href":"https:\/\/noticiasnoface.com.br\/index.php\/wp-json\/wp\/v2\/media?parent=24772"}],"wp:term":[{"taxonomy":"category","embeddable":true,"href":"https:\/\/noticiasnoface.com.br\/index.php\/wp-json\/wp\/v2\/categories?post=24772"},{"taxonomy":"post_tag","embeddable":true,"href":"https:\/\/noticiasnoface.com.br\/index.php\/wp-json\/wp\/v2\/tags?post=24772"}],"curies":[{"name":"wp","href":"https:\/\/api.w.org\/{rel}","templated":true}]}}