{"id":24781,"date":"2024-07-03T16:01:17","date_gmt":"2024-07-03T19:01:17","guid":{"rendered":"https:\/\/noticiasnoface.com.br\/?p=24781"},"modified":"2024-07-03T16:01:17","modified_gmt":"2024-07-03T19:01:17","slug":"deputado-coronel-azevedo-parabeniza-bombeiros-e-reforca-compromisso-com-militares-estaduais","status":"publish","type":"post","link":"https:\/\/noticiasnoface.com.br\/index.php\/2024\/07\/03\/deputado-coronel-azevedo-parabeniza-bombeiros-e-reforca-compromisso-com-militares-estaduais\/","title":{"rendered":"Deputado Coronel Azevedo parabeniza Bombeiros e refor\u00e7a compromisso com Militares Estaduais"},"content":{"rendered":"\n<figure class=\"wp-block-image size-large\"><img data-opt-id=2116602215  fetchpriority=\"high\" decoding=\"async\" width=\"1024\" height=\"682\" src=\"https:\/\/mlbfrsat7ahr.i.optimole.com\/w:1024\/h:682\/q:mauto\/ig:avif\/https:\/\/noticiasnoface.com.br\/wp-content\/uploads\/2024\/07\/318c742e-ddb2-4847-9d41-bac7d883474b-1.jpg\" class=\"wp-image-24780\" srcset=\"https:\/\/mlbfrsat7ahr.i.optimole.com\/w:1024\/h:682\/q:mauto\/ig:avif\/https:\/\/noticiasnoface.com.br\/wp-content\/uploads\/2024\/07\/318c742e-ddb2-4847-9d41-bac7d883474b-1.jpg 1024w, https:\/\/mlbfrsat7ahr.i.optimole.com\/w:300\/h:200\/q:mauto\/ig:avif\/https:\/\/noticiasnoface.com.br\/wp-content\/uploads\/2024\/07\/318c742e-ddb2-4847-9d41-bac7d883474b-1.jpg 300w, https:\/\/mlbfrsat7ahr.i.optimole.com\/w:768\/h:512\/q:mauto\/ig:avif\/https:\/\/noticiasnoface.com.br\/wp-content\/uploads\/2024\/07\/318c742e-ddb2-4847-9d41-bac7d883474b-1.jpg 768w, https:\/\/mlbfrsat7ahr.i.optimole.com\/w:1536\/h:1023\/q:mauto\/ig:avif\/https:\/\/noticiasnoface.com.br\/wp-content\/uploads\/2024\/07\/318c742e-ddb2-4847-9d41-bac7d883474b-1.jpg 1536w, https:\/\/mlbfrsat7ahr.i.optimole.com\/w:1600\/h:1066\/q:mauto\/ig:avif\/https:\/\/noticiasnoface.com.br\/wp-content\/uploads\/2024\/07\/318c742e-ddb2-4847-9d41-bac7d883474b-1.jpg 1600w\" sizes=\"(max-width: 1000px) 100vw, 1000px\" \/><\/figure>\n\n\n\n<!--more-->\n\n\n\n<p><em>Deputado Coronel Azevedo parabeniza Bombeiros e refor\u00e7a compromisso com Militares Estaduais<\/em><\/p>\n\n\n\n<p>O deputado estadual Coronel Azevedo (PL), falou durante hor\u00e1rio das lideran\u00e7as, na Assembleia Legislativa, parabenizando o Corpo de Bombeiros Militar pelo seu dia e exaltando a dedica\u00e7\u00e3o dos homens que comp\u00f5em essa importante for\u00e7a de seguran\u00e7a.<\/p>\n\n\n\n<p>Em sua fala, Coronel Azevedo detalhou uma recente reuni\u00e3o realizada na Secretaria Estadual de Administra\u00e7\u00e3o, que contou com a presen\u00e7a de todas as associa\u00e7\u00f5es de militares estaduais. O encontro teve como principal debater e pautar as mensagens 10 e 11, que impactam diretamente os bombeiros e policiais militares do Rio Grande do Norte. O deputado destacou que solicitou \u00e0 Assembleia Legislativa a convoca\u00e7\u00e3o de uma reuni\u00e3o de l\u00edderes para dispensar as tramita\u00e7\u00f5es normais desses projetos, de modo que possam ser votados em plen\u00e1rio, antes do recesso parlamentar, previsto para o pr\u00f3ximo dia 18. &#8220;Isso permitir\u00e1 que os efeitos dessa legisla\u00e7\u00e3o sejam aplicados imediatamente,&#8221; afirmou.<\/p>\n\n\n\n<p>Coronel Azevedo tamb\u00e9m abordou a necessidade de revis\u00e3o dos vencimentos e recomposi\u00e7\u00f5es inflacion\u00e1rias da PM e do Corpo de Bombeiros. &#8220;Cobramos que essa revis\u00e3o chegue a esta Casa Legislativa,&#8221; enfatizou. Em conversas com os secret\u00e1rios de administra\u00e7\u00e3o e os comandantes Alarico e Monteiro, da Pol\u00edcia Militar e Corpo de Bombeiros, o deputado ressaltou a import\u00e2ncia de legisla\u00e7\u00f5es espec\u00edficas em casos de remunera\u00e7\u00e3o. &#8220;Estamos trabalhando para que nossos compromissos possam ser cumpridos pelo Governo do Estado,&#8221; disse ele.<\/p>\n\n\n\n<p>Al\u00e9m das quest\u00f5es relacionadas aos militares, Coronel Azevedo lamentou o recente an\u00fancio do Governo Federal sobre o acionamento da bandeira amarela na cobran\u00e7a da conta de energia el\u00e9trica, que representa um aumento no custo para os consumidores.<\/p>\n\n\n\n<p>Via Assessoria\/ALRN<\/p>\n","protected":false},"excerpt":{"rendered":"","protected":false},"author":1,"featured_media":0,"comment_status":"closed","ping_status":"open","sticky":false,"template":"","format":"image","meta":{"site-sidebar-layout":"default","site-content-layout":"","ast-site-content-layout":"default","site-content-style":"default","site-sidebar-style":"default","ast-global-header-display":"","ast-banner-title-visibility":"","ast-main-header-display":"","ast-hfb-above-header-display":"","ast-hfb-below-header-display":"","ast-hfb-mobile-header-display":"","site-post-title":"","ast-breadcrumbs-content":"","ast-featured-img":"","footer-sml-layout":"","ast-disable-related-posts":"","theme-transparent-header-meta":"","adv-header-id-meta":"","stick-header-meta":"","header-above-stick-meta":"","header-main-stick-meta":"","header-below-stick-meta":"","astra-migrate-meta-layouts":"default","ast-page-background-enabled":"default","ast-page-background-meta":{"desktop":{"background-color":"var(--ast-global-color-4)","background-image":"","background-repeat":"repeat","background-position":"center center","background-size":"auto","background-attachment":"scroll","background-type":"","background-media":"","overlay-type":"","overlay-color":"","overlay-opacity":"","overlay-gradient":""},"tablet":{"background-color":"","background-image":"","background-repeat":"repeat","background-position":"center center","background-size":"auto","background-attachment":"scroll","background-type":"","background-media":"","overlay-type":"","overlay-color":"","overlay-opacity":"","overlay-gradient":""},"mobile":{"background-color":"","background-image":"","background-repeat":"repeat","background-position":"center center","background-size":"auto","background-attachment":"scroll","background-type":"","background-media":"","overlay-type":"","overlay-color":"","overlay-opacity":"","overlay-gradient":""}},"ast-content-background-meta":{"desktop":{"background-color":"var(--ast-global-color-5)","background-image":"","background-repeat":"repeat","background-position":"center center","background-size":"auto","background-attachment":"scroll","background-type":"","background-media":"","overlay-type":"","overlay-color":"","overlay-opacity":"","overlay-gradient":""},"tablet":{"background-color":"var(--ast-global-color-5)","background-image":"","background-repeat":"repeat","background-position":"center center","background-size":"auto","background-attachment":"scroll","background-type":"","background-media":"","overlay-type":"","overlay-color":"","overlay-opacity":"","overlay-gradient":""},"mobile":{"background-color":"var(--ast-global-color-5)","background-image":"","background-repeat":"repeat","background-position":"center center","background-size":"auto","background-attachment":"scroll","background-type":"","background-media":"","overlay-type":"","overlay-color":"","overlay-opacity":"","overlay-gradient":""}},"footnotes":""},"categories":[517],"tags":[],"class_list":["post-24781","post","type-post","status-publish","format-image","hentry","category-aconteceu","post_format-post-format-image"],"_links":{"self":[{"href":"https:\/\/noticiasnoface.com.br\/index.php\/wp-json\/wp\/v2\/posts\/24781","targetHints":{"allow":["GET"]}}],"collection":[{"href":"https:\/\/noticiasnoface.com.br\/index.php\/wp-json\/wp\/v2\/posts"}],"about":[{"href":"https:\/\/noticiasnoface.com.br\/index.php\/wp-json\/wp\/v2\/types\/post"}],"author":[{"embeddable":true,"href":"https:\/\/noticiasnoface.com.br\/index.php\/wp-json\/wp\/v2\/users\/1"}],"replies":[{"embeddable":true,"href":"https:\/\/noticiasnoface.com.br\/index.php\/wp-json\/wp\/v2\/comments?post=24781"}],"version-history":[{"count":1,"href":"https:\/\/noticiasnoface.com.br\/index.php\/wp-json\/wp\/v2\/posts\/24781\/revisions"}],"predecessor-version":[{"id":24782,"href":"https:\/\/noticiasnoface.com.br\/index.php\/wp-json\/wp\/v2\/posts\/24781\/revisions\/24782"}],"wp:attachment":[{"href":"https:\/\/noticiasnoface.com.br\/index.php\/wp-json\/wp\/v2\/media?parent=24781"}],"wp:term":[{"taxonomy":"category","embeddable":true,"href":"https:\/\/noticiasnoface.com.br\/index.php\/wp-json\/wp\/v2\/categories?post=24781"},{"taxonomy":"post_tag","embeddable":true,"href":"https:\/\/noticiasnoface.com.br\/index.php\/wp-json\/wp\/v2\/tags?post=24781"}],"curies":[{"name":"wp","href":"https:\/\/api.w.org\/{rel}","templated":true}]}}