{"id":24806,"date":"2024-07-04T22:23:52","date_gmt":"2024-07-05T01:23:52","guid":{"rendered":"https:\/\/noticiasnoface.com.br\/?p=24806"},"modified":"2024-07-04T22:23:52","modified_gmt":"2024-07-05T01:23:52","slug":"termo-de-cooperacao-tecnica-garante-apoio-da-camara-ao-selo-semeando-sonhos","status":"publish","type":"post","link":"https:\/\/noticiasnoface.com.br\/index.php\/2024\/07\/04\/termo-de-cooperacao-tecnica-garante-apoio-da-camara-ao-selo-semeando-sonhos\/","title":{"rendered":"Termo de Coopera\u00e7\u00e3o T\u00e9cnica garante apoio da C\u00e2mara ao Selo Semeando Sonhos"},"content":{"rendered":"\n<figure class=\"wp-block-image size-large\"><img data-opt-id=2041134495  fetchpriority=\"high\" decoding=\"async\" width=\"1024\" height=\"572\" src=\"https:\/\/mlbfrsat7ahr.i.optimole.com\/w:1024\/h:572\/q:mauto\/ig:avif\/https:\/\/noticiasnoface.com.br\/wp-content\/uploads\/2024\/07\/photo-output-1.jpg\" class=\"wp-image-24805\" srcset=\"https:\/\/mlbfrsat7ahr.i.optimole.com\/w:1024\/h:572\/q:mauto\/ig:avif\/https:\/\/noticiasnoface.com.br\/wp-content\/uploads\/2024\/07\/photo-output-1.jpg 1024w, https:\/\/mlbfrsat7ahr.i.optimole.com\/w:300\/h:168\/q:mauto\/ig:avif\/https:\/\/noticiasnoface.com.br\/wp-content\/uploads\/2024\/07\/photo-output-1.jpg 300w, https:\/\/mlbfrsat7ahr.i.optimole.com\/w:768\/h:429\/q:mauto\/ig:avif\/https:\/\/noticiasnoface.com.br\/wp-content\/uploads\/2024\/07\/photo-output-1.jpg 768w, https:\/\/mlbfrsat7ahr.i.optimole.com\/w:1536\/h:858\/q:mauto\/ig:avif\/https:\/\/noticiasnoface.com.br\/wp-content\/uploads\/2024\/07\/photo-output-1.jpg 1536w, https:\/\/mlbfrsat7ahr.i.optimole.com\/w:1920\/h:1072\/q:mauto\/ig:avif\/https:\/\/noticiasnoface.com.br\/wp-content\/uploads\/2024\/07\/photo-output-1.jpg 2048w\" sizes=\"(max-width: 1000px) 100vw, 1000px\" \/><\/figure>\n\n\n\n<!--more-->\n\n\n\n<p>Nesta ter\u00e7a-feira (02), foi assinado um Termo de Coopera\u00e7\u00e3o T\u00e9cnica com o prop\u00f3sito de possibilitar \u00e0 C\u00e2mara Municipal de Parnamirim o apoio ao Selo Semeando Sonhos. Por meio dele, a CMP poder\u00e1 contribuir com o Minist\u00e9rio P\u00fablico e a Secretaria Municipal de Assist\u00eancia Social (SEMAS) no trabalho reconhecer e incentivar que empresas e entidades possam investir no futuro das crian\u00e7as e adolescentes em vulnerabilidade social, que est\u00e3o acolhidos ou s\u00e3o egressos dos servi\u00e7os de acolhimento institucional ou familiar do munic\u00edpio.<\/p>\n\n\n\n<p>A solenidade contou com a participa\u00e7\u00e3o do Presidente da C\u00e2mara Municipal de Parnamirim, vereador Wolney Fran\u00e7a; o membro da Frente Parlamentar em Defesa do Direito da Crian\u00e7a e do Adolescente, vereador Thiago Fernandes; a Secret\u00e1ria Municipal de Assist\u00eancia Social (SEMAS), Prof\u00aa. Alda L\u00eada Torres Taveira; a Promotora de Justi\u00e7a, Dra. Gerliana Maria Silva Ara\u00fajo Rocha; a Coordenadora de Prote\u00e7\u00e3o Social Especial de Alta Complexidade, D\u00e9bora Dantas de Souza; e a vice-coordenadora do Conselho Municipal dos Direitos da Crian\u00e7a e Adolescente (COMDICA), Br\u00edgida Helena Gomes Chaves.<\/p>\n\n\n\n<p>O Presidente da C\u00e2mara, vereador Wolney Fran\u00e7a, destacou que \u00e9 uma honra celebrar este termo de coopera\u00e7\u00e3o pois &#8220;\u00e9 um momento de grande import\u00e2ncia, que deixa um legado para as pr\u00f3ximas gest\u00f5es continuarem cuidando e dando o bom exemplo&#8221; ao buscarem apoiar as crian\u00e7as e adolescentes em situa\u00e7\u00e3o de vulnerabilidade social. &#8220;Quando a gente junta for\u00e7as, quem ganha \u00e9 a popula\u00e7\u00e3o. Por isso \u00e9 um motivo de muita alegria para todos n\u00f3s&#8221;, completou. O vereador Thiago Fernandes afirmou ainda que &#8220;\u00e9 uma oportunidade importante e mostra o nosso compromisso de prioridade em humanizar o olhar com as crian\u00e7as e adolescentes, os quais s\u00e3o o futuro e tamb\u00e9m o presente&#8221;.<\/p>\n\n\n\n<p>A promotora, Dra. Gerliana Ara\u00fajo, explicou que essa a\u00e7\u00e3o faz parte de um pacote de leis inovadoras, sendo uma iniciativa louv\u00e1vel da C\u00e2mara de Parnamirim, o que deixar\u00e1 um legado escrito na hist\u00f3ria do munic\u00edpio. Por fim, a coordenadora D\u00e9bora Dantas destacou a uni\u00e3o de esfor\u00e7os e a heran\u00e7a de prote\u00e7\u00e3o de direitos das crian\u00e7as e adolescentes. Foi destacado ainda que atualmente Parnamirim possui 16 crian\u00e7as e 6 adolescentes em situa\u00e7\u00e3o de vulnerabilidade, mas apenas duas casas de acolhimento (Santa Rita, que acolhe at\u00e9 os 12 anos incompletos, e Casa do Adolescente, que acolhe dos 12 aos 18 incompletos) e, atualmente, apenas uma \u00fanica fam\u00edlia acolhedora em Parnamirim.<\/p>\n\n\n\n<p><strong>SELO SEMEANDO SONHOS<\/strong><\/p>\n\n\n\n<p>O Selo Semeando Sonhos foi institu\u00eddo pela Lei n\u00ba 2.341, de 27\/09\/2022, com o objetivo de atestar as empresas ou entidades com e sem fins lucrativos que contribuem no investimento do futuro das crian\u00e7as e adolescentes em vulnerabilidade social acolhidos ou egressos dos servi\u00e7os de acolhimento institucional ou familiar.<\/p>\n\n\n\n<p>Por meio dele, s\u00e3o reconhecidas e apoiadas empresas e entidades que, atrav\u00e9s de parcerias, promove cursos profissionalizantes, t\u00e9cnicos e de ensino superior; vagas de emprego para maiores de 18 anos; vagas de jovem aprendiz; e outras parcerias com a SEMAS que sejam de relev\u00e2ncia para as crian\u00e7as e adolescentes.<\/p>\n\n\n\n<p><strong>FAM\u00cdLIAS ACOLHEDORAS<\/strong><\/p>\n\n\n\n<p>O programa de fam\u00edlias acolhedoras permite que elas receberem, em suas resid\u00eancias, crian\u00e7as e adolescentes em situa\u00e7\u00e3o de vulnerabilidade social, por um tempo limitado de seis meses, prorrog\u00e1vel conforme necessidade. Cada fam\u00edlia recebe um aux\u00edlio de um sal\u00e1rio m\u00ednimo por crian\u00e7a ou adolescente acolhido.<\/p>\n\n\n\n<p>Para se cadastrar, a fam\u00edlia deve procurar o Centro Integrado de Apoio \u00e0 Crian\u00e7a e Adolescente (CIACAP). Ele fica localizado na rua Dr. Carlos Matheus, 1454. Pode falar ainda pelo whatsapp&nbsp;<a href=\"tel:(84)98839-3233\">(84)98839-3233<\/a>&nbsp;ou pelo instagram @familiaacolhedoraparnamirim<\/p>\n","protected":false},"excerpt":{"rendered":"","protected":false},"author":1,"featured_media":0,"comment_status":"closed","ping_status":"open","sticky":false,"template":"","format":"image","meta":{"site-sidebar-layout":"default","site-content-layout":"","ast-site-content-layout":"default","site-content-style":"default","site-sidebar-style":"default","ast-global-header-display":"","ast-banner-title-visibility":"","ast-main-header-display":"","ast-hfb-above-header-display":"","ast-hfb-below-header-display":"","ast-hfb-mobile-header-display":"","site-post-title":"","ast-breadcrumbs-content":"","ast-featured-img":"","footer-sml-layout":"","ast-disable-related-posts":"","theme-transparent-header-meta":"","adv-header-id-meta":"","stick-header-meta":"","header-above-stick-meta":"","header-main-stick-meta":"","header-below-stick-meta":"","astra-migrate-meta-layouts":"default","ast-page-background-enabled":"default","ast-page-background-meta":{"desktop":{"background-color":"var(--ast-global-color-4)","background-image":"","background-repeat":"repeat","background-position":"center center","background-size":"auto","background-attachment":"scroll","background-type":"","background-media":"","overlay-type":"","overlay-color":"","overlay-opacity":"","overlay-gradient":""},"tablet":{"background-color":"","background-image":"","background-repeat":"repeat","background-position":"center center","background-size":"auto","background-attachment":"scroll","background-type":"","background-media":"","overlay-type":"","overlay-color":"","overlay-opacity":"","overlay-gradient":""},"mobile":{"background-color":"","background-image":"","background-repeat":"repeat","background-position":"center center","background-size":"auto","background-attachment":"scroll","background-type":"","background-media":"","overlay-type":"","overlay-color":"","overlay-opacity":"","overlay-gradient":""}},"ast-content-background-meta":{"desktop":{"background-color":"var(--ast-global-color-5)","background-image":"","background-repeat":"repeat","background-position":"center center","background-size":"auto","background-attachment":"scroll","background-type":"","background-media":"","overlay-type":"","overlay-color":"","overlay-opacity":"","overlay-gradient":""},"tablet":{"background-color":"var(--ast-global-color-5)","background-image":"","background-repeat":"repeat","background-position":"center center","background-size":"auto","background-attachment":"scroll","background-type":"","background-media":"","overlay-type":"","overlay-color":"","overlay-opacity":"","overlay-gradient":""},"mobile":{"background-color":"var(--ast-global-color-5)","background-image":"","background-repeat":"repeat","background-position":"center center","background-size":"auto","background-attachment":"scroll","background-type":"","background-media":"","overlay-type":"","overlay-color":"","overlay-opacity":"","overlay-gradient":""}},"footnotes":""},"categories":[517],"tags":[],"class_list":["post-24806","post","type-post","status-publish","format-image","hentry","category-aconteceu","post_format-post-format-image"],"_links":{"self":[{"href":"https:\/\/noticiasnoface.com.br\/index.php\/wp-json\/wp\/v2\/posts\/24806","targetHints":{"allow":["GET"]}}],"collection":[{"href":"https:\/\/noticiasnoface.com.br\/index.php\/wp-json\/wp\/v2\/posts"}],"about":[{"href":"https:\/\/noticiasnoface.com.br\/index.php\/wp-json\/wp\/v2\/types\/post"}],"author":[{"embeddable":true,"href":"https:\/\/noticiasnoface.com.br\/index.php\/wp-json\/wp\/v2\/users\/1"}],"replies":[{"embeddable":true,"href":"https:\/\/noticiasnoface.com.br\/index.php\/wp-json\/wp\/v2\/comments?post=24806"}],"version-history":[{"count":1,"href":"https:\/\/noticiasnoface.com.br\/index.php\/wp-json\/wp\/v2\/posts\/24806\/revisions"}],"predecessor-version":[{"id":24807,"href":"https:\/\/noticiasnoface.com.br\/index.php\/wp-json\/wp\/v2\/posts\/24806\/revisions\/24807"}],"wp:attachment":[{"href":"https:\/\/noticiasnoface.com.br\/index.php\/wp-json\/wp\/v2\/media?parent=24806"}],"wp:term":[{"taxonomy":"category","embeddable":true,"href":"https:\/\/noticiasnoface.com.br\/index.php\/wp-json\/wp\/v2\/categories?post=24806"},{"taxonomy":"post_tag","embeddable":true,"href":"https:\/\/noticiasnoface.com.br\/index.php\/wp-json\/wp\/v2\/tags?post=24806"}],"curies":[{"name":"wp","href":"https:\/\/api.w.org\/{rel}","templated":true}]}}