{"id":24811,"date":"2024-07-04T22:25:32","date_gmt":"2024-07-05T01:25:32","guid":{"rendered":"https:\/\/noticiasnoface.com.br\/?p=24811"},"modified":"2024-07-04T22:25:32","modified_gmt":"2024-07-05T01:25:32","slug":"camara-de-natal-aprova-projeto-de-recomposicao-da-guarda-municipal","status":"publish","type":"post","link":"https:\/\/noticiasnoface.com.br\/index.php\/2024\/07\/04\/camara-de-natal-aprova-projeto-de-recomposicao-da-guarda-municipal\/","title":{"rendered":"C\u00e2mara de Natal aprova projeto de recomposi\u00e7\u00e3o da Guarda Municipal"},"content":{"rendered":"\n<figure class=\"wp-block-image size-large\"><img data-opt-id=1679568987  fetchpriority=\"high\" decoding=\"async\" width=\"1024\" height=\"563\" src=\"https:\/\/mlbfrsat7ahr.i.optimole.com\/w:1024\/h:563\/q:mauto\/ig:avif\/https:\/\/noticiasnoface.com.br\/wp-content\/uploads\/2024\/07\/img_8057-1.jpg\" class=\"wp-image-24810\" srcset=\"https:\/\/mlbfrsat7ahr.i.optimole.com\/w:1024\/h:563\/q:mauto\/ig:avif\/https:\/\/noticiasnoface.com.br\/wp-content\/uploads\/2024\/07\/img_8057-1.jpg 1024w, https:\/\/mlbfrsat7ahr.i.optimole.com\/w:300\/h:165\/q:mauto\/ig:avif\/https:\/\/noticiasnoface.com.br\/wp-content\/uploads\/2024\/07\/img_8057-1.jpg 300w, https:\/\/mlbfrsat7ahr.i.optimole.com\/w:768\/h:422\/q:mauto\/ig:avif\/https:\/\/noticiasnoface.com.br\/wp-content\/uploads\/2024\/07\/img_8057-1.jpg 768w, https:\/\/mlbfrsat7ahr.i.optimole.com\/w:1536\/h:845\/q:mauto\/ig:avif\/https:\/\/noticiasnoface.com.br\/wp-content\/uploads\/2024\/07\/img_8057-1.jpg 1536w, https:\/\/mlbfrsat7ahr.i.optimole.com\/w:1600\/h:880\/q:mauto\/ig:avif\/https:\/\/noticiasnoface.com.br\/wp-content\/uploads\/2024\/07\/img_8057-1.jpg 1600w\" sizes=\"(max-width: 1000px) 100vw, 1000px\" \/><\/figure>\n\n\n\n<!--more-->\n\n\n\n<p>Na Sess\u00e3o Ordin\u00e1ria realizada na manh\u00e3 desta quinta-feira (04), a C\u00e2mara Municipal de Natal aprovou seis projetos de lei, incluindo a urg\u00eancia do Projeto de Lei Complementar n\u00ba 9\/2024. Esse projeto altera a Lei Complementar n\u00ba 187\/2020, estabelecendo um tempo m\u00e1ximo de perman\u00eancia nas fun\u00e7\u00f5es de carreira da Guarda Municipal de Natal, conforme a mensagem n\u00ba 130\/2024.<\/p>\n\n\n\n<p>A aprova\u00e7\u00e3o desse projeto \u00e9 essencial para viabilizar promo\u00e7\u00f5es e avan\u00e7os na carreira dos servidores da Guarda Municipal de Natal. A iniciativa foi bem recebida pela categoria, que acompanhava a vota\u00e7\u00e3o nas galerias da c\u00e2mara. &#8220;\u00c9 um dia hist\u00f3rico. H\u00e1 quatro anos conseguimos aprovar nosso plano de carreira, que estava estagnado h\u00e1 quase 30 anos. Agora, essa reestrutura\u00e7\u00e3o vai possibilitar a promo\u00e7\u00e3o de cerca de 130 guardas municipais&#8221;, comemorou Souza J\u00fanior, presidente da federa\u00e7\u00e3o da categoria.<\/p>\n\n\n\n<p>O Projeto de Lei Complementar n\u00ba 08\/2024 tamb\u00e9m foi aprovado em segunda discuss\u00e3o. Este projeto altera dispositivos da Lei Complementar municipal n\u00ba 063, de 11 de outubro de 2005, reorganizando o Regime Pr\u00f3prio de Previd\u00eancia Social dos Servidores P\u00fablicos de Natal. A proposta disp\u00f5e sobre a transfer\u00eancia de benefici\u00e1rios do Plano Financeiro para o Plano Previdenci\u00e1rio do RPPS-NATAL, conforme a Margem para Revis\u00e3o de Segrega\u00e7\u00e3o prevista no art. 62, \u00a73\u00ba, da Portaria MTP n\u00ba 1.467, de 02 de junho de 2022.<\/p>\n\n\n\n<p>O objetivo principal \u00e9 adequar a legisla\u00e7\u00e3o previdenci\u00e1ria municipal para a necess\u00e1ria revis\u00e3o de segrega\u00e7\u00e3o de massas previdenci\u00e1rias, visando o equil\u00edbrio financeiro e atuarial do RPPS-NATAL, em conformidade com o Art. 40 da Constitui\u00e7\u00e3o Federal de 1988.<\/p>\n\n\n\n<p>Tamb\u00e9m em segunda discuss\u00e3o, tamb\u00e9m foi aprovado o Projeto de Lei n\u00ba 354\/2023, que altera o artigo 3\u00ba da Lei n\u00ba 6478, de 14 de julho de 2014. Esta lei disp\u00f5e sobre a regulamenta\u00e7\u00e3o da atividade de bombeiros civis e salva-vidas, estabelecendo exig\u00eancias m\u00ednimas de seguran\u00e7a para estabelecimentos ou eventos de grande concentra\u00e7\u00e3o p\u00fablica em Natal.<\/p>\n\n\n\n<p>Texto: Phablo Galv\u00e3o<\/p>\n\n\n\n<p>Fotos: Lorena Ver\u00edssimo&nbsp;<\/p>\n","protected":false},"excerpt":{"rendered":"","protected":false},"author":1,"featured_media":0,"comment_status":"closed","ping_status":"open","sticky":false,"template":"","format":"image","meta":{"site-sidebar-layout":"default","site-content-layout":"","ast-site-content-layout":"default","site-content-style":"default","site-sidebar-style":"default","ast-global-header-display":"","ast-banner-title-visibility":"","ast-main-header-display":"","ast-hfb-above-header-display":"","ast-hfb-below-header-display":"","ast-hfb-mobile-header-display":"","site-post-title":"","ast-breadcrumbs-content":"","ast-featured-img":"","footer-sml-layout":"","ast-disable-related-posts":"","theme-transparent-header-meta":"","adv-header-id-meta":"","stick-header-meta":"","header-above-stick-meta":"","header-main-stick-meta":"","header-below-stick-meta":"","astra-migrate-meta-layouts":"default","ast-page-background-enabled":"default","ast-page-background-meta":{"desktop":{"background-color":"var(--ast-global-color-4)","background-image":"","background-repeat":"repeat","background-position":"center center","background-size":"auto","background-attachment":"scroll","background-type":"","background-media":"","overlay-type":"","overlay-color":"","overlay-opacity":"","overlay-gradient":""},"tablet":{"background-color":"","background-image":"","background-repeat":"repeat","background-position":"center center","background-size":"auto","background-attachment":"scroll","background-type":"","background-media":"","overlay-type":"","overlay-color":"","overlay-opacity":"","overlay-gradient":""},"mobile":{"background-color":"","background-image":"","background-repeat":"repeat","background-position":"center center","background-size":"auto","background-attachment":"scroll","background-type":"","background-media":"","overlay-type":"","overlay-color":"","overlay-opacity":"","overlay-gradient":""}},"ast-content-background-meta":{"desktop":{"background-color":"var(--ast-global-color-5)","background-image":"","background-repeat":"repeat","background-position":"center center","background-size":"auto","background-attachment":"scroll","background-type":"","background-media":"","overlay-type":"","overlay-color":"","overlay-opacity":"","overlay-gradient":""},"tablet":{"background-color":"var(--ast-global-color-5)","background-image":"","background-repeat":"repeat","background-position":"center center","background-size":"auto","background-attachment":"scroll","background-type":"","background-media":"","overlay-type":"","overlay-color":"","overlay-opacity":"","overlay-gradient":""},"mobile":{"background-color":"var(--ast-global-color-5)","background-image":"","background-repeat":"repeat","background-position":"center center","background-size":"auto","background-attachment":"scroll","background-type":"","background-media":"","overlay-type":"","overlay-color":"","overlay-opacity":"","overlay-gradient":""}},"footnotes":""},"categories":[517],"tags":[],"class_list":["post-24811","post","type-post","status-publish","format-image","hentry","category-aconteceu","post_format-post-format-image"],"_links":{"self":[{"href":"https:\/\/noticiasnoface.com.br\/index.php\/wp-json\/wp\/v2\/posts\/24811","targetHints":{"allow":["GET"]}}],"collection":[{"href":"https:\/\/noticiasnoface.com.br\/index.php\/wp-json\/wp\/v2\/posts"}],"about":[{"href":"https:\/\/noticiasnoface.com.br\/index.php\/wp-json\/wp\/v2\/types\/post"}],"author":[{"embeddable":true,"href":"https:\/\/noticiasnoface.com.br\/index.php\/wp-json\/wp\/v2\/users\/1"}],"replies":[{"embeddable":true,"href":"https:\/\/noticiasnoface.com.br\/index.php\/wp-json\/wp\/v2\/comments?post=24811"}],"version-history":[{"count":1,"href":"https:\/\/noticiasnoface.com.br\/index.php\/wp-json\/wp\/v2\/posts\/24811\/revisions"}],"predecessor-version":[{"id":24812,"href":"https:\/\/noticiasnoface.com.br\/index.php\/wp-json\/wp\/v2\/posts\/24811\/revisions\/24812"}],"wp:attachment":[{"href":"https:\/\/noticiasnoface.com.br\/index.php\/wp-json\/wp\/v2\/media?parent=24811"}],"wp:term":[{"taxonomy":"category","embeddable":true,"href":"https:\/\/noticiasnoface.com.br\/index.php\/wp-json\/wp\/v2\/categories?post=24811"},{"taxonomy":"post_tag","embeddable":true,"href":"https:\/\/noticiasnoface.com.br\/index.php\/wp-json\/wp\/v2\/tags?post=24811"}],"curies":[{"name":"wp","href":"https:\/\/api.w.org\/{rel}","templated":true}]}}