{"id":24817,"date":"2024-07-06T23:08:48","date_gmt":"2024-07-07T02:08:48","guid":{"rendered":"https:\/\/noticiasnoface.com.br\/?p=24817"},"modified":"2024-07-06T23:08:48","modified_gmt":"2024-07-07T02:08:48","slug":"reporter-do-mais-voce-surge-com-marquinha-vulgar-e-ana-toma-susto","status":"publish","type":"post","link":"https:\/\/noticiasnoface.com.br\/index.php\/2024\/07\/06\/reporter-do-mais-voce-surge-com-marquinha-vulgar-e-ana-toma-susto\/","title":{"rendered":"Rep\u00f3rter do Mais Voc\u00ea surge com marquinha vulgar e Ana toma susto"},"content":{"rendered":"\n<figure class=\"wp-block-image size-large\"><img data-opt-id=1552470607  fetchpriority=\"high\" decoding=\"async\" width=\"436\" height=\"585\" src=\"https:\/\/mlbfrsat7ahr.i.optimole.com\/w:auto\/h:auto\/q:mauto\/ig:avif\/https:\/\/noticiasnoface.com.br\/wp-content\/uploads\/2024\/07\/img_8144-1.jpg\" class=\"wp-image-24816\" srcset=\"https:\/\/mlbfrsat7ahr.i.optimole.com\/w:436\/h:585\/q:mauto\/ig:avif\/https:\/\/noticiasnoface.com.br\/wp-content\/uploads\/2024\/07\/img_8144-1.jpg 436w, https:\/\/mlbfrsat7ahr.i.optimole.com\/w:224\/h:300\/q:mauto\/ig:avif\/https:\/\/noticiasnoface.com.br\/wp-content\/uploads\/2024\/07\/img_8144-1.jpg 224w\" sizes=\"(max-width: 436px) 100vw, 436px\" \/><\/figure>\n\n\n\n<!--more-->\n\n\n\n<p>Durante o programa desta quarta-feira e o quadro Feed da Ana, do programa Mais Voc\u00ea, da Rede Globo, Ju Massaoka acabou causando surpresa em Ana Maria Braga na ocasi\u00e3o a mesma trouxe uma tend\u00eancia entre os famosas, que disfar\u00e7ar com p\u00f3 para aparecer que est\u00e1 bronzeada.<\/p>\n\n\n\n<p>A jornalista ent\u00e3o surpreendeu mostrando a sua marchinha pessoal, e deixou apresentadora bastante surpresa. \u201cE a\u00ed, como a gente n\u00e3o deixa barato, a gente testou. Olha l\u00e1. Inverno de S\u00e3o Paulo, por\u00e9m\u2026 Botou o vermelhinho. Voc\u00ea fica vermelha quando toma sol?\u201d, disse Ana Maria Braga. \u201cFico torrada, mas eu gostei dessa, a gente escolhe o grau da marquinha\u201d, falou Ju.<\/p>\n\n\n\n<p>Apresentadora confirmou que de fato a marchinha era bonita, por\u00e9m abriu aspas para de ser que Com certeza deveria sair facilmente.. \u201cFicou bonito. Para quem gosta de marquinha, n\u00e3o \u00e9? Agora a pergunta \u00e9: a seguinte se voc\u00ea for para a praia assim e transpirar, no calor\u2026 Ou se resolver entrar no mar\u2026 Sem chance, n\u00e9?\u201d, disse a apresentadora.<\/p>\n\n\n\n<p>\u201cA\u00ed j\u00e1 era. Eu acho que n\u00e3o \u00e9 recomendado. O ideal \u00e9 para quem n\u00e3o teve a oportunidade de ir para a praia e voc\u00ea vem e diz: \u2018ah, estava em Cancun ontem, gente, sabe, voltei\u2019\u201d, respondeu Massaoka. \u201cBem mentirosa\u201d, respondeu a apresentadora Ana Maria Braga com bom humor.<\/p>\n\n\n\n<p>Nessa semana apresentadora Ana Maria Braga acabou surpreendendo e emocionando bastante seu p\u00fablico, na quest\u00e3o a mesma Prestou uma linda homenagem ao seu programa, e vira alisou nas redes sociais. A apresentadora fez quest\u00e3o de dar um bolo de anivers\u00e1rio para Maria, sua cozinheira mais de 25 anos, e causou grande emo\u00e7\u00e3o em todos do elenco e aqueles que conheciam ponto<\/p>\n\n\n\n<p>Em meio aquele momento ent\u00e3o apresentadora n\u00e3o contive sua emo\u00e7\u00e3o e foi as l\u00e1grimas: \u201cSabe quem est\u00e1 fazendo anivers\u00e1rio? Nossa Maria! Mariazinha Ribeiro. E tem bolo. Ela ficou escondida aqui e agora tem bolo e tudo!\u201d, falou apresentadora que foi bastante agradecida pela aniversariante do dia.<\/p>\n\n\n\n<p>Sem d\u00favida Ana Maria Braga \u00e9 uma das maiores apresentaras do Brasil, a mesma est\u00e1 h\u00e1 anos no ar, e sempre trazendo grande audi\u00eancia pra TV Globo, todas as manh\u00e3s Ana Maria costuma trazer as receitas mais deliciosas ao p\u00fablico de casa, Ana Maria Braga sempre foi muito conhecida por sua personalidade forte, a apresentadora n\u00e3o foge de pol\u00eamicas e nem costuma mentir sobre sua opini\u00e3o, diante disso j\u00e1 se envolveu em algumas pol\u00eamicas, por\u00e9m n\u00e3o perde sua autenticidade, Ana Maria Braga est\u00e1 h\u00e1 muitos anos \u00e0 frente da emissora Globo, aqui trabalha materialmente, a mesma j\u00e1 enfrentou problemas de sa\u00fade graves como c\u00e2ncer de mama, felizmente ela superou todos os obst\u00e1culos em sua carreira, em sua vida pessoal tamb\u00e9m, se tornando uma das maiores apresentadoras do pa\u00eds.<\/p>\n\n\n\n<p>Diante disso faz Ana Maria Braga est\u00e3o sempre esperando por seus novos pratos em seu programa, a mesma sempre foi conhecida tamb\u00e9m pela sua Arte da culin\u00e1ria, o que ele fez famosa ele rendeu uma carreira linda na vida, Ana Maria Braga possui receitas pessoais muito boas, que s\u00e3o levadas com carinho por seu p\u00fablico at\u00e9 suas fam\u00edlias.<\/p>\n","protected":false},"excerpt":{"rendered":"","protected":false},"author":1,"featured_media":0,"comment_status":"closed","ping_status":"open","sticky":false,"template":"","format":"image","meta":{"site-sidebar-layout":"default","site-content-layout":"","ast-site-content-layout":"default","site-content-style":"default","site-sidebar-style":"default","ast-global-header-display":"","ast-banner-title-visibility":"","ast-main-header-display":"","ast-hfb-above-header-display":"","ast-hfb-below-header-display":"","ast-hfb-mobile-header-display":"","site-post-title":"","ast-breadcrumbs-content":"","ast-featured-img":"","footer-sml-layout":"","ast-disable-related-posts":"","theme-transparent-header-meta":"","adv-header-id-meta":"","stick-header-meta":"","header-above-stick-meta":"","header-main-stick-meta":"","header-below-stick-meta":"","astra-migrate-meta-layouts":"default","ast-page-background-enabled":"default","ast-page-background-meta":{"desktop":{"background-color":"var(--ast-global-color-4)","background-image":"","background-repeat":"repeat","background-position":"center center","background-size":"auto","background-attachment":"scroll","background-type":"","background-media":"","overlay-type":"","overlay-color":"","overlay-opacity":"","overlay-gradient":""},"tablet":{"background-color":"","background-image":"","background-repeat":"repeat","background-position":"center center","background-size":"auto","background-attachment":"scroll","background-type":"","background-media":"","overlay-type":"","overlay-color":"","overlay-opacity":"","overlay-gradient":""},"mobile":{"background-color":"","background-image":"","background-repeat":"repeat","background-position":"center center","background-size":"auto","background-attachment":"scroll","background-type":"","background-media":"","overlay-type":"","overlay-color":"","overlay-opacity":"","overlay-gradient":""}},"ast-content-background-meta":{"desktop":{"background-color":"var(--ast-global-color-5)","background-image":"","background-repeat":"repeat","background-position":"center center","background-size":"auto","background-attachment":"scroll","background-type":"","background-media":"","overlay-type":"","overlay-color":"","overlay-opacity":"","overlay-gradient":""},"tablet":{"background-color":"var(--ast-global-color-5)","background-image":"","background-repeat":"repeat","background-position":"center center","background-size":"auto","background-attachment":"scroll","background-type":"","background-media":"","overlay-type":"","overlay-color":"","overlay-opacity":"","overlay-gradient":""},"mobile":{"background-color":"var(--ast-global-color-5)","background-image":"","background-repeat":"repeat","background-position":"center center","background-size":"auto","background-attachment":"scroll","background-type":"","background-media":"","overlay-type":"","overlay-color":"","overlay-opacity":"","overlay-gradient":""}},"footnotes":""},"categories":[517],"tags":[],"class_list":["post-24817","post","type-post","status-publish","format-image","hentry","category-aconteceu","post_format-post-format-image"],"_links":{"self":[{"href":"https:\/\/noticiasnoface.com.br\/index.php\/wp-json\/wp\/v2\/posts\/24817","targetHints":{"allow":["GET"]}}],"collection":[{"href":"https:\/\/noticiasnoface.com.br\/index.php\/wp-json\/wp\/v2\/posts"}],"about":[{"href":"https:\/\/noticiasnoface.com.br\/index.php\/wp-json\/wp\/v2\/types\/post"}],"author":[{"embeddable":true,"href":"https:\/\/noticiasnoface.com.br\/index.php\/wp-json\/wp\/v2\/users\/1"}],"replies":[{"embeddable":true,"href":"https:\/\/noticiasnoface.com.br\/index.php\/wp-json\/wp\/v2\/comments?post=24817"}],"version-history":[{"count":1,"href":"https:\/\/noticiasnoface.com.br\/index.php\/wp-json\/wp\/v2\/posts\/24817\/revisions"}],"predecessor-version":[{"id":24818,"href":"https:\/\/noticiasnoface.com.br\/index.php\/wp-json\/wp\/v2\/posts\/24817\/revisions\/24818"}],"wp:attachment":[{"href":"https:\/\/noticiasnoface.com.br\/index.php\/wp-json\/wp\/v2\/media?parent=24817"}],"wp:term":[{"taxonomy":"category","embeddable":true,"href":"https:\/\/noticiasnoface.com.br\/index.php\/wp-json\/wp\/v2\/categories?post=24817"},{"taxonomy":"post_tag","embeddable":true,"href":"https:\/\/noticiasnoface.com.br\/index.php\/wp-json\/wp\/v2\/tags?post=24817"}],"curies":[{"name":"wp","href":"https:\/\/api.w.org\/{rel}","templated":true}]}}