{"id":24842,"date":"2024-07-08T17:22:01","date_gmt":"2024-07-08T20:22:01","guid":{"rendered":"https:\/\/noticiasnoface.com.br\/?p=24842"},"modified":"2024-07-08T17:22:01","modified_gmt":"2024-07-08T20:22:01","slug":"desesperada-a-governadora-coloca-a-policia-civil-para-investigar-protesto-no-idema","status":"publish","type":"post","link":"https:\/\/noticiasnoface.com.br\/index.php\/2024\/07\/08\/desesperada-a-governadora-coloca-a-policia-civil-para-investigar-protesto-no-idema\/","title":{"rendered":"Desesperada a governadora coloca a pol\u00edcia civil para investigar protesto no IDEMA"},"content":{"rendered":"\n<figure class=\"wp-block-image size-large\"><img data-opt-id=24749111  fetchpriority=\"high\" decoding=\"async\" width=\"984\" height=\"738\" src=\"https:\/\/mlbfrsat7ahr.i.optimole.com\/w:auto\/h:auto\/q:mauto\/ig:avif\/https:\/\/noticiasnoface.com.br\/wp-content\/uploads\/2024\/07\/img_8208.jpg\" class=\"wp-image-24841\" srcset=\"https:\/\/mlbfrsat7ahr.i.optimole.com\/w:984\/h:738\/q:mauto\/ig:avif\/https:\/\/noticiasnoface.com.br\/wp-content\/uploads\/2024\/07\/img_8208.jpg 984w, https:\/\/mlbfrsat7ahr.i.optimole.com\/w:300\/h:225\/q:mauto\/ig:avif\/https:\/\/noticiasnoface.com.br\/wp-content\/uploads\/2024\/07\/img_8208.jpg 300w, https:\/\/mlbfrsat7ahr.i.optimole.com\/w:768\/h:576\/q:mauto\/ig:avif\/https:\/\/noticiasnoface.com.br\/wp-content\/uploads\/2024\/07\/img_8208.jpg 768w\" sizes=\"(max-width: 984px) 100vw, 984px\" \/><\/figure>\n\n\n\n<!--more-->\n\n\n\n<p>\u00c9 inacredit\u00e1vel a estrat\u00e9gia que o PT e o Governo do RN colocaram a cabo nesta segunda, para tentar suplantar o desgaste do IDEMA e do pr\u00f3prio Governo com a quest\u00e3o da engorda de Ponta Negra.<\/p>\n\n\n\n<p>O sentimento na cidade e nas redes sociais \u00e9 de revolta. N\u00e3o existe outra explica\u00e7\u00e3o. Para todos, a quest\u00e3o virou pol\u00edtica.<\/p>\n\n\n\n<p>De cada 10 pessoas que se conversa, pelo menos 8 dizem que o PT e o Governo do Estado parecem trabalhar para atrapalhar o desenvolvimento da capital. E esse sentimento n\u00e3o \u00e9 de hoje. A quest\u00e3o da draga e da engorda de Ponta Negra s\u00f3 fizeram refor\u00e7ar isso.<\/p>\n\n\n\n<p>A estrat\u00e9gia do Governo do RN e dos parlamentares do PT: deputados federais, estaduais e vereadores de Natal foi de aproveitar o deslize e o erro de assessores do prefeito \u00c1lvaro Dias para tentar inverter o jogo, fazendo ila\u00e7\u00f5es e at\u00e9 fake news.<\/p>\n\n\n\n<p>E acredite, o governo vai usar o poder de pol\u00edcia, vai colocar a Pol\u00edcia Civil para apurar a \u201cinvas\u00e3o \u00e0 sede Idema\u201d. Vai usar o poder para criar uma nuvem de fuma\u00e7a.<\/p>\n\n\n\n<p>Est\u00e1 claro que o movimento foi pac\u00edfico, foi tranquilo e teve representatividade.<\/p>\n\n\n\n<p>Pegar exce\u00e7\u00e3o para encobrir a falta de prioridade do Governo chegar a ser brincadeira.<\/p>\n\n\n\n<p>O aloprado auxiliar do prefeito de Natal que se excedeu, inclusive pediu desculpas pelo excesso.<\/p>\n\n\n\n<p>Disse que perdeu a cabe\u00e7a porque foi provocado e insultado. N\u00c3O JUSTIFICA, mas pediu desculpas.<\/p>\n\n\n\n<p>A tentativa de aproveitar o deslize de dois assessores da prefeitura que erraram, pra tentar virar o jogo, usando de narrativas baratas e o poder do estado, lembra t\u00e1tica de guerrilha.<\/p>\n\n\n\n<p>Mas n\u00e3o para por a\u00ed. O sempre equilibrado secret\u00e1rio Raimundo Alves, incorporou o esp\u00edrito de Fernando Mineiro para fazer uma salada, misturou negacionistas de vacinas, com o atentado do 8 de janeiro, com o movimento hoje em frente ao Idema.<\/p>\n\n\n\n<p>MENOS RAIMUNDO. V\u00e3o cair nessa os seus e quem deseja ver Natal sem investimento para proveito pol\u00edtico. Os cidad\u00e3os livres de Natal, n\u00e3o.<\/p>\n\n\n\n<p>Essa estrat\u00e9gia est\u00e1 vencida.<\/p>\n\n\n\n<p>Para completar, a estrat\u00e9gia tamb\u00e9m passa por carimbar a direita como se eles tivessem ido criar problemas no IDEMA, pura fic\u00e7\u00e3o .<\/p>\n\n\n\n<p>VIROU PIADA.<\/p>\n\n\n\n<p>E a LICEN\u00c7A\u2026. N\u00c3O \u00c9 PRIORIDADE PARA ESSA GEST\u00c3O.<\/p>\n\n\n\n<p>BG<\/p>\n","protected":false},"excerpt":{"rendered":"","protected":false},"author":1,"featured_media":0,"comment_status":"closed","ping_status":"open","sticky":false,"template":"","format":"image","meta":{"site-sidebar-layout":"default","site-content-layout":"","ast-site-content-layout":"default","site-content-style":"default","site-sidebar-style":"default","ast-global-header-display":"","ast-banner-title-visibility":"","ast-main-header-display":"","ast-hfb-above-header-display":"","ast-hfb-below-header-display":"","ast-hfb-mobile-header-display":"","site-post-title":"","ast-breadcrumbs-content":"","ast-featured-img":"","footer-sml-layout":"","ast-disable-related-posts":"","theme-transparent-header-meta":"","adv-header-id-meta":"","stick-header-meta":"","header-above-stick-meta":"","header-main-stick-meta":"","header-below-stick-meta":"","astra-migrate-meta-layouts":"default","ast-page-background-enabled":"default","ast-page-background-meta":{"desktop":{"background-color":"var(--ast-global-color-4)","background-image":"","background-repeat":"repeat","background-position":"center center","background-size":"auto","background-attachment":"scroll","background-type":"","background-media":"","overlay-type":"","overlay-color":"","overlay-opacity":"","overlay-gradient":""},"tablet":{"background-color":"","background-image":"","background-repeat":"repeat","background-position":"center center","background-size":"auto","background-attachment":"scroll","background-type":"","background-media":"","overlay-type":"","overlay-color":"","overlay-opacity":"","overlay-gradient":""},"mobile":{"background-color":"","background-image":"","background-repeat":"repeat","background-position":"center center","background-size":"auto","background-attachment":"scroll","background-type":"","background-media":"","overlay-type":"","overlay-color":"","overlay-opacity":"","overlay-gradient":""}},"ast-content-background-meta":{"desktop":{"background-color":"var(--ast-global-color-5)","background-image":"","background-repeat":"repeat","background-position":"center center","background-size":"auto","background-attachment":"scroll","background-type":"","background-media":"","overlay-type":"","overlay-color":"","overlay-opacity":"","overlay-gradient":""},"tablet":{"background-color":"var(--ast-global-color-5)","background-image":"","background-repeat":"repeat","background-position":"center center","background-size":"auto","background-attachment":"scroll","background-type":"","background-media":"","overlay-type":"","overlay-color":"","overlay-opacity":"","overlay-gradient":""},"mobile":{"background-color":"var(--ast-global-color-5)","background-image":"","background-repeat":"repeat","background-position":"center center","background-size":"auto","background-attachment":"scroll","background-type":"","background-media":"","overlay-type":"","overlay-color":"","overlay-opacity":"","overlay-gradient":""}},"footnotes":""},"categories":[517],"tags":[],"class_list":["post-24842","post","type-post","status-publish","format-image","hentry","category-aconteceu","post_format-post-format-image"],"_links":{"self":[{"href":"https:\/\/noticiasnoface.com.br\/index.php\/wp-json\/wp\/v2\/posts\/24842","targetHints":{"allow":["GET"]}}],"collection":[{"href":"https:\/\/noticiasnoface.com.br\/index.php\/wp-json\/wp\/v2\/posts"}],"about":[{"href":"https:\/\/noticiasnoface.com.br\/index.php\/wp-json\/wp\/v2\/types\/post"}],"author":[{"embeddable":true,"href":"https:\/\/noticiasnoface.com.br\/index.php\/wp-json\/wp\/v2\/users\/1"}],"replies":[{"embeddable":true,"href":"https:\/\/noticiasnoface.com.br\/index.php\/wp-json\/wp\/v2\/comments?post=24842"}],"version-history":[{"count":1,"href":"https:\/\/noticiasnoface.com.br\/index.php\/wp-json\/wp\/v2\/posts\/24842\/revisions"}],"predecessor-version":[{"id":24843,"href":"https:\/\/noticiasnoface.com.br\/index.php\/wp-json\/wp\/v2\/posts\/24842\/revisions\/24843"}],"wp:attachment":[{"href":"https:\/\/noticiasnoface.com.br\/index.php\/wp-json\/wp\/v2\/media?parent=24842"}],"wp:term":[{"taxonomy":"category","embeddable":true,"href":"https:\/\/noticiasnoface.com.br\/index.php\/wp-json\/wp\/v2\/categories?post=24842"},{"taxonomy":"post_tag","embeddable":true,"href":"https:\/\/noticiasnoface.com.br\/index.php\/wp-json\/wp\/v2\/tags?post=24842"}],"curies":[{"name":"wp","href":"https:\/\/api.w.org\/{rel}","templated":true}]}}