{"id":24846,"date":"2024-07-09T06:27:27","date_gmt":"2024-07-09T09:27:27","guid":{"rendered":"https:\/\/noticiasnoface.com.br\/?p=24846"},"modified":"2024-07-09T06:27:27","modified_gmt":"2024-07-09T09:27:27","slug":"morre-filho-de-ze-vaqueiro","status":"publish","type":"post","link":"https:\/\/noticiasnoface.com.br\/index.php\/2024\/07\/09\/morre-filho-de-ze-vaqueiro\/","title":{"rendered":"Morre filho de Z\u00e9 Vaqueiro"},"content":{"rendered":"\n<figure class=\"wp-block-image size-large\"><img data-opt-id=447210901  fetchpriority=\"high\" decoding=\"async\" width=\"600\" height=\"338\" src=\"https:\/\/mlbfrsat7ahr.i.optimole.com\/w:auto\/h:auto\/q:mauto\/ig:avif\/https:\/\/noticiasnoface.com.br\/wp-content\/uploads\/2024\/07\/img_8232-1.jpg\" class=\"wp-image-24845\" srcset=\"https:\/\/mlbfrsat7ahr.i.optimole.com\/w:600\/h:338\/q:mauto\/ig:avif\/https:\/\/noticiasnoface.com.br\/wp-content\/uploads\/2024\/07\/img_8232-1.jpg 600w, https:\/\/mlbfrsat7ahr.i.optimole.com\/w:300\/h:169\/q:mauto\/ig:avif\/https:\/\/noticiasnoface.com.br\/wp-content\/uploads\/2024\/07\/img_8232-1.jpg 300w\" sizes=\"(max-width: 600px) 100vw, 600px\" \/><\/figure>\n\n\n\n<!--more-->\n\n\n\n<p>Arthur, filho do cantor&nbsp;<strong>Z\u00e9 Vaqueiro<\/strong>&nbsp;com Ingra Soares, morreu aos 11 meses de idade. A informa\u00e7\u00e3o foi confirmada pela equipe do artista nas redes sociais, na madrugada desta ter\u00e7a-feira (9).<\/p>\n\n\n\n<p><a href=\"https:\/\/chat.whatsapp.com\/CE3whVaRoWqIh2IgGQ1Tcn\" target=\"_blank\" rel=\"noopener\">\u2705Participe de nosso grupo de WhatsApp https:\/\/chat.whatsapp.com\/CE3whVaRoWqIh2IgGQ1Tcn<\/a><\/p>\n\n\n\n<p>O&nbsp;<a href=\"https:\/\/g1.globo.com\/ce\/ceara\/noticia\/2023\/07\/26\/ze-vaqueiro-cancela-shows-apos-nascimento-do-filho-com-doenca-genetica.ghtml\" target=\"_blank\" rel=\"noopener\">beb\u00ea nasceu no fim de julho de 2023<\/a>&nbsp;e foi diagnosticado com uma malforma\u00e7\u00e3o cong\u00eanita decorrente da s\u00edndrome da trissomia do cromossomo 13 \u2014 tamb\u00e9m conhecida como s\u00edndrome de Patau.&nbsp;<\/p>\n\n\n\n<p>Ap\u00f3s o nascimento, Arthur ficou hospitalizado por quase dez meses,&nbsp;<a href=\"https:\/\/g1.globo.com\/ce\/ceara\/noticia\/2024\/05\/16\/filho-do-cantor-ze-vaqueiro-que-nasceu-com-sindrome-rara-deixa-hospital-pela-primeira-vez.ghtml\" target=\"_blank\" rel=\"noopener\">at\u00e9 que recebeu alta<\/a>. No entanto, um dia depois de deixar o hospital, o menino sofreu uma parada card\u00edaca e&nbsp;<a href=\"https:\/\/g1.globo.com\/ce\/ceara\/noticia\/2024\/05\/17\/filho-do-cantor-ze-vaqueiro-e-internado-em-uti-um-dia-apos-sair-de-hospital-pela-primeira-vez.ghtml\" target=\"_blank\" rel=\"noopener\">voltou a ser internado<\/a>.<\/p>\n\n\n\n<blockquote class=\"wp-block-quote is-layout-flow wp-block-quote-is-layout-flow\">\n<p>&#8220;Deus sabe de todas as coisas, e decidiu que era hora do nosso Arthur se juntar a Ele e descansar. Agradecemos do fundo de nossos cora\u00e7\u00f5es o amor e as ora\u00e7\u00f5es que nosso menino recebeu enquanto estava entre n\u00f3s&#8221;, publicou Z\u00e9 Vaqueiro e Ingra nas redes sociais.<\/p>\n<\/blockquote>\n\n\n\n<p>Arthur era o filho ca\u00e7ula de Z\u00e9 Vaqueiro. Ele e a esposa t\u00eam outros dois filhos: Daniel e Nicole.<\/p>\n\n\n\n<figure class=\"wp-block-image\"><img data-opt-id=1548825120  fetchpriority=\"high\" decoding=\"async\" src=\"https:\/\/s2-g1.glbimg.com\/vR4T6RvcLH7W3ac4qBYCDRKGaEc=\/0x0:1024x576\/600x0\/smart\/filters:gifv():strip_icc()\/i.s3.glbimg.com\/v1\/AUTH_59edd422c0c84a879bd37670ae4f538a\/internal_photos\/bs\/2024\/z\/1\/jxExDYQrqWcVB55okkmA\/familia-visita-arthur-na-uti..jpg\" alt=\"Fam\u00edlia visita Arthur na UTI \u2014 Foto: Reprodu\u00e7\u00e3o\/Instagram @zevaqueiro\"\/><\/figure>\n\n\n\n<p>Fam\u00edlia visita Arthur na UTI \u2014 Foto: Reprodu\u00e7\u00e3o\/Instagram @zevaqueiro&nbsp;<\/p>\n\n\n\n<p>A s\u00edndrome de Patau \u00e9 uma doen\u00e7a gen\u00e9tica caracterizada por um cromossomo a mais, o que causa problemas de m\u00e1 forma\u00e7\u00e3o no rosto e nos membros e nos sistemas nervoso, card\u00edaco e urin\u00e1rio.<\/p>\n\n\n\n<blockquote class=\"wp-block-quote is-layout-flow wp-block-quote-is-layout-flow\">\n<p>\u201c\u00c9 uma doen\u00e7a gen\u00e9tica rara, afeta cerca de um em cada quatro mil nascido vivos\u201d, afirma a geneticista Cristiana Libardi, pesquisadora da Universidade de Fortaleza (Unifor).<\/p>\n<\/blockquote>\n\n\n\n<p>O n\u00famero de cromossomos varia de esp\u00e9cie para esp\u00e9cie, mas seres humanos possuem, de modo geral, 46 cromossomos em cada c\u00e9lula, sendo 23 herdados do pai e 23 da m\u00e3e.<\/p>\n\n\n\n<p>Os cromossomos s\u00e3o contados em dupla e nomeados numericamente (um par de cromossomos 1, um par de cromossomos 2, um par de cromossomos 3, e assim por diante). A s\u00edndrome de Patau se caracteriza pela presen\u00e7a de um cromossomo 13 a mais.<\/p>\n\n\n\n<p>\u201cEssa falha pode ocorrer durante a divis\u00e3o dos gametas [c\u00e9lulas reprodutivas] masculino ou feminino, em que em vez de os gametas irem com uma c\u00f3pia de cada cromossomo, \u00e0s vezes o gameta vai com uma c\u00f3pia extra. Ou ent\u00e3o h\u00e1 uma divis\u00e3o errada durante o crescimento do embri\u00e3o\u201d, aponta Libardi.<\/p>\n\n\n\n<p>Portanto, em vez de ter um par de cromossomos 13, os portadores da s\u00edndrome t\u00eam tr\u00eas cromossomos 13, por isso o nome trissomia.&nbsp;<\/p>\n\n\n\n<p><strong>Entre os problemas causados pela doen\u00e7a est\u00e3o:<\/strong><\/p>\n\n\n\n<ul class=\"wp-block-list\">\n<li>Malforma\u00e7\u00e3o no cora\u00e7\u00e3o<\/li>\n\n\n\n<li>Malforma\u00e7\u00e3o no sistema nervoso<\/li>\n\n\n\n<li>Altera\u00e7\u00f5es nas faces e l\u00e1bios leporinos<\/li>\n\n\n\n<li>Malforma\u00e7\u00e3o nos rins<\/li>\n\n\n\n<li>Problemas respirat\u00f3rios<\/li>\n\n\n\n<li>Micro ou anolftalmia (olhos pequenos ou aus\u00eancia de olhos)<\/li>\n\n\n\n<li>Defeitos abdominais<\/li>\n\n\n\n<li>Malforma\u00e7\u00e3o nas orelhas e surdez<\/li>\n<\/ul>\n","protected":false},"excerpt":{"rendered":"","protected":false},"author":1,"featured_media":0,"comment_status":"closed","ping_status":"open","sticky":false,"template":"","format":"image","meta":{"site-sidebar-layout":"default","site-content-layout":"","ast-site-content-layout":"default","site-content-style":"default","site-sidebar-style":"default","ast-global-header-display":"","ast-banner-title-visibility":"","ast-main-header-display":"","ast-hfb-above-header-display":"","ast-hfb-below-header-display":"","ast-hfb-mobile-header-display":"","site-post-title":"","ast-breadcrumbs-content":"","ast-featured-img":"","footer-sml-layout":"","ast-disable-related-posts":"","theme-transparent-header-meta":"","adv-header-id-meta":"","stick-header-meta":"","header-above-stick-meta":"","header-main-stick-meta":"","header-below-stick-meta":"","astra-migrate-meta-layouts":"default","ast-page-background-enabled":"default","ast-page-background-meta":{"desktop":{"background-color":"var(--ast-global-color-4)","background-image":"","background-repeat":"repeat","background-position":"center center","background-size":"auto","background-attachment":"scroll","background-type":"","background-media":"","overlay-type":"","overlay-color":"","overlay-opacity":"","overlay-gradient":""},"tablet":{"background-color":"","background-image":"","background-repeat":"repeat","background-position":"center center","background-size":"auto","background-attachment":"scroll","background-type":"","background-media":"","overlay-type":"","overlay-color":"","overlay-opacity":"","overlay-gradient":""},"mobile":{"background-color":"","background-image":"","background-repeat":"repeat","background-position":"center center","background-size":"auto","background-attachment":"scroll","background-type":"","background-media":"","overlay-type":"","overlay-color":"","overlay-opacity":"","overlay-gradient":""}},"ast-content-background-meta":{"desktop":{"background-color":"var(--ast-global-color-5)","background-image":"","background-repeat":"repeat","background-position":"center center","background-size":"auto","background-attachment":"scroll","background-type":"","background-media":"","overlay-type":"","overlay-color":"","overlay-opacity":"","overlay-gradient":""},"tablet":{"background-color":"var(--ast-global-color-5)","background-image":"","background-repeat":"repeat","background-position":"center center","background-size":"auto","background-attachment":"scroll","background-type":"","background-media":"","overlay-type":"","overlay-color":"","overlay-opacity":"","overlay-gradient":""},"mobile":{"background-color":"var(--ast-global-color-5)","background-image":"","background-repeat":"repeat","background-position":"center center","background-size":"auto","background-attachment":"scroll","background-type":"","background-media":"","overlay-type":"","overlay-color":"","overlay-opacity":"","overlay-gradient":""}},"footnotes":""},"categories":[517],"tags":[],"class_list":["post-24846","post","type-post","status-publish","format-image","hentry","category-aconteceu","post_format-post-format-image"],"_links":{"self":[{"href":"https:\/\/noticiasnoface.com.br\/index.php\/wp-json\/wp\/v2\/posts\/24846","targetHints":{"allow":["GET"]}}],"collection":[{"href":"https:\/\/noticiasnoface.com.br\/index.php\/wp-json\/wp\/v2\/posts"}],"about":[{"href":"https:\/\/noticiasnoface.com.br\/index.php\/wp-json\/wp\/v2\/types\/post"}],"author":[{"embeddable":true,"href":"https:\/\/noticiasnoface.com.br\/index.php\/wp-json\/wp\/v2\/users\/1"}],"replies":[{"embeddable":true,"href":"https:\/\/noticiasnoface.com.br\/index.php\/wp-json\/wp\/v2\/comments?post=24846"}],"version-history":[{"count":1,"href":"https:\/\/noticiasnoface.com.br\/index.php\/wp-json\/wp\/v2\/posts\/24846\/revisions"}],"predecessor-version":[{"id":24847,"href":"https:\/\/noticiasnoface.com.br\/index.php\/wp-json\/wp\/v2\/posts\/24846\/revisions\/24847"}],"wp:attachment":[{"href":"https:\/\/noticiasnoface.com.br\/index.php\/wp-json\/wp\/v2\/media?parent=24846"}],"wp:term":[{"taxonomy":"category","embeddable":true,"href":"https:\/\/noticiasnoface.com.br\/index.php\/wp-json\/wp\/v2\/categories?post=24846"},{"taxonomy":"post_tag","embeddable":true,"href":"https:\/\/noticiasnoface.com.br\/index.php\/wp-json\/wp\/v2\/tags?post=24846"}],"curies":[{"name":"wp","href":"https:\/\/api.w.org\/{rel}","templated":true}]}}