{"id":24871,"date":"2024-07-10T15:55:33","date_gmt":"2024-07-10T18:55:33","guid":{"rendered":"https:\/\/noticiasnoface.com.br\/?p=24871"},"modified":"2024-07-10T15:55:33","modified_gmt":"2024-07-10T18:55:33","slug":"dinamarca-vai-cobrar-imposto-pelos-peido-das-vacas-entenda","status":"publish","type":"post","link":"https:\/\/noticiasnoface.com.br\/index.php\/2024\/07\/10\/dinamarca-vai-cobrar-imposto-pelos-peido-das-vacas-entenda\/","title":{"rendered":"Dinamarca vai cobrar imposto pelos peido das vacas, entenda"},"content":{"rendered":"\n<figure class=\"wp-block-image size-large\"><img data-opt-id=888595742  fetchpriority=\"high\" decoding=\"async\" width=\"888\" height=\"592\" src=\"https:\/\/mlbfrsat7ahr.i.optimole.com\/w:auto\/h:auto\/q:mauto\/ig:avif\/https:\/\/noticiasnoface.com.br\/wp-content\/uploads\/2024\/07\/img_8340.jpg\" class=\"wp-image-24870\" srcset=\"https:\/\/mlbfrsat7ahr.i.optimole.com\/w:888\/h:592\/q:mauto\/ig:avif\/https:\/\/noticiasnoface.com.br\/wp-content\/uploads\/2024\/07\/img_8340.jpg 888w, https:\/\/mlbfrsat7ahr.i.optimole.com\/w:300\/h:200\/q:mauto\/ig:avif\/https:\/\/noticiasnoface.com.br\/wp-content\/uploads\/2024\/07\/img_8340.jpg 300w, https:\/\/mlbfrsat7ahr.i.optimole.com\/w:768\/h:512\/q:mauto\/ig:avif\/https:\/\/noticiasnoface.com.br\/wp-content\/uploads\/2024\/07\/img_8340.jpg 768w\" sizes=\"(max-width: 888px) 100vw, 888px\" \/><\/figure>\n\n\n\n<!--more-->\n\n\n\n<p>Receitas geradas pelo imposto ser\u00e3o reinvestidas na transi\u00e7\u00e3o ecol\u00f3gica da ind\u00fastria agr\u00edcola<\/p>\n\n\n\n<p>A partir de 2030, as emiss\u00f5es de metano causadas pela flatul\u00eancia de bovinos e su\u00ednos dinamarqueses ser\u00e3o tributadas em 300 coroas (239 reais na cota\u00e7\u00e3o atual) por tonelada equivalente de CO2.&nbsp;<\/p>\n\n\n\n<p>O valor aumentar\u00e1 para 750 coroas (cerca de 554 reais) em 2035, no \u00e2mbito de um acordo alcan\u00e7ado em junho entre o governo, parte da oposi\u00e7\u00e3o e representantes dos pecuaristas, da ind\u00fastria e dos sindicatos. O Parlamento do pa\u00eds escandinavo ainda dever\u00e1 aprovar o texto.&nbsp;<\/p>\n\n\n\n<p>Para Christian Fromberg, especialista em agricultura do Greenpeace, o texto &#8220;traz esperan\u00e7a, enquanto muitos pa\u00edses retrocedem em suas a\u00e7\u00f5es clim\u00e1ticas&#8221;.&nbsp;<\/p>\n\n\n\n<p>&#8220;A taxa de carbono deveria ser mais elevada e ter sido aplicada antes, mas \u00e9 um passo importante&#8221;, comemorou.&nbsp;<\/p>\n\n\n\n<p>Ao mesmo tempo, lamenta uma &#8220;grande oportunidade perdida&#8221; para que &#8220;a agricultura dinamarquesa tome um novo rumo&#8221;, j\u00e1 que suas pr\u00e1ticas ainda s\u00e3o muito intensivas e liberam muito nitrog\u00eanio, respons\u00e1vel pela desoxigena\u00e7\u00e3o da \u00e1gua. Sem oxig\u00eanio, a fauna e a flora marinhas desaparecem.&nbsp;<\/p>\n\n\n\n<p>Para a Associa\u00e7\u00e3o Dinamarquesa para a Agricultura Sustent\u00e1vel, o acordo \u00e9 &#8220;in\u00fatil&#8221;. \u00c9 &#8220;um dia triste para a agricultura&#8221;, afirmou em nota.&nbsp;<\/p>\n\n\n\n<p>&#8220;Como agricultor, fico desconfort\u00e1vel porque participamos de uma experi\u00eancia incerta&#8221; que pode amea\u00e7ar &#8220;a seguran\u00e7a do abastecimento alimentar&#8221;, afirmou seu presidente, Peter Kiaer, lembrando que a Nova Zel\u00e2ndia abandonou uma proposta semelhante por reclama\u00e7\u00f5es de pecuaristas.&nbsp;<\/p>\n\n\n\n<p>Para reduzir as despesas dos agricultores dinamarqueses, o plano prop\u00f5e uma redu\u00e7\u00e3o de impostos de 60%. O custo real dever\u00e1 ser de 120 coroas (cerca de 97 reais) por tonelada a partir de 2030, e de 44 coroas cinco anos mais tarde.&nbsp;<\/p>\n\n\n\n<p>No entanto, at\u00e9 2.000 empregos poder\u00e3o ser perdidos at\u00e9 2035, segundo estimativas do Minist\u00e9rio da Economia.&nbsp;<\/p>\n\n\n\n<p>As receitas geradas pelo imposto ser\u00e3o reinvestidas na transi\u00e7\u00e3o ecol\u00f3gica da ind\u00fastria agr\u00edcola. Mais de 60% da superf\u00edcie do pa\u00eds \u00e9 dedicada \u00e0 agricultura. O pousio (\u00e1rea de terra em repouso) de 140 mil hectares tamb\u00e9m dever\u00e1 aumentar o armazenamento de carbono no solo, para reduzir a concentra\u00e7\u00e3o de gases de efeito estufa na atmosfera.&nbsp;<\/p>\n\n\n\n<p>&#8220;Na Dinamarca, existe o mito de que somos pioneiros ambientais&#8221;, disse Fromberg, do Greenpeace.&nbsp;<\/p>\n\n\n\n<p>&#8220;\u00c9 muito dif\u00edcil dizer que este acordo \u00e9 hist\u00f3rico. \u00c9 uma continua\u00e7\u00e3o da intensifica\u00e7\u00e3o da agricultura dinamarquesa ao longo dos \u00faltimos 70 anos. O acordo incentiva a agricultura dinamarquesa a continuar como pa\u00eds produtor de carne mais intensivo do mundo&#8221;, disse.&nbsp;<\/p>\n\n\n\n<p>A n\u00edvel mundial, a Dinamarca \u00e9 um dos principais exportadores de carne su\u00edna, cerca de metade das exporta\u00e7\u00f5es agr\u00edcolas do pa\u00eds, segundo o Conselho para Agricultura e Alimenta\u00e7\u00e3o.<\/p>\n","protected":false},"excerpt":{"rendered":"","protected":false},"author":1,"featured_media":0,"comment_status":"closed","ping_status":"open","sticky":false,"template":"","format":"image","meta":{"site-sidebar-layout":"default","site-content-layout":"","ast-site-content-layout":"default","site-content-style":"default","site-sidebar-style":"default","ast-global-header-display":"","ast-banner-title-visibility":"","ast-main-header-display":"","ast-hfb-above-header-display":"","ast-hfb-below-header-display":"","ast-hfb-mobile-header-display":"","site-post-title":"","ast-breadcrumbs-content":"","ast-featured-img":"","footer-sml-layout":"","ast-disable-related-posts":"","theme-transparent-header-meta":"","adv-header-id-meta":"","stick-header-meta":"","header-above-stick-meta":"","header-main-stick-meta":"","header-below-stick-meta":"","astra-migrate-meta-layouts":"default","ast-page-background-enabled":"default","ast-page-background-meta":{"desktop":{"background-color":"var(--ast-global-color-4)","background-image":"","background-repeat":"repeat","background-position":"center center","background-size":"auto","background-attachment":"scroll","background-type":"","background-media":"","overlay-type":"","overlay-color":"","overlay-opacity":"","overlay-gradient":""},"tablet":{"background-color":"","background-image":"","background-repeat":"repeat","background-position":"center center","background-size":"auto","background-attachment":"scroll","background-type":"","background-media":"","overlay-type":"","overlay-color":"","overlay-opacity":"","overlay-gradient":""},"mobile":{"background-color":"","background-image":"","background-repeat":"repeat","background-position":"center center","background-size":"auto","background-attachment":"scroll","background-type":"","background-media":"","overlay-type":"","overlay-color":"","overlay-opacity":"","overlay-gradient":""}},"ast-content-background-meta":{"desktop":{"background-color":"var(--ast-global-color-5)","background-image":"","background-repeat":"repeat","background-position":"center center","background-size":"auto","background-attachment":"scroll","background-type":"","background-media":"","overlay-type":"","overlay-color":"","overlay-opacity":"","overlay-gradient":""},"tablet":{"background-color":"var(--ast-global-color-5)","background-image":"","background-repeat":"repeat","background-position":"center center","background-size":"auto","background-attachment":"scroll","background-type":"","background-media":"","overlay-type":"","overlay-color":"","overlay-opacity":"","overlay-gradient":""},"mobile":{"background-color":"var(--ast-global-color-5)","background-image":"","background-repeat":"repeat","background-position":"center center","background-size":"auto","background-attachment":"scroll","background-type":"","background-media":"","overlay-type":"","overlay-color":"","overlay-opacity":"","overlay-gradient":""}},"footnotes":""},"categories":[517],"tags":[],"class_list":["post-24871","post","type-post","status-publish","format-image","hentry","category-aconteceu","post_format-post-format-image"],"_links":{"self":[{"href":"https:\/\/noticiasnoface.com.br\/index.php\/wp-json\/wp\/v2\/posts\/24871","targetHints":{"allow":["GET"]}}],"collection":[{"href":"https:\/\/noticiasnoface.com.br\/index.php\/wp-json\/wp\/v2\/posts"}],"about":[{"href":"https:\/\/noticiasnoface.com.br\/index.php\/wp-json\/wp\/v2\/types\/post"}],"author":[{"embeddable":true,"href":"https:\/\/noticiasnoface.com.br\/index.php\/wp-json\/wp\/v2\/users\/1"}],"replies":[{"embeddable":true,"href":"https:\/\/noticiasnoface.com.br\/index.php\/wp-json\/wp\/v2\/comments?post=24871"}],"version-history":[{"count":1,"href":"https:\/\/noticiasnoface.com.br\/index.php\/wp-json\/wp\/v2\/posts\/24871\/revisions"}],"predecessor-version":[{"id":24872,"href":"https:\/\/noticiasnoface.com.br\/index.php\/wp-json\/wp\/v2\/posts\/24871\/revisions\/24872"}],"wp:attachment":[{"href":"https:\/\/noticiasnoface.com.br\/index.php\/wp-json\/wp\/v2\/media?parent=24871"}],"wp:term":[{"taxonomy":"category","embeddable":true,"href":"https:\/\/noticiasnoface.com.br\/index.php\/wp-json\/wp\/v2\/categories?post=24871"},{"taxonomy":"post_tag","embeddable":true,"href":"https:\/\/noticiasnoface.com.br\/index.php\/wp-json\/wp\/v2\/tags?post=24871"}],"curies":[{"name":"wp","href":"https:\/\/api.w.org\/{rel}","templated":true}]}}