{"id":24889,"date":"2024-07-12T13:55:02","date_gmt":"2024-07-12T16:55:02","guid":{"rendered":"https:\/\/noticiasnoface.com.br\/?p=24889"},"modified":"2024-07-12T13:55:02","modified_gmt":"2024-07-12T16:55:02","slug":"deputado-coronel-azevedo-aprova-na-assembleia-titulo-de-cidadao-para-bolsonaro","status":"publish","type":"post","link":"https:\/\/noticiasnoface.com.br\/index.php\/2024\/07\/12\/deputado-coronel-azevedo-aprova-na-assembleia-titulo-de-cidadao-para-bolsonaro\/","title":{"rendered":"Deputado Coronel Azevedo aprova na Assembleia t\u00edtulo de cidad\u00e3o para Bolsonaro"},"content":{"rendered":"\n<figure class=\"wp-block-image size-large\"><img data-opt-id=1190589116  fetchpriority=\"high\" decoding=\"async\" width=\"1024\" height=\"682\" src=\"https:\/\/mlbfrsat7ahr.i.optimole.com\/w:1024\/h:682\/q:mauto\/ig:avif\/https:\/\/noticiasnoface.com.br\/wp-content\/uploads\/2024\/07\/2467c056-ff83-4eb3-b9c0-70b8a72f801c-1.jpg\" class=\"wp-image-24888\" srcset=\"https:\/\/mlbfrsat7ahr.i.optimole.com\/w:1024\/h:682\/q:mauto\/ig:avif\/https:\/\/noticiasnoface.com.br\/wp-content\/uploads\/2024\/07\/2467c056-ff83-4eb3-b9c0-70b8a72f801c-1.jpg 1024w, https:\/\/mlbfrsat7ahr.i.optimole.com\/w:300\/h:200\/q:mauto\/ig:avif\/https:\/\/noticiasnoface.com.br\/wp-content\/uploads\/2024\/07\/2467c056-ff83-4eb3-b9c0-70b8a72f801c-1.jpg 300w, https:\/\/mlbfrsat7ahr.i.optimole.com\/w:768\/h:512\/q:mauto\/ig:avif\/https:\/\/noticiasnoface.com.br\/wp-content\/uploads\/2024\/07\/2467c056-ff83-4eb3-b9c0-70b8a72f801c-1.jpg 768w, https:\/\/mlbfrsat7ahr.i.optimole.com\/w:1536\/h:1023\/q:mauto\/ig:avif\/https:\/\/noticiasnoface.com.br\/wp-content\/uploads\/2024\/07\/2467c056-ff83-4eb3-b9c0-70b8a72f801c-1.jpg 1536w, https:\/\/mlbfrsat7ahr.i.optimole.com\/w:1600\/h:1066\/q:mauto\/ig:avif\/https:\/\/noticiasnoface.com.br\/wp-content\/uploads\/2024\/07\/2467c056-ff83-4eb3-b9c0-70b8a72f801c-1.jpg 1600w\" sizes=\"(max-width: 1000px) 100vw, 1000px\" \/><\/figure>\n\n\n\n<!--more-->\n\n\n\n<p><em>Deputado Coronel Azevedo aprova na Assembleia t\u00edtulo de cidad\u00e3o para Bolsonaro<\/em><\/p>\n\n\n\n<p>A Assembleia Legislativa aprovou na quarta-feira, 10, o t\u00edtulo de Cidad\u00e3o Norte-rio-grandense para o ex-presidente Jair Bolsonaro, para o governador de S\u00e3o Paulo Tarcisio de Freitas e para o deputado federal General Gir\u00e3o.<\/p>\n\n\n\n<p>As tr\u00eas proposi\u00e7\u00f5es foram do deputado estadual Coronel Azevedo.<\/p>\n\n\n\n<p>Segundo o deputado, \u201cnosso presidente Jair Messias Bolsonaro fez muito pelo Rio Grande do Norte. Repassou recursos e realizou entregas de obras e servi\u00e7os para nosso povo. Prestigiou nossa classe pol\u00edtica. Com Bolsonaro t\u00ednhamos 02 ministros de Estado e aten\u00e7\u00e3o em Bras\u00edlia, enquanto que agora, no atual Governo, n\u00e3o temos nada. Por isso, mais do que um gesto de grandeza do parlamento estadual, esta honraria \u00e9 uma certid\u00e3o de reconhecimento p\u00fablico do trabalho de Bolsonaro pelo Rio Grande do Norte. O t\u00edtulo de cidad\u00e3o foi aprovado \u00e0 unanimidade pelos deputados\u201d, explica o deputado Coronel Azevedo.<\/p>\n\n\n\n<p>Para o deputado Coronel Azevedo, o per\u00edodo do Governo Bolsonaro e sua gest\u00e3o na economia do pa\u00eds foram fundamentais para o Rio Grande do Norte. Prefeituras conseguiram honrar seus compromissos e os prefeitos viveram um momento sem a velha pol\u00edtica do \u201cpires na m\u00e3o\u201d. Mesmo com a pandemia, havia um comprometimento maior do Governo Federal para com o Estado.<\/p>\n\n\n\n<p>Coronel Azevedo cita alguns dos benef\u00edcios do Governo Bolsonaro para com o RN:<\/p>\n\n\n\n<ul class=\"wp-block-list\">\n<li>T\u00ednhamos 2 ministros de Estado, potiguares;<\/li>\n\n\n\n<li>Recebemos recursos para a Barragem de Oiticica;<\/li>\n\n\n\n<li>Recebemos recursos para a Duplica\u00e7\u00e3o da Reta Tabajara;<\/li>\n\n\n\n<li>Recebemos recursos para a Revitaliza\u00e7\u00e3o do terminal tur\u00edstico da Redinha;<\/li>\n\n\n\n<li>Recebemos a transposi\u00e7\u00e3o do Rio S\u00e3o Francisco;<\/li>\n\n\n\n<li>Recebermos recursos para a Engorda da Praia de Ponta Negra;<\/li>\n\n\n\n<li>Recebemos o Programas como Wi-Fi Brasil;<\/li>\n\n\n\n<li>Recebemos milhares de t\u00edtulos de terras, fam\u00edlias assentadas foram beneficiadas;<\/li>\n\n\n\n<li>Recebemos as \u00e1guas do Rio S\u00e3o Francisco<\/li>\n\n\n\n<li>Recebemos a Perfura\u00e7\u00e3o de po\u00e7os artesianos e instala\u00e7\u00e3o de dessalinizadores em v\u00e1rios munic\u00edpios que sofriam com falta d\u2019\u00e1gua e dependiam do carro pipa;<\/li>\n\n\n\n<li>Tivemos a Expans\u00e3o de programas nacionais como o Aux\u00edlio Brasil, que beneficiou milhares de fam\u00edlias;<\/li>\n\n\n\n<li>Recebemos Recursos par o combate \u00e0 pandemia;<\/li>\n\n\n\n<li>Recebemos recursos para para expans\u00e3o da Ferrovia at\u00e9 N\u00edsia Floresta e at\u00e9 Cear\u00e1 Mirim;<\/li>\n\n\n\n<li>Bolsonaro lan\u00e7ou o pix que beneficiou os mais pobres do Rio Grande do Norte livrando-os das taxas banc\u00e1rias e permitindo que os benef\u00edcios chegassem direto ao benefici\u00e1rio sem intermedi\u00e1rios;<\/li>\n\n\n\n<li>Ampliou a validade da CNH, acabou com o DPVAT, reduziu pontos de multas de tr\u00e2nsito.<br>Entre outros benef\u00edcios\u2026<\/li>\n<\/ul>\n\n\n\n<p><em>TARC\u00cdSIO E GIR\u00c3O<\/em><br \/>Al\u00e9m do t\u00edtulo de cidad\u00e3o para o ex-presidente Bolsonaro, tamb\u00e9m foram aprovados os mesmos t\u00edtulos para o Governador de S\u00e3o Paulo, Tarcisio de Freitas, e para o deputado federal General Gir\u00e3o.<\/p>\n\n\n\n<p>TARC\u00cdSIO &#8211; Nascido no Rio de Janeiro em 19 de junho de 1975, Tarc\u00edsio Gomes de Freitas, \u00e9 casado com a parnamirinense Cristiane Freitas, com quem tem dois filhos, Matheus e Let\u00edcia. Oficial da reserva do Ex\u00e9rcito Brasileiro, Tarc\u00edsio de Freitas estudou na Escola Preparat\u00f3ria de Cadetes do Ex\u00e9rcito, em Campinas\/SP, onde come\u00e7ou a vida profissional. \u00c9 formado na Academia Militar das Agulhas Negras\/RJ e \u00e9 mestre pelo Instituto Militar de Engenharia.<br \/>Em Natal, capital do RN, serviu por tr\u00eas anos na d\u00e9cada de 1990 como tenente. Tamb\u00e9m viveu no Haiti, onde exerceu a chefia da se\u00e7\u00e3o de engenharia do Ex\u00e9rcito em uma miss\u00e3o de paz da ONU.<\/p>\n\n\n\n<p>GENERAL GIR\u00c3O &#8211; O General de Brigada Eli\u00e9ser Gir\u00e3o Monteiro Filho nasceu em Fortaleza\/CE, na data de 08\/05\/1955. Ingressou no Ex\u00e9rcito Brasileiro em fevereiro de 1973. Graduou-se como bacharel em Ci\u00eancias Militares na Academia Militar das Agulhas Negras \u2013 AMAN em 14\/12\/1976, sendo declarado Aspirante-a-Oficial da Arma de Infantaria.<br>No Rio Grande do Norte foi secret\u00e1rio Estadual de Seguran\u00e7a durante o per\u00edodo da Copa do Mundo, secret\u00e1rio na Prefeitura de Mossor\u00f3 e atualmente \u00e9 deputado federal no segundo mandato.<br>Como deputado federal, j\u00e1 mandou R$ 300 milh\u00f5es em emendas para o RN, sendo cerca de R$ 60 milh\u00f5es s\u00f3 para Natal.<\/p>\n","protected":false},"excerpt":{"rendered":"","protected":false},"author":1,"featured_media":0,"comment_status":"closed","ping_status":"open","sticky":false,"template":"","format":"image","meta":{"site-sidebar-layout":"default","site-content-layout":"","ast-site-content-layout":"default","site-content-style":"default","site-sidebar-style":"default","ast-global-header-display":"","ast-banner-title-visibility":"","ast-main-header-display":"","ast-hfb-above-header-display":"","ast-hfb-below-header-display":"","ast-hfb-mobile-header-display":"","site-post-title":"","ast-breadcrumbs-content":"","ast-featured-img":"","footer-sml-layout":"","ast-disable-related-posts":"","theme-transparent-header-meta":"","adv-header-id-meta":"","stick-header-meta":"","header-above-stick-meta":"","header-main-stick-meta":"","header-below-stick-meta":"","astra-migrate-meta-layouts":"default","ast-page-background-enabled":"default","ast-page-background-meta":{"desktop":{"background-color":"var(--ast-global-color-4)","background-image":"","background-repeat":"repeat","background-position":"center center","background-size":"auto","background-attachment":"scroll","background-type":"","background-media":"","overlay-type":"","overlay-color":"","overlay-opacity":"","overlay-gradient":""},"tablet":{"background-color":"","background-image":"","background-repeat":"repeat","background-position":"center center","background-size":"auto","background-attachment":"scroll","background-type":"","background-media":"","overlay-type":"","overlay-color":"","overlay-opacity":"","overlay-gradient":""},"mobile":{"background-color":"","background-image":"","background-repeat":"repeat","background-position":"center center","background-size":"auto","background-attachment":"scroll","background-type":"","background-media":"","overlay-type":"","overlay-color":"","overlay-opacity":"","overlay-gradient":""}},"ast-content-background-meta":{"desktop":{"background-color":"var(--ast-global-color-5)","background-image":"","background-repeat":"repeat","background-position":"center center","background-size":"auto","background-attachment":"scroll","background-type":"","background-media":"","overlay-type":"","overlay-color":"","overlay-opacity":"","overlay-gradient":""},"tablet":{"background-color":"var(--ast-global-color-5)","background-image":"","background-repeat":"repeat","background-position":"center center","background-size":"auto","background-attachment":"scroll","background-type":"","background-media":"","overlay-type":"","overlay-color":"","overlay-opacity":"","overlay-gradient":""},"mobile":{"background-color":"var(--ast-global-color-5)","background-image":"","background-repeat":"repeat","background-position":"center center","background-size":"auto","background-attachment":"scroll","background-type":"","background-media":"","overlay-type":"","overlay-color":"","overlay-opacity":"","overlay-gradient":""}},"footnotes":""},"categories":[517],"tags":[],"class_list":["post-24889","post","type-post","status-publish","format-image","hentry","category-aconteceu","post_format-post-format-image"],"_links":{"self":[{"href":"https:\/\/noticiasnoface.com.br\/index.php\/wp-json\/wp\/v2\/posts\/24889","targetHints":{"allow":["GET"]}}],"collection":[{"href":"https:\/\/noticiasnoface.com.br\/index.php\/wp-json\/wp\/v2\/posts"}],"about":[{"href":"https:\/\/noticiasnoface.com.br\/index.php\/wp-json\/wp\/v2\/types\/post"}],"author":[{"embeddable":true,"href":"https:\/\/noticiasnoface.com.br\/index.php\/wp-json\/wp\/v2\/users\/1"}],"replies":[{"embeddable":true,"href":"https:\/\/noticiasnoface.com.br\/index.php\/wp-json\/wp\/v2\/comments?post=24889"}],"version-history":[{"count":1,"href":"https:\/\/noticiasnoface.com.br\/index.php\/wp-json\/wp\/v2\/posts\/24889\/revisions"}],"predecessor-version":[{"id":24890,"href":"https:\/\/noticiasnoface.com.br\/index.php\/wp-json\/wp\/v2\/posts\/24889\/revisions\/24890"}],"wp:attachment":[{"href":"https:\/\/noticiasnoface.com.br\/index.php\/wp-json\/wp\/v2\/media?parent=24889"}],"wp:term":[{"taxonomy":"category","embeddable":true,"href":"https:\/\/noticiasnoface.com.br\/index.php\/wp-json\/wp\/v2\/categories?post=24889"},{"taxonomy":"post_tag","embeddable":true,"href":"https:\/\/noticiasnoface.com.br\/index.php\/wp-json\/wp\/v2\/tags?post=24889"}],"curies":[{"name":"wp","href":"https:\/\/api.w.org\/{rel}","templated":true}]}}