{"id":24892,"date":"2024-07-12T16:29:00","date_gmt":"2024-07-12T19:29:00","guid":{"rendered":"https:\/\/noticiasnoface.com.br\/?p=24892"},"modified":"2024-07-12T16:29:29","modified_gmt":"2024-07-12T19:29:29","slug":"lei-proibe-fogos-sancionada-lei-que-proibir-fogos-de-artificio-com-estampidos-no-municipio-de-extremoz","status":"publish","type":"post","link":"https:\/\/noticiasnoface.com.br\/index.php\/2024\/07\/12\/lei-proibe-fogos-sancionada-lei-que-proibir-fogos-de-artificio-com-estampidos-no-municipio-de-extremoz\/","title":{"rendered":"LEI PRO\u00cdBE FOGOS: Sancionada Lei que proibir fogos de artif\u00edcio \u201ccom estampidos\u201d no Munic\u00edpio de Extremoz"},"content":{"rendered":"\n<figure class=\"wp-block-image size-large\"><img data-opt-id=2131309700  fetchpriority=\"high\" decoding=\"async\" width=\"682\" height=\"1024\" src=\"https:\/\/mlbfrsat7ahr.i.optimole.com\/w:682\/h:1024\/q:mauto\/ig:avif\/https:\/\/noticiasnoface.com.br\/wp-content\/uploads\/2024\/07\/5aec35d4-ed12-48c8-8f4f-99ce8d69acc5-1.jpg\" alt=\"\" class=\"wp-image-24891\" srcset=\"https:\/\/mlbfrsat7ahr.i.optimole.com\/w:682\/h:1024\/q:mauto\/ig:avif\/https:\/\/noticiasnoface.com.br\/wp-content\/uploads\/2024\/07\/5aec35d4-ed12-48c8-8f4f-99ce8d69acc5-1.jpg 682w, https:\/\/mlbfrsat7ahr.i.optimole.com\/w:200\/h:300\/q:mauto\/ig:avif\/https:\/\/noticiasnoface.com.br\/wp-content\/uploads\/2024\/07\/5aec35d4-ed12-48c8-8f4f-99ce8d69acc5-1.jpg 200w, https:\/\/mlbfrsat7ahr.i.optimole.com\/w:719\/h:1080\/q:mauto\/ig:avif\/https:\/\/noticiasnoface.com.br\/wp-content\/uploads\/2024\/07\/5aec35d4-ed12-48c8-8f4f-99ce8d69acc5-1.jpg 768w, https:\/\/mlbfrsat7ahr.i.optimole.com\/w:719\/h:1080\/q:mauto\/ig:avif\/https:\/\/noticiasnoface.com.br\/wp-content\/uploads\/2024\/07\/5aec35d4-ed12-48c8-8f4f-99ce8d69acc5-1.jpg 1023w, https:\/\/mlbfrsat7ahr.i.optimole.com\/w:719\/h:1080\/q:mauto\/ig:avif\/https:\/\/noticiasnoface.com.br\/wp-content\/uploads\/2024\/07\/5aec35d4-ed12-48c8-8f4f-99ce8d69acc5-1.jpg 1066w\" sizes=\"(max-width: 682px) 100vw, 682px\" \/><\/figure>\n\n\n\n<!--more-->\n\n\n\n<p><em>[ LEI PRO\u00cdBE FOGOS ]: Sancionada Lei que proibir fogos de artif\u00edcio \u201ccom estampidos\u201d no Munic\u00edpio de Extremoz<\/em><\/p>\n\n\n\n<p>O Munic\u00edpio Extremoz sancionou nesta quarta-feira (10), a Lei N\u00ba 1.230\/2024, que pro\u00edbe o uso de fogos de artif\u00edcio acima de 80 decib\u00e9is com estouros e estampidos. A iniciativa, de autoria do vereador Rafael Correia (PL), beneficia pessoas idosas, autismas e animais vulner\u00e1veis ao som alto.<\/p>\n\n\n\n<p>&nbsp;De acordo com a Lei, s\u00e3o proibidos na \u00e1rea urbana do munic\u00edpio o uso de fogos de artif\u00edcio acima de 80 decib\u00e9is. Os fogos de vista, que produzem efeitos visuais sem barulho, podem ser utilizados em todo o munic\u00edpio, desde que estejam dentro do limite sonoro permitido.<\/p>\n\n\n\n<p>As exce\u00e7\u00f5es para o uso dos fogos com efeitos sonoros acontecem em determinados raios geogr\u00e1ficos das praias, celebra\u00e7\u00f5es comemorativas de entidades religiosas, e nos espa\u00e7os onde s\u00e3o realizadas as festas populares da cidade.<\/p>\n\n\n\n<p>A nova legisla\u00e7\u00e3o tamb\u00e9m pro\u00edbe os fogos de artif\u00edcio no raio de 500m do Hospital Municipal Presidente Caf\u00e9 filho e no raio de 200m das Unidades B\u00e1sicas de Sa\u00fade e Postos de atendimentos m\u00e9dicos. O descumprimento da Lei acarretar\u00e1 multas altas ao infrator.<\/p>\n\n\n\n<p>\u201cEssa Lei \u00e9 muito importante porque poupa desses estampidos as pessoas vulner\u00e1veis como idosos, crian\u00e7as, animais, pessoas com o Transtorno do Espectro Autista (TEA) e quem necessita de conforto nos hospitais. Agrade\u00e7o a Prefeira Jussara Sales pela celeridade na san\u00e7\u00e3o desta mat\u00e9ria\u201d, disse Rafael Correia.<\/p>\n\n\n\n<p><em>Leis de inclus\u00e3o e preven\u00e7\u00e3o<\/em><\/p>\n\n\n\n<p>Outras duas iniciativas do vereador Rafael Correia tamb\u00e9m foram publicadas na \u00faltima edi\u00e7\u00e3o do Di\u00e1rio Oficial do Munic\u00edpio. A Lei N\u00ba 1.228\/2024, disp\u00f5e sobre a inclus\u00e3o da pessoa idosa nas escolas p\u00fablicas de Extremoz. As aulas devem ocorrer de maneira continuada em turnos determinados pelo poder Executivo Municipal.<\/p>\n\n\n\n<p>A outra Lei \u00e9 a N\u00ba 1.229\/2024, para incluir o ensino da t\u00e9cnica de Manobra de Heimlich no curr\u00edculo escolar do munic\u00edpio. Trata-se do ensino de um procedimento r\u00e1pido de primeiros socorros para tratar asfixia por obstru\u00e7\u00e3o das vias respirat\u00f3rias superiores por corpo estranho, tipicamente alimentos ou brinquedos.<\/p>\n","protected":false},"excerpt":{"rendered":"","protected":false},"author":1,"featured_media":0,"comment_status":"closed","ping_status":"open","sticky":false,"template":"","format":"image","meta":{"site-sidebar-layout":"default","site-content-layout":"","ast-site-content-layout":"default","site-content-style":"default","site-sidebar-style":"default","ast-global-header-display":"","ast-banner-title-visibility":"","ast-main-header-display":"","ast-hfb-above-header-display":"","ast-hfb-below-header-display":"","ast-hfb-mobile-header-display":"","site-post-title":"","ast-breadcrumbs-content":"","ast-featured-img":"","footer-sml-layout":"","ast-disable-related-posts":"","theme-transparent-header-meta":"","adv-header-id-meta":"","stick-header-meta":"","header-above-stick-meta":"","header-main-stick-meta":"","header-below-stick-meta":"","astra-migrate-meta-layouts":"default","ast-page-background-enabled":"default","ast-page-background-meta":{"desktop":{"background-color":"var(--ast-global-color-4)","background-image":"","background-repeat":"repeat","background-position":"center center","background-size":"auto","background-attachment":"scroll","background-type":"","background-media":"","overlay-type":"","overlay-color":"","overlay-opacity":"","overlay-gradient":""},"tablet":{"background-color":"","background-image":"","background-repeat":"repeat","background-position":"center center","background-size":"auto","background-attachment":"scroll","background-type":"","background-media":"","overlay-type":"","overlay-color":"","overlay-opacity":"","overlay-gradient":""},"mobile":{"background-color":"","background-image":"","background-repeat":"repeat","background-position":"center center","background-size":"auto","background-attachment":"scroll","background-type":"","background-media":"","overlay-type":"","overlay-color":"","overlay-opacity":"","overlay-gradient":""}},"ast-content-background-meta":{"desktop":{"background-color":"var(--ast-global-color-5)","background-image":"","background-repeat":"repeat","background-position":"center center","background-size":"auto","background-attachment":"scroll","background-type":"","background-media":"","overlay-type":"","overlay-color":"","overlay-opacity":"","overlay-gradient":""},"tablet":{"background-color":"var(--ast-global-color-5)","background-image":"","background-repeat":"repeat","background-position":"center center","background-size":"auto","background-attachment":"scroll","background-type":"","background-media":"","overlay-type":"","overlay-color":"","overlay-opacity":"","overlay-gradient":""},"mobile":{"background-color":"var(--ast-global-color-5)","background-image":"","background-repeat":"repeat","background-position":"center center","background-size":"auto","background-attachment":"scroll","background-type":"","background-media":"","overlay-type":"","overlay-color":"","overlay-opacity":"","overlay-gradient":""}},"footnotes":""},"categories":[517],"tags":[],"class_list":["post-24892","post","type-post","status-publish","format-image","hentry","category-aconteceu","post_format-post-format-image"],"_links":{"self":[{"href":"https:\/\/noticiasnoface.com.br\/index.php\/wp-json\/wp\/v2\/posts\/24892","targetHints":{"allow":["GET"]}}],"collection":[{"href":"https:\/\/noticiasnoface.com.br\/index.php\/wp-json\/wp\/v2\/posts"}],"about":[{"href":"https:\/\/noticiasnoface.com.br\/index.php\/wp-json\/wp\/v2\/types\/post"}],"author":[{"embeddable":true,"href":"https:\/\/noticiasnoface.com.br\/index.php\/wp-json\/wp\/v2\/users\/1"}],"replies":[{"embeddable":true,"href":"https:\/\/noticiasnoface.com.br\/index.php\/wp-json\/wp\/v2\/comments?post=24892"}],"version-history":[{"count":2,"href":"https:\/\/noticiasnoface.com.br\/index.php\/wp-json\/wp\/v2\/posts\/24892\/revisions"}],"predecessor-version":[{"id":24894,"href":"https:\/\/noticiasnoface.com.br\/index.php\/wp-json\/wp\/v2\/posts\/24892\/revisions\/24894"}],"wp:attachment":[{"href":"https:\/\/noticiasnoface.com.br\/index.php\/wp-json\/wp\/v2\/media?parent=24892"}],"wp:term":[{"taxonomy":"category","embeddable":true,"href":"https:\/\/noticiasnoface.com.br\/index.php\/wp-json\/wp\/v2\/categories?post=24892"},{"taxonomy":"post_tag","embeddable":true,"href":"https:\/\/noticiasnoface.com.br\/index.php\/wp-json\/wp\/v2\/tags?post=24892"}],"curies":[{"name":"wp","href":"https:\/\/api.w.org\/{rel}","templated":true}]}}