{"id":24930,"date":"2024-07-21T19:17:52","date_gmt":"2024-07-21T22:17:52","guid":{"rendered":"https:\/\/noticiasnoface.com.br\/?p=24930"},"modified":"2024-07-21T19:17:52","modified_gmt":"2024-07-21T22:17:52","slug":"joe-biden-desiste-de-disputar-com-trump","status":"publish","type":"post","link":"https:\/\/noticiasnoface.com.br\/index.php\/2024\/07\/21\/joe-biden-desiste-de-disputar-com-trump\/","title":{"rendered":"Joe Biden desiste de disputar com Trump"},"content":{"rendered":"\n<figure class=\"wp-block-image size-large\"><img data-opt-id=602017360  fetchpriority=\"high\" decoding=\"async\" width=\"1024\" height=\"655\" src=\"https:\/\/mlbfrsat7ahr.i.optimole.com\/w:1024\/h:655\/q:mauto\/ig:avif\/https:\/\/noticiasnoface.com.br\/wp-content\/uploads\/2024\/07\/img_8933-1.jpg\" class=\"wp-image-24929\" srcset=\"https:\/\/mlbfrsat7ahr.i.optimole.com\/w:1024\/h:655\/q:mauto\/ig:avif\/https:\/\/noticiasnoface.com.br\/wp-content\/uploads\/2024\/07\/img_8933-1.jpg 1024w, https:\/\/mlbfrsat7ahr.i.optimole.com\/w:300\/h:192\/q:mauto\/ig:avif\/https:\/\/noticiasnoface.com.br\/wp-content\/uploads\/2024\/07\/img_8933-1.jpg 300w, https:\/\/mlbfrsat7ahr.i.optimole.com\/w:768\/h:492\/q:mauto\/ig:avif\/https:\/\/noticiasnoface.com.br\/wp-content\/uploads\/2024\/07\/img_8933-1.jpg 768w, https:\/\/mlbfrsat7ahr.i.optimole.com\/w:1042\/h:667\/q:mauto\/ig:avif\/https:\/\/noticiasnoface.com.br\/wp-content\/uploads\/2024\/07\/img_8933-1.jpg 1042w\" sizes=\"(max-width: 1000px) 100vw, 1000px\" \/><\/figure>\n\n\n\n<!--more-->\n\n\n\n<p><img data-opt-id=137306525  fetchpriority=\"high\" decoding=\"async\" src=\"https:\/\/www.cnnbrasil.com.br\/wp-content\/uploads\/sites\/12\/2024\/07\/Trump-segundo-dia9.png?w=1220&amp;h=674&amp;crop=1&amp;quality=50\" alt=\"Donald Trump durante Conven\u00e7\u00e3o Nacional Republicana\" class=\"extendsBeyondTextColumn\" \/>Donald Trump durante Conven\u00e7\u00e3o Nacional Republicana&nbsp;Reuters&nbsp;<\/p>\n\n\n\n<p>da CNN<\/p>\n\n\n\n<p>A campanha do ex-presidente Donald Trump vem preparando materiais de pesquisa da oposi\u00e7\u00e3o sobre potenciais candidatos democratas ha v\u00e1rias semanas, disseram duas fontes conhecidas \u00e0&nbsp;<strong>CNN<\/strong>&nbsp;Internacional.<\/p>\n\n\n\n<p>A vice-presidente, Kamala Harris; o governador da Calif\u00f3rnia, Gavin Newsom; e a governadora de Michigan, Gretchen Whitmer; est\u00e3o todos na lista de poss\u00edveis candidatos presidenciais, mas a maior parte do foco tem sido em Harris.<\/p>\n\n\n\n<p>H\u00e1 uma profunda cren\u00e7a dentro da campanha de Trump de que os&nbsp;<a href=\"https:\/\/www.cnnbrasil.com.br\/internacional\/democratas-impulsionam-consenso-sobre-substituicao-de-biden-por-kamala-harris\/\" target=\"_blank\" rel=\"noopener\">democratas se alinhar\u00e3o atr\u00e1s de Harris<\/a>, com base na ideia de que se o partido ignorar a&nbsp;<a href=\"https:\/\/www.cnnbrasil.com.br\/internacional\/eleicoes-nos-eua-2024\/quem-e-kamala-harris-favorita-para-assumir-lugar-de-biden-na-disputa-contra-trump\/\" target=\"_blank\" rel=\"noopener\">primeira mulher negra a servir como vice-presidente<\/a>, isso causar\u00e1 mais problemas para eles.<\/p>\n\n\n\n<p>Embora membros pr\u00f3ximos de Trump tenham dito publicamente que esperam que Harris substitua Biden no topo da chapa, em particular, h\u00e1 alguma preocupa\u00e7\u00e3o sobre todo e qualquer candidato em potencial, sabendo que qualquer mudan\u00e7a poderia aumentar o entusiasmo dentro do Partido Democrata antes da elei\u00e7\u00e3o e, portanto, aumentar o comparecimento, disseram duas fontes pr\u00f3ximas a Trump \u00e0&nbsp;<strong>CNN<\/strong>Internacional.<\/p>\n\n\n\n<p>A equipe de Trump esperava que o ex-presidente Joe Biden permanecesse na disputa.<\/p>\n\n\n\n<h2 class=\"wp-block-heading\">Desist\u00eancia da campanha<\/h2>\n\n\n\n<p>Neste domingo (21), o presidente dos Estados Unidos, Joe Biden, anunciou que iria&nbsp;<a href=\"https:\/\/www.cnnbrasil.com.br\/internacional\/eleicoes-nos-eua-2024\/joe-biden-desiste-da-candidatura-a-reeleicao\/\" target=\"_blank\" rel=\"noopener\">deixar a corrida eleitoral deste ano<\/a>.<\/p>\n\n\n\n<p>O desgaste da campanha do democrata girou em torno de questionamentos sobre a sua capacidade de vencer Trump no pleito e, caso eleito, de governar por mais quatro anos.<\/p>\n\n\n\n<p><a href=\"https:\/\/www.cnnbrasil.com.br\/internacional\/eleicoes-nos-eua-2024\/os-dias-finais-de-joe-biden-antes-de-desistir-da-corrida-presidencial-veja-cronologia\/\" target=\"_blank\" rel=\"noopener\">Ap\u00f3s o debate organizado pela&nbsp;<strong>CNN<\/strong>&nbsp;em junho<\/a>, a press\u00e3o pela desist\u00eancia do atual presidente come\u00e7ou a&nbsp;<a href=\"https:\/\/www.cnnbrasil.com.br\/internacional\/eleicoes-nos-eua-2024\/democratas-se-desesperam-com-o-desempenho-de-biden-no-debate-da-cnn\/\" target=\"_blank\" rel=\"noopener\">crescer do lado de dentro do Partido Democrata<\/a>.<\/p>\n\n\n\n<p><a href=\"https:\/\/www.cnnbrasil.com.br\/internacional\/eleicoes-nos-eua-2024\/leia-integra-de-carta-em-que-biden-anuncia-desistencia-de-candidatura-nos-eua\/\" target=\"_blank\" rel=\"noopener\">Em carta publicada na rede social X<\/a>, Biden disse que o trabalho como presidente \u201cfoi a maior honra\u201d de sua vida, mas que apesar do desejo de se reeleger, acredita que \u201c\u00e9 do melhor interesse do meu partido e do pa\u00eds que eu renuncie [da candidatura] e me concentre exclusivamente em cumprir meus deveres como presidente pelo restante do meu mandato\u201d.<\/p>\n","protected":false},"excerpt":{"rendered":"","protected":false},"author":1,"featured_media":0,"comment_status":"closed","ping_status":"open","sticky":false,"template":"","format":"image","meta":{"site-sidebar-layout":"default","site-content-layout":"","ast-site-content-layout":"default","site-content-style":"default","site-sidebar-style":"default","ast-global-header-display":"","ast-banner-title-visibility":"","ast-main-header-display":"","ast-hfb-above-header-display":"","ast-hfb-below-header-display":"","ast-hfb-mobile-header-display":"","site-post-title":"","ast-breadcrumbs-content":"","ast-featured-img":"","footer-sml-layout":"","ast-disable-related-posts":"","theme-transparent-header-meta":"","adv-header-id-meta":"","stick-header-meta":"","header-above-stick-meta":"","header-main-stick-meta":"","header-below-stick-meta":"","astra-migrate-meta-layouts":"default","ast-page-background-enabled":"default","ast-page-background-meta":{"desktop":{"background-color":"var(--ast-global-color-4)","background-image":"","background-repeat":"repeat","background-position":"center center","background-size":"auto","background-attachment":"scroll","background-type":"","background-media":"","overlay-type":"","overlay-color":"","overlay-opacity":"","overlay-gradient":""},"tablet":{"background-color":"","background-image":"","background-repeat":"repeat","background-position":"center center","background-size":"auto","background-attachment":"scroll","background-type":"","background-media":"","overlay-type":"","overlay-color":"","overlay-opacity":"","overlay-gradient":""},"mobile":{"background-color":"","background-image":"","background-repeat":"repeat","background-position":"center center","background-size":"auto","background-attachment":"scroll","background-type":"","background-media":"","overlay-type":"","overlay-color":"","overlay-opacity":"","overlay-gradient":""}},"ast-content-background-meta":{"desktop":{"background-color":"var(--ast-global-color-5)","background-image":"","background-repeat":"repeat","background-position":"center center","background-size":"auto","background-attachment":"scroll","background-type":"","background-media":"","overlay-type":"","overlay-color":"","overlay-opacity":"","overlay-gradient":""},"tablet":{"background-color":"var(--ast-global-color-5)","background-image":"","background-repeat":"repeat","background-position":"center center","background-size":"auto","background-attachment":"scroll","background-type":"","background-media":"","overlay-type":"","overlay-color":"","overlay-opacity":"","overlay-gradient":""},"mobile":{"background-color":"var(--ast-global-color-5)","background-image":"","background-repeat":"repeat","background-position":"center center","background-size":"auto","background-attachment":"scroll","background-type":"","background-media":"","overlay-type":"","overlay-color":"","overlay-opacity":"","overlay-gradient":""}},"footnotes":""},"categories":[517],"tags":[],"class_list":["post-24930","post","type-post","status-publish","format-image","hentry","category-aconteceu","post_format-post-format-image"],"_links":{"self":[{"href":"https:\/\/noticiasnoface.com.br\/index.php\/wp-json\/wp\/v2\/posts\/24930","targetHints":{"allow":["GET"]}}],"collection":[{"href":"https:\/\/noticiasnoface.com.br\/index.php\/wp-json\/wp\/v2\/posts"}],"about":[{"href":"https:\/\/noticiasnoface.com.br\/index.php\/wp-json\/wp\/v2\/types\/post"}],"author":[{"embeddable":true,"href":"https:\/\/noticiasnoface.com.br\/index.php\/wp-json\/wp\/v2\/users\/1"}],"replies":[{"embeddable":true,"href":"https:\/\/noticiasnoface.com.br\/index.php\/wp-json\/wp\/v2\/comments?post=24930"}],"version-history":[{"count":1,"href":"https:\/\/noticiasnoface.com.br\/index.php\/wp-json\/wp\/v2\/posts\/24930\/revisions"}],"predecessor-version":[{"id":24931,"href":"https:\/\/noticiasnoface.com.br\/index.php\/wp-json\/wp\/v2\/posts\/24930\/revisions\/24931"}],"wp:attachment":[{"href":"https:\/\/noticiasnoface.com.br\/index.php\/wp-json\/wp\/v2\/media?parent=24930"}],"wp:term":[{"taxonomy":"category","embeddable":true,"href":"https:\/\/noticiasnoface.com.br\/index.php\/wp-json\/wp\/v2\/categories?post=24930"},{"taxonomy":"post_tag","embeddable":true,"href":"https:\/\/noticiasnoface.com.br\/index.php\/wp-json\/wp\/v2\/tags?post=24930"}],"curies":[{"name":"wp","href":"https:\/\/api.w.org\/{rel}","templated":true}]}}