{"id":24939,"date":"2024-07-21T19:44:20","date_gmt":"2024-07-21T22:44:20","guid":{"rendered":"https:\/\/noticiasnoface.com.br\/?p=24939"},"modified":"2024-07-21T19:44:20","modified_gmt":"2024-07-21T22:44:20","slug":"homem-aranha-e-homem-que-diz-ser-o-batman-protagonizam-briga-epica-no-metro-de-bh","status":"publish","type":"post","link":"https:\/\/noticiasnoface.com.br\/index.php\/2024\/07\/21\/homem-aranha-e-homem-que-diz-ser-o-batman-protagonizam-briga-epica-no-metro-de-bh\/","title":{"rendered":"\u201cHomem-Aranha\u201d e homem que diz ser o Batman protagonizam briga \u00e9pica no metr\u00f4 de BH"},"content":{"rendered":"\n<figure class=\"wp-block-image size-large\"><img data-opt-id=1149398851  fetchpriority=\"high\" decoding=\"async\" width=\"300\" height=\"184\" src=\"https:\/\/mlbfrsat7ahr.i.optimole.com\/w:300\/h:184\/q:mauto\/ig:avif\/https:\/\/noticiasnoface.com.br\/wp-content\/uploads\/2024\/07\/img_9086.jpg\" class=\"wp-image-24938\" srcset=\"https:\/\/mlbfrsat7ahr.i.optimole.com\/w:300\/h:184\/q:mauto\/ig:avif\/https:\/\/noticiasnoface.com.br\/wp-content\/uploads\/2024\/07\/img_9086.jpg 300w, https:\/\/mlbfrsat7ahr.i.optimole.com\/w:768\/h:472\/q:mauto\/ig:avif\/https:\/\/noticiasnoface.com.br\/wp-content\/uploads\/2024\/07\/img_9086.jpg 768w, https:\/\/mlbfrsat7ahr.i.optimole.com\/w:770\/h:473\/q:mauto\/ig:avif\/https:\/\/noticiasnoface.com.br\/wp-content\/uploads\/2024\/07\/img_9086.jpg 770w\" sizes=\"(max-width: 300px) 100vw, 300px\" \/><\/figure>\n\n\n\n<!--more-->\n\n\n\n<h2 class=\"wp-block-heading subhead\">Passageiro vestido com roupas do super-her\u00f3i aracn\u00eddeo teria sido atacado por desconhecido; rival caiu nos trilhos do trem<\/h2>\n\n\n\n<p>(Atualizado em&nbsp;21\/07\/2024 &#8211; 12h09)<\/p>\n\n\n\n<p><a href=\"https:\/\/noticias.r7.com\/minas-gerais\" target=\"_blank\" rel=\"noopener\">Minas Gerais<\/a>|Juliana Pereira, da RECORD Minas<\/p>\n\n\n\n<p>Um confronto inusitado entre o \u201cHomem-Aranha\u201d e um homem que se intitulou \u201cBatman\u201d, causou tumulto na plataforma da esta\u00e7\u00e3o de metr\u00f4 Carlos Prates, na regi\u00e3o noroeste de Belo Horizonte, na noite deste s\u00e1bado (20).<\/p>\n\n\n\n<p>De acordo com o boletim de ocorr\u00eancia, a confus\u00e3o come\u00e7ou quando o passageiro vestido com roupas do super-her\u00f3i aracn\u00eddeo foi abordado na esta\u00e7\u00e3o. O registro aponta que o importunador teria dito: \u201cSe voc\u00ea \u00e9 o Homem-Aranha, eu sou o Batman\u201d.<\/p>\n\n\n\n<p>O registro policial indica que o autodeclarado Batman tamb\u00e9m teria inventado informa\u00e7\u00f5es falsas contra o \u201cHomem-Aranha\u201d e, em seguida, agrediu-o com chutes e socos. A m\u00e1scara vermelha do personagem ficou destru\u00edda.<\/p>\n\n\n\n<p>Testemunhas relataram que o homem fantasiado de Homem-Aranha revidou o ataque, momento em que \u201cBatman\u201d caiu nos trilhos do trem. V\u00eddeos gravados por outros passageiros mostram o falso Batman arremessando pedras contra o advers\u00e1rio, enquanto tentava retornar \u00e0 plataforma da esta\u00e7\u00e3o.<\/p>\n\n\n\n<p>Segundo a PM (Pol\u00edcia Militar), os seguran\u00e7as do MetroBH precisaram intervir na situa\u00e7\u00e3o. O boletim de ocorr\u00eancia aponta que o homem fantasiado de Homem-Aranha n\u00e3o resistiu \u00e0 abordagem. Uma outra grava\u00e7\u00e3o feita no local mostra o \u201cBatman\u201d imobilizado por tr\u00eas homens que tentavam colocar algemas nele.<\/p>\n\n\n\n<p>\u201cBatman\u201d foi encaminhado \u00e0 Unidade de Pronto Atendimento (UPA) Oeste para cuidados m\u00e9dicos, enquanto o \u201cHomem-Aranha\u201d foi liberado ap\u00f3s prestar depoimento no plant\u00e3o da Delegacia Virtual.<\/p>\n\n\n\n<p>Procurada, a Pol\u00edcia Civil informou que lavrou um Termo Circunstanciado de Ocorr\u00eancia (TCO) de vias de fato\/agress\u00e3o. A institui\u00e7\u00e3o informou que os homens t\u00eam 25 e 33 anos. \u201cOs envolvidos, ap\u00f3s assinarem termo de compromisso de comparecimento ao Juizado Especial Criminal em data a ser agendada, foram liberados\u201d, completou.<\/p>\n","protected":false},"excerpt":{"rendered":"","protected":false},"author":1,"featured_media":0,"comment_status":"closed","ping_status":"open","sticky":false,"template":"","format":"image","meta":{"site-sidebar-layout":"default","site-content-layout":"","ast-site-content-layout":"default","site-content-style":"default","site-sidebar-style":"default","ast-global-header-display":"","ast-banner-title-visibility":"","ast-main-header-display":"","ast-hfb-above-header-display":"","ast-hfb-below-header-display":"","ast-hfb-mobile-header-display":"","site-post-title":"","ast-breadcrumbs-content":"","ast-featured-img":"","footer-sml-layout":"","ast-disable-related-posts":"","theme-transparent-header-meta":"","adv-header-id-meta":"","stick-header-meta":"","header-above-stick-meta":"","header-main-stick-meta":"","header-below-stick-meta":"","astra-migrate-meta-layouts":"default","ast-page-background-enabled":"default","ast-page-background-meta":{"desktop":{"background-color":"var(--ast-global-color-4)","background-image":"","background-repeat":"repeat","background-position":"center center","background-size":"auto","background-attachment":"scroll","background-type":"","background-media":"","overlay-type":"","overlay-color":"","overlay-opacity":"","overlay-gradient":""},"tablet":{"background-color":"","background-image":"","background-repeat":"repeat","background-position":"center center","background-size":"auto","background-attachment":"scroll","background-type":"","background-media":"","overlay-type":"","overlay-color":"","overlay-opacity":"","overlay-gradient":""},"mobile":{"background-color":"","background-image":"","background-repeat":"repeat","background-position":"center center","background-size":"auto","background-attachment":"scroll","background-type":"","background-media":"","overlay-type":"","overlay-color":"","overlay-opacity":"","overlay-gradient":""}},"ast-content-background-meta":{"desktop":{"background-color":"var(--ast-global-color-5)","background-image":"","background-repeat":"repeat","background-position":"center center","background-size":"auto","background-attachment":"scroll","background-type":"","background-media":"","overlay-type":"","overlay-color":"","overlay-opacity":"","overlay-gradient":""},"tablet":{"background-color":"var(--ast-global-color-5)","background-image":"","background-repeat":"repeat","background-position":"center center","background-size":"auto","background-attachment":"scroll","background-type":"","background-media":"","overlay-type":"","overlay-color":"","overlay-opacity":"","overlay-gradient":""},"mobile":{"background-color":"var(--ast-global-color-5)","background-image":"","background-repeat":"repeat","background-position":"center center","background-size":"auto","background-attachment":"scroll","background-type":"","background-media":"","overlay-type":"","overlay-color":"","overlay-opacity":"","overlay-gradient":""}},"footnotes":""},"categories":[517],"tags":[],"class_list":["post-24939","post","type-post","status-publish","format-image","hentry","category-aconteceu","post_format-post-format-image"],"_links":{"self":[{"href":"https:\/\/noticiasnoface.com.br\/index.php\/wp-json\/wp\/v2\/posts\/24939","targetHints":{"allow":["GET"]}}],"collection":[{"href":"https:\/\/noticiasnoface.com.br\/index.php\/wp-json\/wp\/v2\/posts"}],"about":[{"href":"https:\/\/noticiasnoface.com.br\/index.php\/wp-json\/wp\/v2\/types\/post"}],"author":[{"embeddable":true,"href":"https:\/\/noticiasnoface.com.br\/index.php\/wp-json\/wp\/v2\/users\/1"}],"replies":[{"embeddable":true,"href":"https:\/\/noticiasnoface.com.br\/index.php\/wp-json\/wp\/v2\/comments?post=24939"}],"version-history":[{"count":1,"href":"https:\/\/noticiasnoface.com.br\/index.php\/wp-json\/wp\/v2\/posts\/24939\/revisions"}],"predecessor-version":[{"id":24940,"href":"https:\/\/noticiasnoface.com.br\/index.php\/wp-json\/wp\/v2\/posts\/24939\/revisions\/24940"}],"wp:attachment":[{"href":"https:\/\/noticiasnoface.com.br\/index.php\/wp-json\/wp\/v2\/media?parent=24939"}],"wp:term":[{"taxonomy":"category","embeddable":true,"href":"https:\/\/noticiasnoface.com.br\/index.php\/wp-json\/wp\/v2\/categories?post=24939"},{"taxonomy":"post_tag","embeddable":true,"href":"https:\/\/noticiasnoface.com.br\/index.php\/wp-json\/wp\/v2\/tags?post=24939"}],"curies":[{"name":"wp","href":"https:\/\/api.w.org\/{rel}","templated":true}]}}