{"id":24948,"date":"2024-07-23T16:56:23","date_gmt":"2024-07-23T19:56:23","guid":{"rendered":"https:\/\/noticiasnoface.com.br\/?p=24948"},"modified":"2024-07-23T16:56:23","modified_gmt":"2024-07-23T19:56:23","slug":"urgente-acabou-a-caninga","status":"publish","type":"post","link":"https:\/\/noticiasnoface.com.br\/index.php\/2024\/07\/23\/urgente-acabou-a-caninga\/","title":{"rendered":"URGENTE- Acabou a caninga"},"content":{"rendered":"\n<figure class=\"wp-block-image size-large\"><img data-opt-id=161831111  fetchpriority=\"high\" decoding=\"async\" width=\"900\" height=\"615\" src=\"https:\/\/mlbfrsat7ahr.i.optimole.com\/w:auto\/h:auto\/q:mauto\/ig:avif\/https:\/\/noticiasnoface.com.br\/wp-content\/uploads\/2024\/07\/img_9219.jpg\" class=\"wp-image-24947\" srcset=\"https:\/\/mlbfrsat7ahr.i.optimole.com\/w:900\/h:615\/q:mauto\/ig:avif\/https:\/\/noticiasnoface.com.br\/wp-content\/uploads\/2024\/07\/img_9219.jpg 900w, https:\/\/mlbfrsat7ahr.i.optimole.com\/w:300\/h:205\/q:mauto\/ig:avif\/https:\/\/noticiasnoface.com.br\/wp-content\/uploads\/2024\/07\/img_9219.jpg 300w, https:\/\/mlbfrsat7ahr.i.optimole.com\/w:768\/h:525\/q:mauto\/ig:avif\/https:\/\/noticiasnoface.com.br\/wp-content\/uploads\/2024\/07\/img_9219.jpg 768w\" sizes=\"(max-width: 900px) 100vw, 900px\" \/><figcaption class=\"wp-element-caption\"><br>O Instituto de Desenvolvimento Sustent\u00e1vel e Meio Ambiente (Idema) emitiu nesta ter\u00e7a-feira (23) a&nbsp;<strong>licen\u00e7a ambiental<\/strong>&nbsp;que autoriza o in\u00edcio das&nbsp;<strong>obras da engorda da Praia de Ponta Negra<\/strong>, em Natal.<br>A concess\u00e3o do documento ocorre&nbsp;<strong>ap\u00f3s 41 dias de intensos debates com a Prefeitura do Natal<\/strong>, que&nbsp;<strong>acusou o \u00f3rg\u00e3o ambiental de atuar politicamente<\/strong>&nbsp;e de fazer exig\u00eancias excessivas para conceder a licen\u00e7a.<br>A&nbsp;<strong>licen\u00e7a tem validade de 10 anos e um conjunto de 81 condicionantes<\/strong>&nbsp;<strong>e regras que dever\u00e3o ser respeitadas pela prefeitura<\/strong>&nbsp;durante a execu\u00e7\u00e3o dos servi\u00e7os.<br>Uma das condicionantes \u00e9 a apresenta\u00e7\u00e3o, em at\u00e9 20 dias, do relat\u00f3rio conclusivo da&nbsp;<strong>\u201cConsulta Livre, Pr\u00e9via e Informada\u201d realizada com as comunidades tradicionais&nbsp;presentes na \u00e1rea do empreendimento: pescadores artesanais e rendeiras de bilro<\/strong>. A realiza\u00e7\u00e3o da consulta vinha impedindo a concess\u00e3o da licen\u00e7a, mas agora foi colocada como uma condicionante para a prefeitura.<br>Al\u00e9m disso, a&nbsp;<strong>prefeitura ganhou mais prazo para apresentar outras informa\u00e7\u00f5es, como 30 dias para juntar dados sobre a fauna que vive na \u00e1rea da jazida<\/strong>&nbsp;de onde ser\u00e1 retirada a areia para a engorda de Ponta Negra.<br>O Idema determinou tamb\u00e9m, entre outras exig\u00eancias, que a obra s\u00f3 ser\u00e1 iniciada ap\u00f3s a empresa respons\u00e1vel complementar um levantamento hidrogr\u00e1fico com informa\u00e7\u00f5es sobre a profundidade do oceano na \u00e1rea da jazida.<br>Decis\u00e3o judicial<br>Com a concess\u00e3o da licen\u00e7a, o Idema tamb\u00e9m atende a uma&nbsp;<strong>determina\u00e7\u00e3o judicial da \u00faltima sexta (19), quando o juiz Geraldo Motta, da 3\u00aa Vara da Fazenda P\u00fablica de Natal<\/strong>,&nbsp;<strong>determinou a emiss\u00e3o imediata da licen\u00e7a ou que o \u00f3rg\u00e3o ambiental justificasse por que n\u00e3o concedeu o documento at\u00e9 agora<\/strong>.<br>Nesta ter\u00e7a (23), o juiz fixou uma multa de R$ 2 mil por dia, a ser paga por Werner Farkatt, diretor-geral do Idema, em caso de descumprimento.<br>O que \u00e9 a engorda<br>A engorda de Ponta Negra consiste no&nbsp;<strong>alargamento na faixa de areia da praia, com at\u00e9 50 metros na mar\u00e9 cheia e 100 metros na mar\u00e9 seca<\/strong>. A interven\u00e7\u00e3o \u00e9 considerada fundamental para frear o processo de eros\u00e3o que atinge o Morro do Careca.<br>A&nbsp;<strong>engorda ser\u00e1 feita a partir de uma retirada de areia submersa trazida de uma jazida em alto mar para Ponta Negra<\/strong>. A&nbsp;<strong>obra vai custar mais de R$ 73 milh\u00f5es e ser\u00e1 realizada pelo cons\u00f3rcio formado pelas empresas DTA e AJM<\/strong>.<br>Em 2023, o Idema emitiu a Licen\u00e7a Pr\u00e9via, que permitiu a realiza\u00e7\u00e3o dos servi\u00e7os at\u00e9 aqui.<br><strong>Fonte: Portal 98Fm<\/strong><\/figcaption><\/figure>\n","protected":false},"excerpt":{"rendered":"","protected":false},"author":1,"featured_media":0,"comment_status":"closed","ping_status":"open","sticky":false,"template":"","format":"image","meta":{"site-sidebar-layout":"default","site-content-layout":"","ast-site-content-layout":"default","site-content-style":"default","site-sidebar-style":"default","ast-global-header-display":"","ast-banner-title-visibility":"","ast-main-header-display":"","ast-hfb-above-header-display":"","ast-hfb-below-header-display":"","ast-hfb-mobile-header-display":"","site-post-title":"","ast-breadcrumbs-content":"","ast-featured-img":"","footer-sml-layout":"","ast-disable-related-posts":"","theme-transparent-header-meta":"","adv-header-id-meta":"","stick-header-meta":"","header-above-stick-meta":"","header-main-stick-meta":"","header-below-stick-meta":"","astra-migrate-meta-layouts":"default","ast-page-background-enabled":"default","ast-page-background-meta":{"desktop":{"background-color":"var(--ast-global-color-4)","background-image":"","background-repeat":"repeat","background-position":"center center","background-size":"auto","background-attachment":"scroll","background-type":"","background-media":"","overlay-type":"","overlay-color":"","overlay-opacity":"","overlay-gradient":""},"tablet":{"background-color":"","background-image":"","background-repeat":"repeat","background-position":"center center","background-size":"auto","background-attachment":"scroll","background-type":"","background-media":"","overlay-type":"","overlay-color":"","overlay-opacity":"","overlay-gradient":""},"mobile":{"background-color":"","background-image":"","background-repeat":"repeat","background-position":"center center","background-size":"auto","background-attachment":"scroll","background-type":"","background-media":"","overlay-type":"","overlay-color":"","overlay-opacity":"","overlay-gradient":""}},"ast-content-background-meta":{"desktop":{"background-color":"var(--ast-global-color-5)","background-image":"","background-repeat":"repeat","background-position":"center center","background-size":"auto","background-attachment":"scroll","background-type":"","background-media":"","overlay-type":"","overlay-color":"","overlay-opacity":"","overlay-gradient":""},"tablet":{"background-color":"var(--ast-global-color-5)","background-image":"","background-repeat":"repeat","background-position":"center center","background-size":"auto","background-attachment":"scroll","background-type":"","background-media":"","overlay-type":"","overlay-color":"","overlay-opacity":"","overlay-gradient":""},"mobile":{"background-color":"var(--ast-global-color-5)","background-image":"","background-repeat":"repeat","background-position":"center center","background-size":"auto","background-attachment":"scroll","background-type":"","background-media":"","overlay-type":"","overlay-color":"","overlay-opacity":"","overlay-gradient":""}},"footnotes":""},"categories":[517],"tags":[],"class_list":["post-24948","post","type-post","status-publish","format-image","hentry","category-aconteceu","post_format-post-format-image"],"_links":{"self":[{"href":"https:\/\/noticiasnoface.com.br\/index.php\/wp-json\/wp\/v2\/posts\/24948","targetHints":{"allow":["GET"]}}],"collection":[{"href":"https:\/\/noticiasnoface.com.br\/index.php\/wp-json\/wp\/v2\/posts"}],"about":[{"href":"https:\/\/noticiasnoface.com.br\/index.php\/wp-json\/wp\/v2\/types\/post"}],"author":[{"embeddable":true,"href":"https:\/\/noticiasnoface.com.br\/index.php\/wp-json\/wp\/v2\/users\/1"}],"replies":[{"embeddable":true,"href":"https:\/\/noticiasnoface.com.br\/index.php\/wp-json\/wp\/v2\/comments?post=24948"}],"version-history":[{"count":1,"href":"https:\/\/noticiasnoface.com.br\/index.php\/wp-json\/wp\/v2\/posts\/24948\/revisions"}],"predecessor-version":[{"id":24949,"href":"https:\/\/noticiasnoface.com.br\/index.php\/wp-json\/wp\/v2\/posts\/24948\/revisions\/24949"}],"wp:attachment":[{"href":"https:\/\/noticiasnoface.com.br\/index.php\/wp-json\/wp\/v2\/media?parent=24948"}],"wp:term":[{"taxonomy":"category","embeddable":true,"href":"https:\/\/noticiasnoface.com.br\/index.php\/wp-json\/wp\/v2\/categories?post=24948"},{"taxonomy":"post_tag","embeddable":true,"href":"https:\/\/noticiasnoface.com.br\/index.php\/wp-json\/wp\/v2\/tags?post=24948"}],"curies":[{"name":"wp","href":"https:\/\/api.w.org\/{rel}","templated":true}]}}