{"id":24953,"date":"2024-07-24T08:45:36","date_gmt":"2024-07-24T11:45:36","guid":{"rendered":"https:\/\/noticiasnoface.com.br\/?p=24953"},"modified":"2024-07-24T08:45:36","modified_gmt":"2024-07-24T11:45:36","slug":"salatiel-se-fortalece-e-assume-pl-de-parnamirim","status":"publish","type":"post","link":"https:\/\/noticiasnoface.com.br\/index.php\/2024\/07\/24\/salatiel-se-fortalece-e-assume-pl-de-parnamirim\/","title":{"rendered":"Salatiel se fortalece e assume PL de Parnamirim"},"content":{"rendered":"\n<figure class=\"wp-block-image size-large\"><img data-opt-id=676865044  fetchpriority=\"high\" decoding=\"async\" width=\"1005\" height=\"1024\" src=\"https:\/\/mlbfrsat7ahr.i.optimole.com\/w:1005\/h:1024\/q:mauto\/ig:avif\/https:\/\/noticiasnoface.com.br\/wp-content\/uploads\/2024\/07\/photo-output-1-3.jpg\" class=\"wp-image-24952\" srcset=\"https:\/\/mlbfrsat7ahr.i.optimole.com\/w:1005\/h:1024\/q:mauto\/ig:avif\/https:\/\/noticiasnoface.com.br\/wp-content\/uploads\/2024\/07\/photo-output-1-3.jpg 1005w, https:\/\/mlbfrsat7ahr.i.optimole.com\/w:294\/h:300\/q:mauto\/ig:avif\/https:\/\/noticiasnoface.com.br\/wp-content\/uploads\/2024\/07\/photo-output-1-3.jpg 294w, https:\/\/mlbfrsat7ahr.i.optimole.com\/w:768\/h:783\/q:mauto\/ig:avif\/https:\/\/noticiasnoface.com.br\/wp-content\/uploads\/2024\/07\/photo-output-1-3.jpg 768w, https:\/\/mlbfrsat7ahr.i.optimole.com\/w:1060\/h:1080\/q:mauto\/ig:avif\/https:\/\/noticiasnoface.com.br\/wp-content\/uploads\/2024\/07\/photo-output-1-3.jpg 1508w, https:\/\/mlbfrsat7ahr.i.optimole.com\/w:1059\/h:1080\/q:mauto\/ig:avif\/https:\/\/noticiasnoface.com.br\/wp-content\/uploads\/2024\/07\/photo-output-1-3.jpg 2010w\" sizes=\"(max-width: 1000px) 100vw, 1000px\" \/><figcaption class=\"wp-element-caption\"><em>Salatiel assume presid\u00eancia do diret\u00f3rio municipal do PL em Parnamirim-RN<\/em><br>Em uma movimenta\u00e7\u00e3o estrat\u00e9gica que fortalece a posi\u00e7\u00e3o Salatiel de Souza em Parnamirim, o Partido Liberal (PL) nomeia o pr\u00e9-candidato a prefeito como novo presidente do Diret\u00f3rio Municipal da legenda.<br>A nova composi\u00e7\u00e3o assumiu nesta ter\u00e7a-feira (23) e reflete a confian\u00e7a e valoriza\u00e7\u00e3o do partido em Salatiel, demonstrando o prest\u00edgio dele junto aos dirigentes estaduais e nacionais do PL.<br>A transi\u00e7\u00e3o de lideran\u00e7a foi marcada por consenso e colabora\u00e7\u00e3o, com Gabriel C\u00e9sar de Oliveira, ex-presidente do diret\u00f3rio, passando o bast\u00e3o e assumindo a posi\u00e7\u00e3o de primeiro vice-presidente. A mudan\u00e7a contou com o aval e apoio do presidente estadual do PL, senador Rog\u00e9rio Marinho, demonstrando a uni\u00e3o e o alinhamento do partido.<br>A nova Executiva do Diret\u00f3rio Municipal do PL em Parnamirim-RN \u00e9 composta por:<br><code>\u2022 Salatiel Maciel de Souza - Presidente \u2022 Gabriel C\u00e9sar Oliveira - Primeiro Vice-Presidente \u2022 Lindovaldo Soares de Azevedo (vereador Vav\u00e1) - Segundo Vice-Presidente \u2022 Maur\u00edcio C\u00e9sar Barros Adriao - Secret\u00e1rio \u2022 Gilte Anizio de Souza - Tesoureiro(a) \u2022 Jos\u00e9 Afranio Bezerra da Silva - Vogal \u2022 Wendell de Medeiros Gois Xavier - Vogal<\/code><br>\u201cO Diret\u00f3rio Municipal do PL est\u00e1 preparado para intensificar as nossas a\u00e7\u00f5es e estrat\u00e9gias pol\u00edticas em Parnamirim. A inclus\u00e3o de Salatiel na presid\u00eancia reflete o comprometimento do PL em apoiar candidatos com potencial significativo e que tenham a confian\u00e7a da base partid\u00e1ria\u201d, destaca o Senador Rog\u00e9rio Marinho.<\/figcaption><\/figure>\n","protected":false},"excerpt":{"rendered":"","protected":false},"author":1,"featured_media":0,"comment_status":"closed","ping_status":"open","sticky":false,"template":"","format":"image","meta":{"site-sidebar-layout":"default","site-content-layout":"","ast-site-content-layout":"default","site-content-style":"default","site-sidebar-style":"default","ast-global-header-display":"","ast-banner-title-visibility":"","ast-main-header-display":"","ast-hfb-above-header-display":"","ast-hfb-below-header-display":"","ast-hfb-mobile-header-display":"","site-post-title":"","ast-breadcrumbs-content":"","ast-featured-img":"","footer-sml-layout":"","ast-disable-related-posts":"","theme-transparent-header-meta":"","adv-header-id-meta":"","stick-header-meta":"","header-above-stick-meta":"","header-main-stick-meta":"","header-below-stick-meta":"","astra-migrate-meta-layouts":"default","ast-page-background-enabled":"default","ast-page-background-meta":{"desktop":{"background-color":"var(--ast-global-color-4)","background-image":"","background-repeat":"repeat","background-position":"center center","background-size":"auto","background-attachment":"scroll","background-type":"","background-media":"","overlay-type":"","overlay-color":"","overlay-opacity":"","overlay-gradient":""},"tablet":{"background-color":"","background-image":"","background-repeat":"repeat","background-position":"center center","background-size":"auto","background-attachment":"scroll","background-type":"","background-media":"","overlay-type":"","overlay-color":"","overlay-opacity":"","overlay-gradient":""},"mobile":{"background-color":"","background-image":"","background-repeat":"repeat","background-position":"center center","background-size":"auto","background-attachment":"scroll","background-type":"","background-media":"","overlay-type":"","overlay-color":"","overlay-opacity":"","overlay-gradient":""}},"ast-content-background-meta":{"desktop":{"background-color":"var(--ast-global-color-5)","background-image":"","background-repeat":"repeat","background-position":"center center","background-size":"auto","background-attachment":"scroll","background-type":"","background-media":"","overlay-type":"","overlay-color":"","overlay-opacity":"","overlay-gradient":""},"tablet":{"background-color":"var(--ast-global-color-5)","background-image":"","background-repeat":"repeat","background-position":"center center","background-size":"auto","background-attachment":"scroll","background-type":"","background-media":"","overlay-type":"","overlay-color":"","overlay-opacity":"","overlay-gradient":""},"mobile":{"background-color":"var(--ast-global-color-5)","background-image":"","background-repeat":"repeat","background-position":"center center","background-size":"auto","background-attachment":"scroll","background-type":"","background-media":"","overlay-type":"","overlay-color":"","overlay-opacity":"","overlay-gradient":""}},"footnotes":""},"categories":[517],"tags":[],"class_list":["post-24953","post","type-post","status-publish","format-image","hentry","category-aconteceu","post_format-post-format-image"],"_links":{"self":[{"href":"https:\/\/noticiasnoface.com.br\/index.php\/wp-json\/wp\/v2\/posts\/24953","targetHints":{"allow":["GET"]}}],"collection":[{"href":"https:\/\/noticiasnoface.com.br\/index.php\/wp-json\/wp\/v2\/posts"}],"about":[{"href":"https:\/\/noticiasnoface.com.br\/index.php\/wp-json\/wp\/v2\/types\/post"}],"author":[{"embeddable":true,"href":"https:\/\/noticiasnoface.com.br\/index.php\/wp-json\/wp\/v2\/users\/1"}],"replies":[{"embeddable":true,"href":"https:\/\/noticiasnoface.com.br\/index.php\/wp-json\/wp\/v2\/comments?post=24953"}],"version-history":[{"count":1,"href":"https:\/\/noticiasnoface.com.br\/index.php\/wp-json\/wp\/v2\/posts\/24953\/revisions"}],"predecessor-version":[{"id":24954,"href":"https:\/\/noticiasnoface.com.br\/index.php\/wp-json\/wp\/v2\/posts\/24953\/revisions\/24954"}],"wp:attachment":[{"href":"https:\/\/noticiasnoface.com.br\/index.php\/wp-json\/wp\/v2\/media?parent=24953"}],"wp:term":[{"taxonomy":"category","embeddable":true,"href":"https:\/\/noticiasnoface.com.br\/index.php\/wp-json\/wp\/v2\/categories?post=24953"},{"taxonomy":"post_tag","embeddable":true,"href":"https:\/\/noticiasnoface.com.br\/index.php\/wp-json\/wp\/v2\/tags?post=24953"}],"curies":[{"name":"wp","href":"https:\/\/api.w.org\/{rel}","templated":true}]}}