{"id":24963,"date":"2024-07-26T09:55:47","date_gmt":"2024-07-26T12:55:47","guid":{"rendered":"https:\/\/noticiasnoface.com.br\/?p=24963"},"modified":"2024-07-26T09:55:47","modified_gmt":"2024-07-26T12:55:47","slug":"chefe-de-gabinete-de-general-pre-candidato-a-vereador-em-natal","status":"publish","type":"post","link":"https:\/\/noticiasnoface.com.br\/index.php\/2024\/07\/26\/chefe-de-gabinete-de-general-pre-candidato-a-vereador-em-natal\/","title":{"rendered":"Chefe de Gabinete de General pr\u00e9-candidato a vereador em Natal."},"content":{"rendered":"\n<figure class=\"wp-block-image size-large\"><img data-opt-id=1288082824  fetchpriority=\"high\" decoding=\"async\" width=\"1024\" height=\"1012\" src=\"https:\/\/mlbfrsat7ahr.i.optimole.com\/w:1024\/h:1012\/q:mauto\/ig:avif\/https:\/\/noticiasnoface.com.br\/wp-content\/uploads\/2024\/07\/img_9361-1.jpg\" class=\"wp-image-24962\" srcset=\"https:\/\/mlbfrsat7ahr.i.optimole.com\/w:1024\/h:1012\/q:mauto\/ig:avif\/https:\/\/noticiasnoface.com.br\/wp-content\/uploads\/2024\/07\/img_9361-1.jpg 1024w, https:\/\/mlbfrsat7ahr.i.optimole.com\/w:300\/h:297\/q:mauto\/ig:avif\/https:\/\/noticiasnoface.com.br\/wp-content\/uploads\/2024\/07\/img_9361-1.jpg 300w, https:\/\/mlbfrsat7ahr.i.optimole.com\/w:768\/h:759\/q:mauto\/ig:avif\/https:\/\/noticiasnoface.com.br\/wp-content\/uploads\/2024\/07\/img_9361-1.jpg 768w, https:\/\/mlbfrsat7ahr.i.optimole.com\/w:1092\/h:1080\/q:mauto\/ig:avif\/https:\/\/noticiasnoface.com.br\/wp-content\/uploads\/2024\/07\/img_9361-1.jpg 1290w\" sizes=\"(max-width: 1000px) 100vw, 1000px\" \/><\/figure>\n\n\n\n<!--more-->\n\n\n\n<p>Chefe de Gabinete de General pr\u00e9-candidato a vereador em Natal.<\/p>\n\n\n\n<p>Com forma\u00e7\u00e3o em Direito e Teologia, al\u00e9m de especializa\u00e7\u00e3o em Administra\u00e7\u00e3o P\u00fablica e MBA em Gest\u00e3o de Projetos e Pol\u00edticas P\u00fablicas , Godeiro tamb\u00e9m foi chefe de gabinete do deputado estadual Coronel Azevedo. <\/p>\n\n\n\n<p>Godeiro sempre esteve a frente dos movimentos de direita no RN junto com o deputado General Gir\u00e3o, se tornando um dos homens mais pr\u00f3ximo ao presidente Bolsonaro no RN. Godeiro deve ser um dos mais votados pelo PL para ocupar uma vaga na c\u00e2mara municipal de Natal. A direita avan\u00e7a !<\/p>\n\n\n\n<h2 class=\"wp-block-heading\">Outros Cargos que Godeiro ocupou <\/h2>\n\n\n\n<p>Ocupou o cargo de secret\u00e1rio-geral estadual dos Partidos PSL\/RN 2018, PSC\/RN 2020 e Foi coordenador da nominata de deputado estadual do partido PL\/RN que resultou em vit\u00f3ria de 4 deputadas eleitos na elei\u00e7\u00e3o de 2022. E tb Presidente estadual do Partido Podemos-RN.<\/p>\n","protected":false},"excerpt":{"rendered":"","protected":false},"author":1,"featured_media":0,"comment_status":"closed","ping_status":"open","sticky":false,"template":"","format":"image","meta":{"site-sidebar-layout":"default","site-content-layout":"","ast-site-content-layout":"default","site-content-style":"default","site-sidebar-style":"default","ast-global-header-display":"","ast-banner-title-visibility":"","ast-main-header-display":"","ast-hfb-above-header-display":"","ast-hfb-below-header-display":"","ast-hfb-mobile-header-display":"","site-post-title":"","ast-breadcrumbs-content":"","ast-featured-img":"","footer-sml-layout":"","ast-disable-related-posts":"","theme-transparent-header-meta":"","adv-header-id-meta":"","stick-header-meta":"","header-above-stick-meta":"","header-main-stick-meta":"","header-below-stick-meta":"","astra-migrate-meta-layouts":"default","ast-page-background-enabled":"default","ast-page-background-meta":{"desktop":{"background-color":"var(--ast-global-color-4)","background-image":"","background-repeat":"repeat","background-position":"center center","background-size":"auto","background-attachment":"scroll","background-type":"","background-media":"","overlay-type":"","overlay-color":"","overlay-opacity":"","overlay-gradient":""},"tablet":{"background-color":"","background-image":"","background-repeat":"repeat","background-position":"center center","background-size":"auto","background-attachment":"scroll","background-type":"","background-media":"","overlay-type":"","overlay-color":"","overlay-opacity":"","overlay-gradient":""},"mobile":{"background-color":"","background-image":"","background-repeat":"repeat","background-position":"center center","background-size":"auto","background-attachment":"scroll","background-type":"","background-media":"","overlay-type":"","overlay-color":"","overlay-opacity":"","overlay-gradient":""}},"ast-content-background-meta":{"desktop":{"background-color":"var(--ast-global-color-5)","background-image":"","background-repeat":"repeat","background-position":"center center","background-size":"auto","background-attachment":"scroll","background-type":"","background-media":"","overlay-type":"","overlay-color":"","overlay-opacity":"","overlay-gradient":""},"tablet":{"background-color":"var(--ast-global-color-5)","background-image":"","background-repeat":"repeat","background-position":"center center","background-size":"auto","background-attachment":"scroll","background-type":"","background-media":"","overlay-type":"","overlay-color":"","overlay-opacity":"","overlay-gradient":""},"mobile":{"background-color":"var(--ast-global-color-5)","background-image":"","background-repeat":"repeat","background-position":"center center","background-size":"auto","background-attachment":"scroll","background-type":"","background-media":"","overlay-type":"","overlay-color":"","overlay-opacity":"","overlay-gradient":""}},"footnotes":""},"categories":[517],"tags":[],"class_list":["post-24963","post","type-post","status-publish","format-image","hentry","category-aconteceu","post_format-post-format-image"],"_links":{"self":[{"href":"https:\/\/noticiasnoface.com.br\/index.php\/wp-json\/wp\/v2\/posts\/24963","targetHints":{"allow":["GET"]}}],"collection":[{"href":"https:\/\/noticiasnoface.com.br\/index.php\/wp-json\/wp\/v2\/posts"}],"about":[{"href":"https:\/\/noticiasnoface.com.br\/index.php\/wp-json\/wp\/v2\/types\/post"}],"author":[{"embeddable":true,"href":"https:\/\/noticiasnoface.com.br\/index.php\/wp-json\/wp\/v2\/users\/1"}],"replies":[{"embeddable":true,"href":"https:\/\/noticiasnoface.com.br\/index.php\/wp-json\/wp\/v2\/comments?post=24963"}],"version-history":[{"count":1,"href":"https:\/\/noticiasnoface.com.br\/index.php\/wp-json\/wp\/v2\/posts\/24963\/revisions"}],"predecessor-version":[{"id":24964,"href":"https:\/\/noticiasnoface.com.br\/index.php\/wp-json\/wp\/v2\/posts\/24963\/revisions\/24964"}],"wp:attachment":[{"href":"https:\/\/noticiasnoface.com.br\/index.php\/wp-json\/wp\/v2\/media?parent=24963"}],"wp:term":[{"taxonomy":"category","embeddable":true,"href":"https:\/\/noticiasnoface.com.br\/index.php\/wp-json\/wp\/v2\/categories?post=24963"},{"taxonomy":"post_tag","embeddable":true,"href":"https:\/\/noticiasnoface.com.br\/index.php\/wp-json\/wp\/v2\/tags?post=24963"}],"curies":[{"name":"wp","href":"https:\/\/api.w.org\/{rel}","templated":true}]}}