{"id":24966,"date":"2024-07-27T17:10:07","date_gmt":"2024-07-27T20:10:07","guid":{"rendered":"https:\/\/noticiasnoface.com.br\/?p=24966"},"modified":"2024-07-27T17:10:07","modified_gmt":"2024-07-27T20:10:07","slug":"eleicoes-2024-convencao-para-homologar-candidatura-de-paulinho-freire-e-joanna-guerra-sera-no-ginasio-nelio-dias","status":"publish","type":"post","link":"https:\/\/noticiasnoface.com.br\/index.php\/2024\/07\/27\/eleicoes-2024-convencao-para-homologar-candidatura-de-paulinho-freire-e-joanna-guerra-sera-no-ginasio-nelio-dias\/","title":{"rendered":"Elei\u00e7\u00f5es 2024: conven\u00e7\u00e3o para homologar candidatura de Paulinho Freire e Joanna Guerra ser\u00e1 no Gin\u00e1sio N\u00e9lio Dias"},"content":{"rendered":"\n<figure class=\"wp-block-image size-large\"><img data-opt-id=554210538  fetchpriority=\"high\" decoding=\"async\" width=\"320\" height=\"240\" src=\"https:\/\/mlbfrsat7ahr.i.optimole.com\/w:auto\/h:auto\/q:mauto\/ig:avif\/https:\/\/noticiasnoface.com.br\/wp-content\/uploads\/2024\/07\/img_9466-1.jpg\" class=\"wp-image-24965\" srcset=\"https:\/\/mlbfrsat7ahr.i.optimole.com\/w:320\/h:240\/q:mauto\/ig:avif\/https:\/\/noticiasnoface.com.br\/wp-content\/uploads\/2024\/07\/img_9466-1.jpg 320w, https:\/\/mlbfrsat7ahr.i.optimole.com\/w:300\/h:225\/q:mauto\/ig:avif\/https:\/\/noticiasnoface.com.br\/wp-content\/uploads\/2024\/07\/img_9466-1.jpg 300w\" sizes=\"(max-width: 320px) 100vw, 320px\" \/><\/figure>\n\n\n\n<!--more-->\n\n\n\n<p>O pr\u00e9-candidato a prefeito de Natal, o deputado federal Paulinho Freire (Uni\u00e3o Brasil) e a pr\u00e9-candidata a vice-prefeita Joanna Guerra (Republicanos) ter\u00e3o as candidaturas oficialmente homologadas no pr\u00f3ximo s\u00e1bado, dia 3 de agosto, em conven\u00e7\u00e3o conjunta dos dois partidos..<\/p>\n\n\n\n<p>A solenidade ser\u00e1 realizada no Gin\u00e1sio N\u00e9lio Dias, localizado na Zona Norte da Capital Potiguar, das 9h \u00e0s 13h. &nbsp;Na ocasi\u00e3o, cerca de 60 pr\u00e9-candidatos a vereadores ser\u00e3o oficialmente lan\u00e7ados&nbsp;durante o evento.<\/p>\n\n\n\n<p>A conven\u00e7\u00e3o reunir\u00e1 l\u00edderes pol\u00edticos, apoiadores e membros das duas legendas, que se mobilizam para fortalecer suas propostas e engajar o eleitorado natalense.<\/p>\n\n\n\n<p>A pr\u00e9-candidatura de Paulinho tem sido bem recebida por trazer uma abordagem \u00e0 administra\u00e7\u00e3o municipal que une inova\u00e7\u00e3o e empreendedorismo a um plano de governo humanizado e eficiente.<\/p>\n\n\n\n<p>*Servi\u00e7o*<\/p>\n\n\n\n<p>Evento: Conven\u00e7\u00e3o Uni\u00e3o Brasil e Republicanos;<\/p>\n\n\n\n<p>Local: Gin\u00e1sio N\u00e9lio Dias &#8211; Av. Guararapes, s\/n &#8211; Lagoa Azul, Natal;<\/p>\n\n\n\n<p>Hora: 9h \u00e0s 13h.<\/p>\n","protected":false},"excerpt":{"rendered":"","protected":false},"author":1,"featured_media":0,"comment_status":"closed","ping_status":"open","sticky":false,"template":"","format":"image","meta":{"site-sidebar-layout":"default","site-content-layout":"","ast-site-content-layout":"default","site-content-style":"default","site-sidebar-style":"default","ast-global-header-display":"","ast-banner-title-visibility":"","ast-main-header-display":"","ast-hfb-above-header-display":"","ast-hfb-below-header-display":"","ast-hfb-mobile-header-display":"","site-post-title":"","ast-breadcrumbs-content":"","ast-featured-img":"","footer-sml-layout":"","ast-disable-related-posts":"","theme-transparent-header-meta":"","adv-header-id-meta":"","stick-header-meta":"","header-above-stick-meta":"","header-main-stick-meta":"","header-below-stick-meta":"","astra-migrate-meta-layouts":"default","ast-page-background-enabled":"default","ast-page-background-meta":{"desktop":{"background-color":"var(--ast-global-color-4)","background-image":"","background-repeat":"repeat","background-position":"center center","background-size":"auto","background-attachment":"scroll","background-type":"","background-media":"","overlay-type":"","overlay-color":"","overlay-opacity":"","overlay-gradient":""},"tablet":{"background-color":"","background-image":"","background-repeat":"repeat","background-position":"center center","background-size":"auto","background-attachment":"scroll","background-type":"","background-media":"","overlay-type":"","overlay-color":"","overlay-opacity":"","overlay-gradient":""},"mobile":{"background-color":"","background-image":"","background-repeat":"repeat","background-position":"center center","background-size":"auto","background-attachment":"scroll","background-type":"","background-media":"","overlay-type":"","overlay-color":"","overlay-opacity":"","overlay-gradient":""}},"ast-content-background-meta":{"desktop":{"background-color":"var(--ast-global-color-5)","background-image":"","background-repeat":"repeat","background-position":"center center","background-size":"auto","background-attachment":"scroll","background-type":"","background-media":"","overlay-type":"","overlay-color":"","overlay-opacity":"","overlay-gradient":""},"tablet":{"background-color":"var(--ast-global-color-5)","background-image":"","background-repeat":"repeat","background-position":"center center","background-size":"auto","background-attachment":"scroll","background-type":"","background-media":"","overlay-type":"","overlay-color":"","overlay-opacity":"","overlay-gradient":""},"mobile":{"background-color":"var(--ast-global-color-5)","background-image":"","background-repeat":"repeat","background-position":"center center","background-size":"auto","background-attachment":"scroll","background-type":"","background-media":"","overlay-type":"","overlay-color":"","overlay-opacity":"","overlay-gradient":""}},"footnotes":""},"categories":[517],"tags":[],"class_list":["post-24966","post","type-post","status-publish","format-image","hentry","category-aconteceu","post_format-post-format-image"],"_links":{"self":[{"href":"https:\/\/noticiasnoface.com.br\/index.php\/wp-json\/wp\/v2\/posts\/24966","targetHints":{"allow":["GET"]}}],"collection":[{"href":"https:\/\/noticiasnoface.com.br\/index.php\/wp-json\/wp\/v2\/posts"}],"about":[{"href":"https:\/\/noticiasnoface.com.br\/index.php\/wp-json\/wp\/v2\/types\/post"}],"author":[{"embeddable":true,"href":"https:\/\/noticiasnoface.com.br\/index.php\/wp-json\/wp\/v2\/users\/1"}],"replies":[{"embeddable":true,"href":"https:\/\/noticiasnoface.com.br\/index.php\/wp-json\/wp\/v2\/comments?post=24966"}],"version-history":[{"count":1,"href":"https:\/\/noticiasnoface.com.br\/index.php\/wp-json\/wp\/v2\/posts\/24966\/revisions"}],"predecessor-version":[{"id":24967,"href":"https:\/\/noticiasnoface.com.br\/index.php\/wp-json\/wp\/v2\/posts\/24966\/revisions\/24967"}],"wp:attachment":[{"href":"https:\/\/noticiasnoface.com.br\/index.php\/wp-json\/wp\/v2\/media?parent=24966"}],"wp:term":[{"taxonomy":"category","embeddable":true,"href":"https:\/\/noticiasnoface.com.br\/index.php\/wp-json\/wp\/v2\/categories?post=24966"},{"taxonomy":"post_tag","embeddable":true,"href":"https:\/\/noticiasnoface.com.br\/index.php\/wp-json\/wp\/v2\/tags?post=24966"}],"curies":[{"name":"wp","href":"https:\/\/api.w.org\/{rel}","templated":true}]}}