{"id":24987,"date":"2024-07-28T14:26:24","date_gmt":"2024-07-28T17:26:24","guid":{"rendered":"https:\/\/noticiasnoface.com.br\/?p=24987"},"modified":"2024-07-28T14:26:24","modified_gmt":"2024-07-28T17:26:24","slug":"atleta-e-cortada-em-transmissao-da-caze-tv-apos-criticar-patrocinador","status":"publish","type":"post","link":"https:\/\/noticiasnoface.com.br\/index.php\/2024\/07\/28\/atleta-e-cortada-em-transmissao-da-caze-tv-apos-criticar-patrocinador\/","title":{"rendered":"Atleta \u00e9 cortada em transmiss\u00e3o da Caz\u00e9 TV ap\u00f3s criticar patrocinador"},"content":{"rendered":"\n<p>Atleta comentava sobre a roupa da delega\u00e7\u00e3o brasileira em Paris e criticou as havaianas, que patrocinam a Caz\u00e9 TV<\/p>\n\n\n\n<figure class=\"wp-block-image size-large\"><img data-opt-id=1847773500  fetchpriority=\"high\" decoding=\"async\" width=\"700\" height=\"467\" src=\"https:\/\/mlbfrsat7ahr.i.optimole.com\/w:auto\/h:auto\/q:mauto\/ig:avif\/https:\/\/noticiasnoface.com.br\/wp-content\/uploads\/2024\/07\/img_9520.jpg\" class=\"wp-image-24986\" srcset=\"https:\/\/mlbfrsat7ahr.i.optimole.com\/w:700\/h:467\/q:mauto\/ig:avif\/https:\/\/noticiasnoface.com.br\/wp-content\/uploads\/2024\/07\/img_9520.jpg 700w, https:\/\/mlbfrsat7ahr.i.optimole.com\/w:300\/h:200\/q:mauto\/ig:avif\/https:\/\/noticiasnoface.com.br\/wp-content\/uploads\/2024\/07\/img_9520.jpg 300w\" sizes=\"(max-width: 700px) 100vw, 700px\" \/><\/figure>\n\n\n\n<!--more-->\n\n\n\n<p>A jogadora de v\u00f4lei Adenizia Ferreira foi cortada temporariamente nesta sexta-feira (26\/7) em uma transmiss\u00e3o da Caz\u00e9 TV das Olimp\u00edadas 2024. A atleta medalhista de ouro em 2012 participou do programa que antecedeu a abertura dos jogos ol\u00edmpicos de Paris.<\/p>\n\n\n\n<p>Durante o programa, os debatedores comentaram sobre o uniforme da delega\u00e7\u00e3o brasileira, que foi alvo de cr\u00edticas. A atleta sugeriu a retirada das Havaianas do uniforme. O apresentador do programa rapidamente mudou de assunto e passou a transmiss\u00e3o para uma rep\u00f3rter que estava fora do est\u00fadio.<\/p>\n\n\n\n<p>A raz\u00e3o do corte em Adenizia \u00e9 que a Havaianas \u00e9 patrocinadora da Caz\u00e9 TV. A empresa ter\u00e1 destaque durante a cobertura da abertura dos jogos e tamb\u00e9m nas redes sociais do canal.<\/p>\n\n\n\n<p>Faz parte do contrato que os apresentadores e comentaristas citem o uso das Havaianas pela delega\u00e7\u00e3o brasileira ao longo do programa. Inclusive, antes da fala de Adenizia, o rep\u00f3rter fez uma entrevista com a judoca Ketleyn Quadros e destacou o cal\u00e7ado. A Havaianas tamb\u00e9m \u00e9 patrocinadora oficial do Comit\u00ea Ol\u00edmpico do Brasil (COB).<\/p>\n","protected":false},"excerpt":{"rendered":"<p>Atleta comentava sobre a roupa da delega\u00e7\u00e3o brasileira em Paris e criticou as havaianas, que patrocinam a Caz\u00e9 TV<\/p>\n","protected":false},"author":1,"featured_media":0,"comment_status":"closed","ping_status":"open","sticky":false,"template":"","format":"image","meta":{"site-sidebar-layout":"default","site-content-layout":"","ast-site-content-layout":"default","site-content-style":"default","site-sidebar-style":"default","ast-global-header-display":"","ast-banner-title-visibility":"","ast-main-header-display":"","ast-hfb-above-header-display":"","ast-hfb-below-header-display":"","ast-hfb-mobile-header-display":"","site-post-title":"","ast-breadcrumbs-content":"","ast-featured-img":"","footer-sml-layout":"","ast-disable-related-posts":"","theme-transparent-header-meta":"","adv-header-id-meta":"","stick-header-meta":"","header-above-stick-meta":"","header-main-stick-meta":"","header-below-stick-meta":"","astra-migrate-meta-layouts":"default","ast-page-background-enabled":"default","ast-page-background-meta":{"desktop":{"background-color":"var(--ast-global-color-4)","background-image":"","background-repeat":"repeat","background-position":"center center","background-size":"auto","background-attachment":"scroll","background-type":"","background-media":"","overlay-type":"","overlay-color":"","overlay-opacity":"","overlay-gradient":""},"tablet":{"background-color":"","background-image":"","background-repeat":"repeat","background-position":"center center","background-size":"auto","background-attachment":"scroll","background-type":"","background-media":"","overlay-type":"","overlay-color":"","overlay-opacity":"","overlay-gradient":""},"mobile":{"background-color":"","background-image":"","background-repeat":"repeat","background-position":"center center","background-size":"auto","background-attachment":"scroll","background-type":"","background-media":"","overlay-type":"","overlay-color":"","overlay-opacity":"","overlay-gradient":""}},"ast-content-background-meta":{"desktop":{"background-color":"var(--ast-global-color-5)","background-image":"","background-repeat":"repeat","background-position":"center center","background-size":"auto","background-attachment":"scroll","background-type":"","background-media":"","overlay-type":"","overlay-color":"","overlay-opacity":"","overlay-gradient":""},"tablet":{"background-color":"var(--ast-global-color-5)","background-image":"","background-repeat":"repeat","background-position":"center center","background-size":"auto","background-attachment":"scroll","background-type":"","background-media":"","overlay-type":"","overlay-color":"","overlay-opacity":"","overlay-gradient":""},"mobile":{"background-color":"var(--ast-global-color-5)","background-image":"","background-repeat":"repeat","background-position":"center center","background-size":"auto","background-attachment":"scroll","background-type":"","background-media":"","overlay-type":"","overlay-color":"","overlay-opacity":"","overlay-gradient":""}},"footnotes":""},"categories":[517],"tags":[],"class_list":["post-24987","post","type-post","status-publish","format-image","hentry","category-aconteceu","post_format-post-format-image"],"_links":{"self":[{"href":"https:\/\/noticiasnoface.com.br\/index.php\/wp-json\/wp\/v2\/posts\/24987","targetHints":{"allow":["GET"]}}],"collection":[{"href":"https:\/\/noticiasnoface.com.br\/index.php\/wp-json\/wp\/v2\/posts"}],"about":[{"href":"https:\/\/noticiasnoface.com.br\/index.php\/wp-json\/wp\/v2\/types\/post"}],"author":[{"embeddable":true,"href":"https:\/\/noticiasnoface.com.br\/index.php\/wp-json\/wp\/v2\/users\/1"}],"replies":[{"embeddable":true,"href":"https:\/\/noticiasnoface.com.br\/index.php\/wp-json\/wp\/v2\/comments?post=24987"}],"version-history":[{"count":1,"href":"https:\/\/noticiasnoface.com.br\/index.php\/wp-json\/wp\/v2\/posts\/24987\/revisions"}],"predecessor-version":[{"id":24988,"href":"https:\/\/noticiasnoface.com.br\/index.php\/wp-json\/wp\/v2\/posts\/24987\/revisions\/24988"}],"wp:attachment":[{"href":"https:\/\/noticiasnoface.com.br\/index.php\/wp-json\/wp\/v2\/media?parent=24987"}],"wp:term":[{"taxonomy":"category","embeddable":true,"href":"https:\/\/noticiasnoface.com.br\/index.php\/wp-json\/wp\/v2\/categories?post=24987"},{"taxonomy":"post_tag","embeddable":true,"href":"https:\/\/noticiasnoface.com.br\/index.php\/wp-json\/wp\/v2\/tags?post=24987"}],"curies":[{"name":"wp","href":"https:\/\/api.w.org\/{rel}","templated":true}]}}