{"id":24999,"date":"2024-07-29T08:53:00","date_gmt":"2024-07-29T11:53:00","guid":{"rendered":"https:\/\/noticiasnoface.com.br\/?p=24999"},"modified":"2024-07-29T08:53:00","modified_gmt":"2024-07-29T11:53:00","slug":"inss-confirma-pagamento-antecipado-para-beneficiarios-veja-o-calendario-e-quem-sao-os-sortudos","status":"publish","type":"post","link":"https:\/\/noticiasnoface.com.br\/index.php\/2024\/07\/29\/inss-confirma-pagamento-antecipado-para-beneficiarios-veja-o-calendario-e-quem-sao-os-sortudos\/","title":{"rendered":"INSS confirma pagamento antecipado para benefici\u00e1rios; veja o calend\u00e1rio e quem s\u00e3o os sortudos"},"content":{"rendered":"\n<figure class=\"wp-block-image size-large\"><img data-opt-id=208222183  fetchpriority=\"high\" decoding=\"async\" width=\"1024\" height=\"576\" src=\"https:\/\/mlbfrsat7ahr.i.optimole.com\/w:1024\/h:576\/q:mauto\/ig:avif\/https:\/\/noticiasnoface.com.br\/wp-content\/uploads\/2024\/07\/img_9584-1.jpg\" class=\"wp-image-24998\" srcset=\"https:\/\/mlbfrsat7ahr.i.optimole.com\/w:1024\/h:576\/q:mauto\/ig:avif\/https:\/\/noticiasnoface.com.br\/wp-content\/uploads\/2024\/07\/img_9584-1.jpg 1024w, https:\/\/mlbfrsat7ahr.i.optimole.com\/w:300\/h:169\/q:mauto\/ig:avif\/https:\/\/noticiasnoface.com.br\/wp-content\/uploads\/2024\/07\/img_9584-1.jpg 300w, https:\/\/mlbfrsat7ahr.i.optimole.com\/w:768\/h:432\/q:mauto\/ig:avif\/https:\/\/noticiasnoface.com.br\/wp-content\/uploads\/2024\/07\/img_9584-1.jpg 768w, https:\/\/mlbfrsat7ahr.i.optimole.com\/w:1200\/h:675\/q:mauto\/ig:avif\/https:\/\/noticiasnoface.com.br\/wp-content\/uploads\/2024\/07\/img_9584-1.jpg 1200w\" sizes=\"(max-width: 1000px) 100vw, 1000px\" \/><figcaption class=\"wp-element-caption\"><br>O INSS (Instituto Nacional do Seguro Social) anunciou uma antecipa\u00e7\u00e3o no&nbsp;<strong>calend\u00e1rio de pagamentos para um grupo espec\u00edfico de benefici\u00e1rios<\/strong>, trazendo al\u00edvio e planejamento financeiro.&nbsp;<\/figcaption><\/figure>\n\n\n\n<!--more-->\n\n\n\n<p>Assim, desde o dia 25 de julho, os&nbsp;<strong>moradores do&nbsp;<a href=\"https:\/\/fdr.com.br\/2024\/07\/28\/comeca-pagamento-do-3-lote-da-restituicao-do-imposto-de-renda-2024-veja-quem-recebe\/\" target=\"_blank\" rel=\"noopener\">Rio Grande do Sul<\/a>&nbsp;est\u00e3o podendo realizar o saque dos seus benef\u00edcios<\/strong>. Essa medida foi tomada para aliviar um pouco o bolso de quem teve suas casas e bens danificados pelas chuvas e enchentes nos \u00faltimos meses.<\/p>\n\n\n\n<h2 class=\"wp-block-heading clear\">Calend\u00e1rio do INSS<\/h2>\n\n\n\n<p><\/p>\n\n\n\n<p>Os&nbsp;<strong>pagamentos do&nbsp;<a href=\"https:\/\/fdr.com.br\/2024\/07\/28\/idosos-65-podem-garantir-mais-de-2800-durante-os-proximos-60-dias-veja-como\/\" target=\"_blank\" rel=\"noopener\">INSS<\/a>&nbsp;para julho v\u00e3o do dia 25 at\u00e9 7 de agosto<\/strong>. Em todo novo dep\u00f3sito o calend\u00e1rio come\u00e7a na \u00faltima semana do m\u00eas vigente e vai at\u00e9 a primeira semana do m\u00eas seguinte.&nbsp;<\/p>\n\n\n\n<h3 class=\"wp-block-heading clear\">Para quem recebe at\u00e9 um sal\u00e1rio m\u00ednimo<\/h3>\n\n\n\n<ul class=\"wp-block-list\">\n<li>NIS Final 1: 25 de julho;<\/li>\n\n\n\n<li>NIS Final 2: 26 de julho;<\/li>\n\n\n\n<li><strong>NIS Final 3: 29 de julho;<\/strong><\/li>\n\n\n\n<li>NIS Final 4: 30 de julho;<\/li>\n\n\n\n<li>NIS Final 5: 31 de julho;<\/li>\n\n\n\n<li>NIS Final 6: 1 de agosto;<\/li>\n\n\n\n<li>NIS Final 7: 2 de agosto;<\/li>\n\n\n\n<li>NIS Final 8: 5 de agosto;<\/li>\n\n\n\n<li>NIS Final 9: 6 de agosto;<\/li>\n\n\n\n<li>NIS Final 0: 7 de agosto.<\/li>\n<\/ul>\n\n\n\n<h3 class=\"wp-block-heading clear\">Para quem recebe mais de um sal\u00e1rio m\u00ednimo<\/h3>\n\n\n\n<ul class=\"wp-block-list\">\n<li><strong>NIS Final 1 e 6: 1 de agosto;<\/strong><\/li>\n\n\n\n<li>NIS Final 2 e 7: 2 de agosto;<\/li>\n\n\n\n<li>NIS Final 3 e 8: 5 de agosto;<\/li>\n\n\n\n<li>NIS Final 4 e 9: 6 de agosto;<\/li>\n\n\n\n<li>NIS Final 5 e 0: 7 de agosto.<\/li>\n<\/ul>\n\n\n\n<h2 class=\"wp-block-heading clear\">Consulta do extrato do INSS<\/h2>\n\n\n\n<p>A era digital facilita o acesso \u00e0s informa\u00e7\u00f5es do&nbsp;<a href=\"https:\/\/fdr.com.br\/2024\/07\/28\/nova-lei-para-quem-ja-foi-clt-e-confirmada-por-lula-e-trabalhadores-dao-adeus-a-idade-minima-na-aposentadoria\/\" target=\"_blank\" rel=\"noopener\">INSS<\/a>! Agora, voc\u00ea pode consultar seu extrato de pagamento e outras informa\u00e7\u00f5es relevantes de forma r\u00e1pida e pr\u00e1tica online atrav\u00e9s do site ou aplicativo Meu INSS.<\/p>\n\n\n\n<p>Essas ferramentas digitais n\u00e3o apenas simplificam o acesso \u00e0s informa\u00e7\u00f5es, mas tamb\u00e9m permitem a realiza\u00e7\u00e3o de diversos procedimentos, como agendamentos e remarca\u00e7\u00f5es de per\u00edcias, fundamentais para a manuten\u00e7\u00e3o de alguns tipos de benef\u00edcios.<\/p>\n\n\n\n<p><\/p>\n","protected":false},"excerpt":{"rendered":"","protected":false},"author":1,"featured_media":0,"comment_status":"closed","ping_status":"open","sticky":false,"template":"","format":"image","meta":{"site-sidebar-layout":"default","site-content-layout":"","ast-site-content-layout":"default","site-content-style":"default","site-sidebar-style":"default","ast-global-header-display":"","ast-banner-title-visibility":"","ast-main-header-display":"","ast-hfb-above-header-display":"","ast-hfb-below-header-display":"","ast-hfb-mobile-header-display":"","site-post-title":"","ast-breadcrumbs-content":"","ast-featured-img":"","footer-sml-layout":"","ast-disable-related-posts":"","theme-transparent-header-meta":"","adv-header-id-meta":"","stick-header-meta":"","header-above-stick-meta":"","header-main-stick-meta":"","header-below-stick-meta":"","astra-migrate-meta-layouts":"default","ast-page-background-enabled":"default","ast-page-background-meta":{"desktop":{"background-color":"var(--ast-global-color-4)","background-image":"","background-repeat":"repeat","background-position":"center center","background-size":"auto","background-attachment":"scroll","background-type":"","background-media":"","overlay-type":"","overlay-color":"","overlay-opacity":"","overlay-gradient":""},"tablet":{"background-color":"","background-image":"","background-repeat":"repeat","background-position":"center center","background-size":"auto","background-attachment":"scroll","background-type":"","background-media":"","overlay-type":"","overlay-color":"","overlay-opacity":"","overlay-gradient":""},"mobile":{"background-color":"","background-image":"","background-repeat":"repeat","background-position":"center center","background-size":"auto","background-attachment":"scroll","background-type":"","background-media":"","overlay-type":"","overlay-color":"","overlay-opacity":"","overlay-gradient":""}},"ast-content-background-meta":{"desktop":{"background-color":"var(--ast-global-color-5)","background-image":"","background-repeat":"repeat","background-position":"center center","background-size":"auto","background-attachment":"scroll","background-type":"","background-media":"","overlay-type":"","overlay-color":"","overlay-opacity":"","overlay-gradient":""},"tablet":{"background-color":"var(--ast-global-color-5)","background-image":"","background-repeat":"repeat","background-position":"center center","background-size":"auto","background-attachment":"scroll","background-type":"","background-media":"","overlay-type":"","overlay-color":"","overlay-opacity":"","overlay-gradient":""},"mobile":{"background-color":"var(--ast-global-color-5)","background-image":"","background-repeat":"repeat","background-position":"center center","background-size":"auto","background-attachment":"scroll","background-type":"","background-media":"","overlay-type":"","overlay-color":"","overlay-opacity":"","overlay-gradient":""}},"footnotes":""},"categories":[517],"tags":[],"class_list":["post-24999","post","type-post","status-publish","format-image","hentry","category-aconteceu","post_format-post-format-image"],"_links":{"self":[{"href":"https:\/\/noticiasnoface.com.br\/index.php\/wp-json\/wp\/v2\/posts\/24999","targetHints":{"allow":["GET"]}}],"collection":[{"href":"https:\/\/noticiasnoface.com.br\/index.php\/wp-json\/wp\/v2\/posts"}],"about":[{"href":"https:\/\/noticiasnoface.com.br\/index.php\/wp-json\/wp\/v2\/types\/post"}],"author":[{"embeddable":true,"href":"https:\/\/noticiasnoface.com.br\/index.php\/wp-json\/wp\/v2\/users\/1"}],"replies":[{"embeddable":true,"href":"https:\/\/noticiasnoface.com.br\/index.php\/wp-json\/wp\/v2\/comments?post=24999"}],"version-history":[{"count":1,"href":"https:\/\/noticiasnoface.com.br\/index.php\/wp-json\/wp\/v2\/posts\/24999\/revisions"}],"predecessor-version":[{"id":25000,"href":"https:\/\/noticiasnoface.com.br\/index.php\/wp-json\/wp\/v2\/posts\/24999\/revisions\/25000"}],"wp:attachment":[{"href":"https:\/\/noticiasnoface.com.br\/index.php\/wp-json\/wp\/v2\/media?parent=24999"}],"wp:term":[{"taxonomy":"category","embeddable":true,"href":"https:\/\/noticiasnoface.com.br\/index.php\/wp-json\/wp\/v2\/categories?post=24999"},{"taxonomy":"post_tag","embeddable":true,"href":"https:\/\/noticiasnoface.com.br\/index.php\/wp-json\/wp\/v2\/tags?post=24999"}],"curies":[{"name":"wp","href":"https:\/\/api.w.org\/{rel}","templated":true}]}}