{"id":25012,"date":"2024-07-29T21:07:41","date_gmt":"2024-07-30T00:07:41","guid":{"rendered":"https:\/\/noticiasnoface.com.br\/?p=25012"},"modified":"2024-07-29T21:07:41","modified_gmt":"2024-07-30T00:07:41","slug":"podemos-confirma-apoio-a-salatiel-em-parnamirim","status":"publish","type":"post","link":"https:\/\/noticiasnoface.com.br\/index.php\/2024\/07\/29\/podemos-confirma-apoio-a-salatiel-em-parnamirim\/","title":{"rendered":"PODEMOS confirma apoio a Salatiel em Parnamirim"},"content":{"rendered":"\n<figure class=\"wp-block-image size-large\"><img data-opt-id=1536635349  fetchpriority=\"high\" decoding=\"async\" width=\"933\" height=\"513\" src=\"https:\/\/mlbfrsat7ahr.i.optimole.com\/w:auto\/h:auto\/q:mauto\/ig:avif\/https:\/\/noticiasnoface.com.br\/wp-content\/uploads\/2024\/07\/img_9618-1.jpg\" class=\"wp-image-25011\" srcset=\"https:\/\/mlbfrsat7ahr.i.optimole.com\/w:933\/h:513\/q:mauto\/ig:avif\/https:\/\/noticiasnoface.com.br\/wp-content\/uploads\/2024\/07\/img_9618-1.jpg 933w, https:\/\/mlbfrsat7ahr.i.optimole.com\/w:300\/h:165\/q:mauto\/ig:avif\/https:\/\/noticiasnoface.com.br\/wp-content\/uploads\/2024\/07\/img_9618-1.jpg 300w, https:\/\/mlbfrsat7ahr.i.optimole.com\/w:768\/h:422\/q:mauto\/ig:avif\/https:\/\/noticiasnoface.com.br\/wp-content\/uploads\/2024\/07\/img_9618-1.jpg 768w\" sizes=\"(max-width: 933px) 100vw, 933px\" \/><\/figure>\n\n\n\n<p><em>Podemos confirma coliga\u00e7\u00e3o e apoio \u00e0 chapa Salatiel\/Homero, em Parnamirim<\/em><\/p>\n\n\n\n<p>O Podemos realizou nesta segunda-feira (29) a conven\u00e7\u00e3o partid\u00e1ria que deliberou sobre coliga\u00e7\u00e3o majorit\u00e1ria e escolha dos nomes e n\u00fameros dos candidatos da legenda que ir\u00e3o disputar as elei\u00e7\u00f5es municipais deste ano. O partido confirmou que seguir\u00e1 com o Partido Liberal (PL), que tem como chapa anunciada os pr\u00e9-candidatos Salatiel e Homero.<\/p>\n\n\n\n<p>A conven\u00e7\u00e3o foi convocada e liderada pela presidente municipal, professora Francisca Henrique e contou com a presen\u00e7a do secret\u00e1rio-geral estadual, Alyandro Rocha, representando o diret\u00f3rio estadual. Os convencionais se reuniram no Gin\u00e1sio de Esportes do Col\u00e9gio PH3, em Santos Reis.<\/p>\n\n\n\n<p>Na nominata proporcional, o Podemos &#8211; que tem como principal lideran\u00e7a estadual o Senador Styvenson Valentim, lan\u00e7ar\u00e1 20 candidaturas \u00e0 C\u00e2mara Municipal de Parnamirim, sendo 14 homens e 6 mulheres.<\/p>\n","protected":false},"excerpt":{"rendered":"<p>Podemos confirma coliga\u00e7\u00e3o e apoio \u00e0 chapa Salatiel\/Homero, em Parnamirim O Podemos realizou nesta segunda-feira (29) a conven\u00e7\u00e3o partid\u00e1ria que [&hellip;]<\/p>\n","protected":false},"author":1,"featured_media":0,"comment_status":"closed","ping_status":"open","sticky":false,"template":"","format":"image","meta":{"site-sidebar-layout":"default","site-content-layout":"","ast-site-content-layout":"default","site-content-style":"default","site-sidebar-style":"default","ast-global-header-display":"","ast-banner-title-visibility":"","ast-main-header-display":"","ast-hfb-above-header-display":"","ast-hfb-below-header-display":"","ast-hfb-mobile-header-display":"","site-post-title":"","ast-breadcrumbs-content":"","ast-featured-img":"","footer-sml-layout":"","ast-disable-related-posts":"","theme-transparent-header-meta":"","adv-header-id-meta":"","stick-header-meta":"","header-above-stick-meta":"","header-main-stick-meta":"","header-below-stick-meta":"","astra-migrate-meta-layouts":"default","ast-page-background-enabled":"default","ast-page-background-meta":{"desktop":{"background-color":"var(--ast-global-color-4)","background-image":"","background-repeat":"repeat","background-position":"center center","background-size":"auto","background-attachment":"scroll","background-type":"","background-media":"","overlay-type":"","overlay-color":"","overlay-opacity":"","overlay-gradient":""},"tablet":{"background-color":"","background-image":"","background-repeat":"repeat","background-position":"center center","background-size":"auto","background-attachment":"scroll","background-type":"","background-media":"","overlay-type":"","overlay-color":"","overlay-opacity":"","overlay-gradient":""},"mobile":{"background-color":"","background-image":"","background-repeat":"repeat","background-position":"center center","background-size":"auto","background-attachment":"scroll","background-type":"","background-media":"","overlay-type":"","overlay-color":"","overlay-opacity":"","overlay-gradient":""}},"ast-content-background-meta":{"desktop":{"background-color":"var(--ast-global-color-5)","background-image":"","background-repeat":"repeat","background-position":"center center","background-size":"auto","background-attachment":"scroll","background-type":"","background-media":"","overlay-type":"","overlay-color":"","overlay-opacity":"","overlay-gradient":""},"tablet":{"background-color":"var(--ast-global-color-5)","background-image":"","background-repeat":"repeat","background-position":"center center","background-size":"auto","background-attachment":"scroll","background-type":"","background-media":"","overlay-type":"","overlay-color":"","overlay-opacity":"","overlay-gradient":""},"mobile":{"background-color":"var(--ast-global-color-5)","background-image":"","background-repeat":"repeat","background-position":"center center","background-size":"auto","background-attachment":"scroll","background-type":"","background-media":"","overlay-type":"","overlay-color":"","overlay-opacity":"","overlay-gradient":""}},"footnotes":""},"categories":[517],"tags":[],"class_list":["post-25012","post","type-post","status-publish","format-image","hentry","category-aconteceu","post_format-post-format-image"],"_links":{"self":[{"href":"https:\/\/noticiasnoface.com.br\/index.php\/wp-json\/wp\/v2\/posts\/25012","targetHints":{"allow":["GET"]}}],"collection":[{"href":"https:\/\/noticiasnoface.com.br\/index.php\/wp-json\/wp\/v2\/posts"}],"about":[{"href":"https:\/\/noticiasnoface.com.br\/index.php\/wp-json\/wp\/v2\/types\/post"}],"author":[{"embeddable":true,"href":"https:\/\/noticiasnoface.com.br\/index.php\/wp-json\/wp\/v2\/users\/1"}],"replies":[{"embeddable":true,"href":"https:\/\/noticiasnoface.com.br\/index.php\/wp-json\/wp\/v2\/comments?post=25012"}],"version-history":[{"count":1,"href":"https:\/\/noticiasnoface.com.br\/index.php\/wp-json\/wp\/v2\/posts\/25012\/revisions"}],"predecessor-version":[{"id":25013,"href":"https:\/\/noticiasnoface.com.br\/index.php\/wp-json\/wp\/v2\/posts\/25012\/revisions\/25013"}],"wp:attachment":[{"href":"https:\/\/noticiasnoface.com.br\/index.php\/wp-json\/wp\/v2\/media?parent=25012"}],"wp:term":[{"taxonomy":"category","embeddable":true,"href":"https:\/\/noticiasnoface.com.br\/index.php\/wp-json\/wp\/v2\/categories?post=25012"},{"taxonomy":"post_tag","embeddable":true,"href":"https:\/\/noticiasnoface.com.br\/index.php\/wp-json\/wp\/v2\/tags?post=25012"}],"curies":[{"name":"wp","href":"https:\/\/api.w.org\/{rel}","templated":true}]}}