{"id":25024,"date":"2024-08-01T11:57:12","date_gmt":"2024-08-01T14:57:12","guid":{"rendered":"https:\/\/noticiasnoface.com.br\/?p=25024"},"modified":"2024-08-01T11:57:12","modified_gmt":"2024-08-01T14:57:12","slug":"general-girao-apresenta-ao-pastor-martin-alves-seu-ex-chefe-de-gabinete-godeiro-linhares-como-pre-candidato","status":"publish","type":"post","link":"https:\/\/noticiasnoface.com.br\/index.php\/2024\/08\/01\/general-girao-apresenta-ao-pastor-martin-alves-seu-ex-chefe-de-gabinete-godeiro-linhares-como-pre-candidato\/","title":{"rendered":"General Gir\u00e3o apresenta ao Pastor Martin Alves seu ex-chefe de gabinete, Godeiro Linhares, como pr\u00e9-candidato."},"content":{"rendered":"\n<figure class=\"wp-block-image size-large\"><img data-opt-id=1526415437  fetchpriority=\"high\" decoding=\"async\" width=\"1024\" height=\"767\" src=\"https:\/\/mlbfrsat7ahr.i.optimole.com\/w:1024\/h:767\/q:mauto\/ig:avif\/https:\/\/noticiasnoface.com.br\/wp-content\/uploads\/2024\/08\/photo-output-1.jpg\" class=\"wp-image-25023\" srcset=\"https:\/\/mlbfrsat7ahr.i.optimole.com\/w:1024\/h:767\/q:mauto\/ig:avif\/https:\/\/noticiasnoface.com.br\/wp-content\/uploads\/2024\/08\/photo-output-1.jpg 1024w, https:\/\/mlbfrsat7ahr.i.optimole.com\/w:300\/h:225\/q:mauto\/ig:avif\/https:\/\/noticiasnoface.com.br\/wp-content\/uploads\/2024\/08\/photo-output-1.jpg 300w, https:\/\/mlbfrsat7ahr.i.optimole.com\/w:768\/h:575\/q:mauto\/ig:avif\/https:\/\/noticiasnoface.com.br\/wp-content\/uploads\/2024\/08\/photo-output-1.jpg 768w, https:\/\/mlbfrsat7ahr.i.optimole.com\/w:1441\/h:1080\/q:mauto\/ig:avif\/https:\/\/noticiasnoface.com.br\/wp-content\/uploads\/2024\/08\/photo-output-1.jpg 1536w, https:\/\/mlbfrsat7ahr.i.optimole.com\/w:1441\/h:1080\/q:mauto\/ig:avif\/https:\/\/noticiasnoface.com.br\/wp-content\/uploads\/2024\/08\/photo-output-1.jpg 2048w\" sizes=\"(max-width: 1000px) 100vw, 1000px\" \/><figcaption class=\"wp-element-caption\">General Gir\u00e3o apresenta ao Pastor Martin Alves seu ex-chefe de gabinete, Godeiro Linhares, como pr\u00e9-candidato.<br>Em uma recente visita ao Pastor Martin Alves, General Gir\u00e3o destacou o lan\u00e7amento da pr\u00e9-candidatura de seu ex-chefe de gabinete, Godeiro Linhares, para vereador em Natal. Esse encontro marca o in\u00edcio de uma nova fase na carreira pol\u00edtica de Godeiro, que possui uma s\u00f3lida forma\u00e7\u00e3o acad\u00eamica, \u00e9 especialista em administra\u00e7\u00e3o p\u00fablica e tem NBA em gest\u00e3o de projetos e pol\u00edticas p\u00fablicas, qualifica\u00e7\u00f5es que o prepararam para enfrentar os desafios da gest\u00e3o p\u00fablica. Al\u00e9m de ter servido como chefe de gabinete de General Gir\u00e3o, Godeiro Linhares tamb\u00e9m foi chefe de gabinete do deputado estadual Coronel Azevedo, o que lhe proporcionou uma vis\u00e3o ampla e detalhada das necessidades e desafios da administra\u00e7\u00e3o p\u00fablica em diferentes n\u00edveis de governo.<br>General Gir\u00e3o \u00e9 conhecido por sua atua\u00e7\u00e3o destacada na defesa dos valores conservadores de Deus, p\u00e1tria e fam\u00edlia. Ele se destaca como o deputado federal do Rio Grande do Norte com o maior n\u00famero de emendas parlamentares destinadas \u00e0 Marcha para Jesus no estado. Al\u00e9m disso, General Gir\u00e3o \u00e9 um defensor fervoroso dos evang\u00e9licos no Rio Grande do Norte, desempenhando um papel crucial na C\u00e2mara dos Deputados em apoio \u00e0 bancada evang\u00e9lica.<br>Tanto General Gir\u00e3o quanto Godeiro Linhares t\u00eam demonstrado um compromisso s\u00f3lido com a comunidade evang\u00e9lica. Gir\u00e3o, em particular, tem sido um defensor dos direitos e interesses dos evang\u00e9licos no Congresso, sendo uma voz ativa em quest\u00f5es que afetam diretamente essa comunidade. A candidatura de Linhares \u00e9 vista como uma extens\u00e3o desse compromisso, com o objetivo de fortalecer a representa\u00e7\u00e3o evang\u00e9lica em n\u00edvel municipal.<br>Como pr\u00e9-candidato, Godeiro Linhares pretende focar em \u00e1reas como a transpar\u00eancia na gest\u00e3o p\u00fablica, a melhoria dos servi\u00e7os essenciais e o fortalecimento dos valores da familiares. Ele tamb\u00e9m busca promover iniciativas na \u00e1rea da seguran\u00e7a com o projeto seguran\u00e7a inteligente que visa o monitoramento de toda Natal em 24h, com equipamentos de ponta como drones israelenses para combater e prevenir a criminalidade na cidade de Natal, devolvendo a paz para o cidad\u00e3o potiguar.<br>Para acompanhar mais de perto as propostas e iniciativas de Godeiro Linhares, siga seu perfil no Instagram: @godeirolinhares.<\/figcaption><\/figure>\n","protected":false},"excerpt":{"rendered":"","protected":false},"author":1,"featured_media":0,"comment_status":"closed","ping_status":"open","sticky":false,"template":"","format":"image","meta":{"site-sidebar-layout":"default","site-content-layout":"","ast-site-content-layout":"default","site-content-style":"default","site-sidebar-style":"default","ast-global-header-display":"","ast-banner-title-visibility":"","ast-main-header-display":"","ast-hfb-above-header-display":"","ast-hfb-below-header-display":"","ast-hfb-mobile-header-display":"","site-post-title":"","ast-breadcrumbs-content":"","ast-featured-img":"","footer-sml-layout":"","ast-disable-related-posts":"","theme-transparent-header-meta":"","adv-header-id-meta":"","stick-header-meta":"","header-above-stick-meta":"","header-main-stick-meta":"","header-below-stick-meta":"","astra-migrate-meta-layouts":"default","ast-page-background-enabled":"default","ast-page-background-meta":{"desktop":{"background-color":"var(--ast-global-color-4)","background-image":"","background-repeat":"repeat","background-position":"center center","background-size":"auto","background-attachment":"scroll","background-type":"","background-media":"","overlay-type":"","overlay-color":"","overlay-opacity":"","overlay-gradient":""},"tablet":{"background-color":"","background-image":"","background-repeat":"repeat","background-position":"center center","background-size":"auto","background-attachment":"scroll","background-type":"","background-media":"","overlay-type":"","overlay-color":"","overlay-opacity":"","overlay-gradient":""},"mobile":{"background-color":"","background-image":"","background-repeat":"repeat","background-position":"center center","background-size":"auto","background-attachment":"scroll","background-type":"","background-media":"","overlay-type":"","overlay-color":"","overlay-opacity":"","overlay-gradient":""}},"ast-content-background-meta":{"desktop":{"background-color":"var(--ast-global-color-5)","background-image":"","background-repeat":"repeat","background-position":"center center","background-size":"auto","background-attachment":"scroll","background-type":"","background-media":"","overlay-type":"","overlay-color":"","overlay-opacity":"","overlay-gradient":""},"tablet":{"background-color":"var(--ast-global-color-5)","background-image":"","background-repeat":"repeat","background-position":"center center","background-size":"auto","background-attachment":"scroll","background-type":"","background-media":"","overlay-type":"","overlay-color":"","overlay-opacity":"","overlay-gradient":""},"mobile":{"background-color":"var(--ast-global-color-5)","background-image":"","background-repeat":"repeat","background-position":"center center","background-size":"auto","background-attachment":"scroll","background-type":"","background-media":"","overlay-type":"","overlay-color":"","overlay-opacity":"","overlay-gradient":""}},"footnotes":""},"categories":[517],"tags":[],"class_list":["post-25024","post","type-post","status-publish","format-image","hentry","category-aconteceu","post_format-post-format-image"],"_links":{"self":[{"href":"https:\/\/noticiasnoface.com.br\/index.php\/wp-json\/wp\/v2\/posts\/25024","targetHints":{"allow":["GET"]}}],"collection":[{"href":"https:\/\/noticiasnoface.com.br\/index.php\/wp-json\/wp\/v2\/posts"}],"about":[{"href":"https:\/\/noticiasnoface.com.br\/index.php\/wp-json\/wp\/v2\/types\/post"}],"author":[{"embeddable":true,"href":"https:\/\/noticiasnoface.com.br\/index.php\/wp-json\/wp\/v2\/users\/1"}],"replies":[{"embeddable":true,"href":"https:\/\/noticiasnoface.com.br\/index.php\/wp-json\/wp\/v2\/comments?post=25024"}],"version-history":[{"count":1,"href":"https:\/\/noticiasnoface.com.br\/index.php\/wp-json\/wp\/v2\/posts\/25024\/revisions"}],"predecessor-version":[{"id":25025,"href":"https:\/\/noticiasnoface.com.br\/index.php\/wp-json\/wp\/v2\/posts\/25024\/revisions\/25025"}],"wp:attachment":[{"href":"https:\/\/noticiasnoface.com.br\/index.php\/wp-json\/wp\/v2\/media?parent=25024"}],"wp:term":[{"taxonomy":"category","embeddable":true,"href":"https:\/\/noticiasnoface.com.br\/index.php\/wp-json\/wp\/v2\/categories?post=25024"},{"taxonomy":"post_tag","embeddable":true,"href":"https:\/\/noticiasnoface.com.br\/index.php\/wp-json\/wp\/v2\/tags?post=25024"}],"curies":[{"name":"wp","href":"https:\/\/api.w.org\/{rel}","templated":true}]}}