{"id":25070,"date":"2024-08-06T19:54:57","date_gmt":"2024-08-06T22:54:57","guid":{"rendered":"https:\/\/noticiasnoface.com.br\/?p=25070"},"modified":"2024-08-06T20:24:30","modified_gmt":"2024-08-06T23:24:30","slug":"como-paulinho-freire-usou-votacoes-da-camara-para-se-firmar-contra-governo-lula-e-pavimentar-caminho-como-lider-da-direita-em-natal","status":"publish","type":"post","link":"https:\/\/noticiasnoface.com.br\/index.php\/2024\/08\/06\/como-paulinho-freire-usou-votacoes-da-camara-para-se-firmar-contra-governo-lula-e-pavimentar-caminho-como-lider-da-direita-em-natal\/","title":{"rendered":"Como Paulinho Freire Usou Vota\u00e7\u00f5es da C\u00e2mara Para Se Firmar Contra Governo Lula e Pavimentar Caminho Como L\u00edder da Direita em Natal"},"content":{"rendered":"\n<figure class=\"wp-block-image size-large\"><img data-opt-id=567221449  fetchpriority=\"high\" decoding=\"async\" width=\"984\" height=\"654\" src=\"https:\/\/mlbfrsat7ahr.i.optimole.com\/w:auto\/h:auto\/q:mauto\/ig:avif\/https:\/\/noticiasnoface.com.br\/wp-content\/uploads\/2024\/08\/img_0122-1.png\" alt=\"\" class=\"wp-image-25067\" srcset=\"https:\/\/mlbfrsat7ahr.i.optimole.com\/w:984\/h:654\/q:mauto\/ig:avif\/https:\/\/noticiasnoface.com.br\/wp-content\/uploads\/2024\/08\/img_0122-1.png 984w, https:\/\/mlbfrsat7ahr.i.optimole.com\/w:300\/h:199\/q:mauto\/ig:avif\/https:\/\/noticiasnoface.com.br\/wp-content\/uploads\/2024\/08\/img_0122-1.png 300w, https:\/\/mlbfrsat7ahr.i.optimole.com\/w:768\/h:510\/q:mauto\/ig:avif\/https:\/\/noticiasnoface.com.br\/wp-content\/uploads\/2024\/08\/img_0122-1.png 768w\" sizes=\"(max-width: 984px) 100vw, 984px\" \/><figcaption class=\"wp-element-caption\"><br>Paulinho Freire usou vota\u00e7\u00f5es na C\u00e2mara para construir caminho de l\u00edder da Direita em Natal<br><br><br>O presidente Lula e o ex-presidente Bolsonaro devem estar na campanha de Natal para prefeito. Os palanques nos quais v\u00e3o subir n\u00e3o deixam d\u00favidas que se tratam, pois, de candidatos da esquerda e da direita. Lula subir\u00e1 no palanque de Nat\u00e1lia. Bolsonaro, no de Paulinho Freire.<br>O candidato do Uni\u00e3o Brasil agregou o apoio do PL do senador Rog\u00e9rio Marinho, al\u00e9m de ter nomes do campo conservador em seu apoio como General Gir\u00e3o e Coronel Azevedo.<br>A trajet\u00f3ria de Paulinho para se consolidar como nome de direita na corrida pela Prefeitura de Natal, no entanto, come\u00e7a bem antes da conven\u00e7\u00e3o na qual esses nomes se uniram em seu favor, conforme buscou o&nbsp;<a href=\"http:\/\/www.blogdodina.com\/\" target=\"_blank\" rel=\"noopener\">Blog do Dina<\/a>&nbsp;em painel de vota\u00e7\u00f5es do Congresso.<br>O Caminho de Paulinho Freire Contra O Governo Lula<br>Desde que o Uni\u00e3o Brasil assumiu tr\u00eas minist\u00e9rios e passou a compor a base do governo Lula, seus parlamentares s\u00e3o automaticamente associados ao governismo. O partido, no entanto, \u00e9 um desses fen\u00f4menos que s\u00f3 o Brasil explica, j\u00e1 que, mesmo com espa\u00e7o no governo Lula, v\u00e1rios de seus membros votam contra o governo.<br><br>Isso \u00e9 poss\u00edvel porque o pr\u00f3prio partido liberou seus parlamentares para atuarem da maneira que melhor acharem oportuna, fechando quest\u00e3o em algumas vota\u00e7\u00f5es a favor do governo apenas.<br>Esse caminho permitiu que o deputado Paulinho Freire pavimentasse sua posi\u00e7\u00e3o contra Lula, se colocando no espectro oposto sempre que o Uni\u00e3o Brasil deixa seus membros liberados em vota\u00e7\u00f5es.<br>Sonar Ideol\u00f3gico<br>Isso \u00e9 facilmente constatado ao se verificar como votam os deputados do RN, se alinhado ou n\u00e3o com o governo, conforme o&nbsp;<a href=\"https:\/\/placarcongresso.com\/pages\/c-ranking.html\" target=\"_blank\" rel=\"noreferrer noopener\">Placar do Congresso<\/a>. Segundo o site que monitora como votam os congressistas, Paulinho Freire \u00e9 o terceiro deputado que mais vota contra o governo Lula, atr\u00e1s de Sargento Gon\u00e7alves e General Gir\u00e3o.<br><br>Em 2023, das 307 vota\u00e7\u00f5es que aconteceram na C\u00e2mara, o Uni\u00e3o Brasil deixou seus parlamentares liberados em apenas 31. Nas demais, orientou o voto. Isso n\u00e3o impediu, no entanto, de Freire se manter como o primeiro deputado do RN \u2013 exclu\u00eddos os notadamente bolsonaristas \u2013 que se entre os que se mantiveram contra o governo em vota\u00e7\u00f5es.<\/figcaption><\/figure>\n\n\n\n<figure class=\"wp-block-image size-large\"><img data-opt-id=159680346  fetchpriority=\"high\" decoding=\"async\" width=\"1024\" height=\"318\" src=\"https:\/\/mlbfrsat7ahr.i.optimole.com\/w:1024\/h:318\/q:mauto\/ig:avif\/https:\/\/noticiasnoface.com.br\/wp-content\/uploads\/2024\/08\/img_0123-1.png\" alt=\"\" class=\"wp-image-25068\" srcset=\"https:\/\/mlbfrsat7ahr.i.optimole.com\/w:1024\/h:318\/q:mauto\/ig:avif\/https:\/\/noticiasnoface.com.br\/wp-content\/uploads\/2024\/08\/img_0123-1.png 1024w, https:\/\/mlbfrsat7ahr.i.optimole.com\/w:300\/h:93\/q:mauto\/ig:avif\/https:\/\/noticiasnoface.com.br\/wp-content\/uploads\/2024\/08\/img_0123-1.png 300w, https:\/\/mlbfrsat7ahr.i.optimole.com\/w:768\/h:239\/q:mauto\/ig:avif\/https:\/\/noticiasnoface.com.br\/wp-content\/uploads\/2024\/08\/img_0123-1.png 768w, https:\/\/mlbfrsat7ahr.i.optimole.com\/w:1536\/h:477\/q:mauto\/ig:avif\/https:\/\/noticiasnoface.com.br\/wp-content\/uploads\/2024\/08\/img_0123-1.png 1536w\" sizes=\"(max-width: 1000px) 100vw, 1000px\" \/><figcaption class=\"wp-element-caption\"><br \/>\u00c0 medida que passou o tempo os percentuais de Freire contra o governo Lula foram crescendo. De 45% em 2023, o deputado se consolidou de vez no espectro de oposi\u00e7\u00e3o ao ter votado, agora em 2024, 71,4% contra o governo, o que o coloca no campo advers\u00e1rio ao Pal\u00e1cio do Planalto.<\/figcaption><\/figure>\n\n\n\n<figure class=\"wp-block-image size-large\"><img data-opt-id=1027423904  data-opt-src=\"https:\/\/mlbfrsat7ahr.i.optimole.com\/w:1024\/h:317\/q:mauto\/ig:avif\/https:\/\/noticiasnoface.com.br\/wp-content\/uploads\/2024\/08\/img_0124-1.png\"  decoding=\"async\" width=\"1024\" height=\"317\" src=\"data:image/svg+xml,%3Csvg%20viewBox%3D%220%200%201024%20317%22%20width%3D%221024%22%20height%3D%22317%22%20xmlns%3D%22http%3A%2F%2Fwww.w3.org%2F2000%2Fsvg%22%3E%3Crect%20width%3D%221024%22%20height%3D%22317%22%20fill%3D%22transparent%22%2F%3E%3C%2Fsvg%3E\" alt=\"\" class=\"wp-image-25069\" old-srcset=\"https:\/\/mlbfrsat7ahr.i.optimole.com\/w:1024\/h:317\/q:mauto\/ig:avif\/https:\/\/noticiasnoface.com.br\/wp-content\/uploads\/2024\/08\/img_0124-1.png 1024w, https:\/\/mlbfrsat7ahr.i.optimole.com\/w:300\/h:93\/q:mauto\/ig:avif\/https:\/\/noticiasnoface.com.br\/wp-content\/uploads\/2024\/08\/img_0124-1.png 300w, https:\/\/mlbfrsat7ahr.i.optimole.com\/w:768\/h:238\/q:mauto\/ig:avif\/https:\/\/noticiasnoface.com.br\/wp-content\/uploads\/2024\/08\/img_0124-1.png 768w, https:\/\/mlbfrsat7ahr.i.optimole.com\/w:1536\/h:476\/q:mauto\/ig:avif\/https:\/\/noticiasnoface.com.br\/wp-content\/uploads\/2024\/08\/img_0124-1.png 1536w\" \/><figcaption class=\"wp-element-caption\"><br \/>O Placar do Congresso utiliza tr\u00eas classifica\u00e7\u00f5es: governo, centr\u00e3o e oposi\u00e7\u00e3o, de acordo com os percentuais&nbsp;de&nbsp;vota\u00e7\u00e3o. VIA BLOG DO DINA <\/figcaption><\/figure>\n","protected":false},"excerpt":{"rendered":"","protected":false},"author":1,"featured_media":0,"comment_status":"closed","ping_status":"open","sticky":false,"template":"","format":"image","meta":{"site-sidebar-layout":"default","site-content-layout":"","ast-site-content-layout":"default","site-content-style":"default","site-sidebar-style":"default","ast-global-header-display":"","ast-banner-title-visibility":"","ast-main-header-display":"","ast-hfb-above-header-display":"","ast-hfb-below-header-display":"","ast-hfb-mobile-header-display":"","site-post-title":"","ast-breadcrumbs-content":"","ast-featured-img":"","footer-sml-layout":"","ast-disable-related-posts":"","theme-transparent-header-meta":"","adv-header-id-meta":"","stick-header-meta":"","header-above-stick-meta":"","header-main-stick-meta":"","header-below-stick-meta":"","astra-migrate-meta-layouts":"default","ast-page-background-enabled":"default","ast-page-background-meta":{"desktop":{"background-color":"var(--ast-global-color-4)","background-image":"","background-repeat":"repeat","background-position":"center center","background-size":"auto","background-attachment":"scroll","background-type":"","background-media":"","overlay-type":"","overlay-color":"","overlay-opacity":"","overlay-gradient":""},"tablet":{"background-color":"","background-image":"","background-repeat":"repeat","background-position":"center center","background-size":"auto","background-attachment":"scroll","background-type":"","background-media":"","overlay-type":"","overlay-color":"","overlay-opacity":"","overlay-gradient":""},"mobile":{"background-color":"","background-image":"","background-repeat":"repeat","background-position":"center center","background-size":"auto","background-attachment":"scroll","background-type":"","background-media":"","overlay-type":"","overlay-color":"","overlay-opacity":"","overlay-gradient":""}},"ast-content-background-meta":{"desktop":{"background-color":"var(--ast-global-color-5)","background-image":"","background-repeat":"repeat","background-position":"center center","background-size":"auto","background-attachment":"scroll","background-type":"","background-media":"","overlay-type":"","overlay-color":"","overlay-opacity":"","overlay-gradient":""},"tablet":{"background-color":"var(--ast-global-color-5)","background-image":"","background-repeat":"repeat","background-position":"center center","background-size":"auto","background-attachment":"scroll","background-type":"","background-media":"","overlay-type":"","overlay-color":"","overlay-opacity":"","overlay-gradient":""},"mobile":{"background-color":"var(--ast-global-color-5)","background-image":"","background-repeat":"repeat","background-position":"center center","background-size":"auto","background-attachment":"scroll","background-type":"","background-media":"","overlay-type":"","overlay-color":"","overlay-opacity":"","overlay-gradient":""}},"footnotes":""},"categories":[517],"tags":[],"class_list":["post-25070","post","type-post","status-publish","format-image","hentry","category-aconteceu","post_format-post-format-image"],"_links":{"self":[{"href":"https:\/\/noticiasnoface.com.br\/index.php\/wp-json\/wp\/v2\/posts\/25070","targetHints":{"allow":["GET"]}}],"collection":[{"href":"https:\/\/noticiasnoface.com.br\/index.php\/wp-json\/wp\/v2\/posts"}],"about":[{"href":"https:\/\/noticiasnoface.com.br\/index.php\/wp-json\/wp\/v2\/types\/post"}],"author":[{"embeddable":true,"href":"https:\/\/noticiasnoface.com.br\/index.php\/wp-json\/wp\/v2\/users\/1"}],"replies":[{"embeddable":true,"href":"https:\/\/noticiasnoface.com.br\/index.php\/wp-json\/wp\/v2\/comments?post=25070"}],"version-history":[{"count":3,"href":"https:\/\/noticiasnoface.com.br\/index.php\/wp-json\/wp\/v2\/posts\/25070\/revisions"}],"predecessor-version":[{"id":25073,"href":"https:\/\/noticiasnoface.com.br\/index.php\/wp-json\/wp\/v2\/posts\/25070\/revisions\/25073"}],"wp:attachment":[{"href":"https:\/\/noticiasnoface.com.br\/index.php\/wp-json\/wp\/v2\/media?parent=25070"}],"wp:term":[{"taxonomy":"category","embeddable":true,"href":"https:\/\/noticiasnoface.com.br\/index.php\/wp-json\/wp\/v2\/categories?post=25070"},{"taxonomy":"post_tag","embeddable":true,"href":"https:\/\/noticiasnoface.com.br\/index.php\/wp-json\/wp\/v2\/tags?post=25070"}],"curies":[{"name":"wp","href":"https:\/\/api.w.org\/{rel}","templated":true}]}}