{"id":25093,"date":"2024-08-13T08:22:13","date_gmt":"2024-08-13T11:22:13","guid":{"rendered":"https:\/\/noticiasnoface.com.br\/?p=25093"},"modified":"2024-08-13T08:22:13","modified_gmt":"2024-08-13T11:22:13","slug":"campo-redondo-deputado-coronel-azevedo-declara-apoio-a-marcus-welby-e-jurandir-junior","status":"publish","type":"post","link":"https:\/\/noticiasnoface.com.br\/index.php\/2024\/08\/13\/campo-redondo-deputado-coronel-azevedo-declara-apoio-a-marcus-welby-e-jurandir-junior\/","title":{"rendered":"Campo Redondo: Deputado Coronel Azevedo declara apoio a Marcus Welby e Jurandir J\u00fanior"},"content":{"rendered":"\n<figure class=\"wp-block-image size-large\"><img data-opt-id=395920964  fetchpriority=\"high\" decoding=\"async\" width=\"768\" height=\"1024\" src=\"https:\/\/mlbfrsat7ahr.i.optimole.com\/w:768\/h:1024\/q:mauto\/ig:avif\/https:\/\/noticiasnoface.com.br\/wp-content\/uploads\/2024\/08\/d557fcfc-cc1f-4d3c-a57d-435d8daf7196-1.jpg\" class=\"wp-image-25092\" srcset=\"https:\/\/mlbfrsat7ahr.i.optimole.com\/w:768\/h:1024\/q:mauto\/ig:avif\/https:\/\/noticiasnoface.com.br\/wp-content\/uploads\/2024\/08\/d557fcfc-cc1f-4d3c-a57d-435d8daf7196-1.jpg 768w, https:\/\/mlbfrsat7ahr.i.optimole.com\/w:225\/h:300\/q:mauto\/ig:avif\/https:\/\/noticiasnoface.com.br\/wp-content\/uploads\/2024\/08\/d557fcfc-cc1f-4d3c-a57d-435d8daf7196-1.jpg 225w, https:\/\/mlbfrsat7ahr.i.optimole.com\/w:810\/h:1080\/q:mauto\/ig:avif\/https:\/\/noticiasnoface.com.br\/wp-content\/uploads\/2024\/08\/d557fcfc-cc1f-4d3c-a57d-435d8daf7196-1.jpg 960w\" sizes=\"(max-width: 768px) 100vw, 768px\" \/><figcaption class=\"wp-element-caption\"><em>Campo Redondo: Deputado Coronel Azevedo declara apoio a Marcus Welby e Jurandir J\u00fanior<\/em><br>O deputado estadual Coronel Azevedo (PL),<br>recebeu em nosso gabinete na Assembleia Legislativa os pr\u00e9-candidato Marcus Welby e Jurandir J\u00fanior.<br>Welby \u00e9 odontologista e atual vice-prefeito de Campo Redondo, nesta elei\u00e7\u00e3o de 2024 colocou o seu nome como pr\u00e9-candidato a vereador. J\u00e1 Jurandir \u00e9 Engenheiro e empres\u00e1rio no ramo da constru\u00e7\u00e3o civil e est\u00e1 pr\u00e9-candidato a vice-prefeito.<br>\u201cAmbos contam com o apoio do nosso mandato. Juntos, vamos trabalhar para o desenvolvimento social e econ\u00f4mico do munic\u00edpio\u201d, declarou Coronel Azevedo em suas redes sociais.<\/figcaption><\/figure>\n","protected":false},"excerpt":{"rendered":"","protected":false},"author":1,"featured_media":0,"comment_status":"closed","ping_status":"open","sticky":false,"template":"","format":"image","meta":{"site-sidebar-layout":"default","site-content-layout":"","ast-site-content-layout":"default","site-content-style":"default","site-sidebar-style":"default","ast-global-header-display":"","ast-banner-title-visibility":"","ast-main-header-display":"","ast-hfb-above-header-display":"","ast-hfb-below-header-display":"","ast-hfb-mobile-header-display":"","site-post-title":"","ast-breadcrumbs-content":"","ast-featured-img":"","footer-sml-layout":"","ast-disable-related-posts":"","theme-transparent-header-meta":"","adv-header-id-meta":"","stick-header-meta":"","header-above-stick-meta":"","header-main-stick-meta":"","header-below-stick-meta":"","astra-migrate-meta-layouts":"default","ast-page-background-enabled":"default","ast-page-background-meta":{"desktop":{"background-color":"var(--ast-global-color-4)","background-image":"","background-repeat":"repeat","background-position":"center center","background-size":"auto","background-attachment":"scroll","background-type":"","background-media":"","overlay-type":"","overlay-color":"","overlay-opacity":"","overlay-gradient":""},"tablet":{"background-color":"","background-image":"","background-repeat":"repeat","background-position":"center center","background-size":"auto","background-attachment":"scroll","background-type":"","background-media":"","overlay-type":"","overlay-color":"","overlay-opacity":"","overlay-gradient":""},"mobile":{"background-color":"","background-image":"","background-repeat":"repeat","background-position":"center center","background-size":"auto","background-attachment":"scroll","background-type":"","background-media":"","overlay-type":"","overlay-color":"","overlay-opacity":"","overlay-gradient":""}},"ast-content-background-meta":{"desktop":{"background-color":"var(--ast-global-color-5)","background-image":"","background-repeat":"repeat","background-position":"center center","background-size":"auto","background-attachment":"scroll","background-type":"","background-media":"","overlay-type":"","overlay-color":"","overlay-opacity":"","overlay-gradient":""},"tablet":{"background-color":"var(--ast-global-color-5)","background-image":"","background-repeat":"repeat","background-position":"center center","background-size":"auto","background-attachment":"scroll","background-type":"","background-media":"","overlay-type":"","overlay-color":"","overlay-opacity":"","overlay-gradient":""},"mobile":{"background-color":"var(--ast-global-color-5)","background-image":"","background-repeat":"repeat","background-position":"center center","background-size":"auto","background-attachment":"scroll","background-type":"","background-media":"","overlay-type":"","overlay-color":"","overlay-opacity":"","overlay-gradient":""}},"footnotes":""},"categories":[517],"tags":[],"class_list":["post-25093","post","type-post","status-publish","format-image","hentry","category-aconteceu","post_format-post-format-image"],"_links":{"self":[{"href":"https:\/\/noticiasnoface.com.br\/index.php\/wp-json\/wp\/v2\/posts\/25093","targetHints":{"allow":["GET"]}}],"collection":[{"href":"https:\/\/noticiasnoface.com.br\/index.php\/wp-json\/wp\/v2\/posts"}],"about":[{"href":"https:\/\/noticiasnoface.com.br\/index.php\/wp-json\/wp\/v2\/types\/post"}],"author":[{"embeddable":true,"href":"https:\/\/noticiasnoface.com.br\/index.php\/wp-json\/wp\/v2\/users\/1"}],"replies":[{"embeddable":true,"href":"https:\/\/noticiasnoface.com.br\/index.php\/wp-json\/wp\/v2\/comments?post=25093"}],"version-history":[{"count":1,"href":"https:\/\/noticiasnoface.com.br\/index.php\/wp-json\/wp\/v2\/posts\/25093\/revisions"}],"predecessor-version":[{"id":25094,"href":"https:\/\/noticiasnoface.com.br\/index.php\/wp-json\/wp\/v2\/posts\/25093\/revisions\/25094"}],"wp:attachment":[{"href":"https:\/\/noticiasnoface.com.br\/index.php\/wp-json\/wp\/v2\/media?parent=25093"}],"wp:term":[{"taxonomy":"category","embeddable":true,"href":"https:\/\/noticiasnoface.com.br\/index.php\/wp-json\/wp\/v2\/categories?post=25093"},{"taxonomy":"post_tag","embeddable":true,"href":"https:\/\/noticiasnoface.com.br\/index.php\/wp-json\/wp\/v2\/tags?post=25093"}],"curies":[{"name":"wp","href":"https:\/\/api.w.org\/{rel}","templated":true}]}}