{"id":25569,"date":"2024-10-07T11:18:23","date_gmt":"2024-10-07T14:18:23","guid":{"rendered":"https:\/\/noticiasnoface.com.br\/?p=25569"},"modified":"2024-10-07T11:18:23","modified_gmt":"2024-10-07T14:18:23","slug":"wolney-franca-e-reeleito-vereador-de-parnamirim-com-2-204-votos","status":"publish","type":"post","link":"https:\/\/noticiasnoface.com.br\/index.php\/2024\/10\/07\/wolney-franca-e-reeleito-vereador-de-parnamirim-com-2-204-votos\/","title":{"rendered":"Wolney Fran\u00e7a \u00e9 reeleito vereador de Parnamirim com 2.204 votos"},"content":{"rendered":"\n<figure class=\"wp-block-image size-large\"><img data-opt-id=1934719075  fetchpriority=\"high\" decoding=\"async\" width=\"1024\" height=\"768\" src=\"https:\/\/mlbfrsat7ahr.i.optimole.com\/w:1024\/h:768\/q:mauto\/ig:avif\/https:\/\/noticiasnoface.com.br\/wp-content\/uploads\/2024\/10\/7aaf583d-c62f-4b4a-b04c-a8cc4c95f542-1.jpg\" class=\"wp-image-25568\" srcset=\"https:\/\/mlbfrsat7ahr.i.optimole.com\/w:1024\/h:768\/q:mauto\/ig:avif\/https:\/\/noticiasnoface.com.br\/wp-content\/uploads\/2024\/10\/7aaf583d-c62f-4b4a-b04c-a8cc4c95f542-1-scaled.jpg 1024w, https:\/\/mlbfrsat7ahr.i.optimole.com\/w:300\/h:225\/q:mauto\/ig:avif\/https:\/\/noticiasnoface.com.br\/wp-content\/uploads\/2024\/10\/7aaf583d-c62f-4b4a-b04c-a8cc4c95f542-1-scaled.jpg 300w, https:\/\/mlbfrsat7ahr.i.optimole.com\/w:768\/h:576\/q:mauto\/ig:avif\/https:\/\/noticiasnoface.com.br\/wp-content\/uploads\/2024\/10\/7aaf583d-c62f-4b4a-b04c-a8cc4c95f542-1-scaled.jpg 768w, https:\/\/mlbfrsat7ahr.i.optimole.com\/w:1440\/h:1080\/q:mauto\/ig:avif\/https:\/\/noticiasnoface.com.br\/wp-content\/uploads\/2024\/10\/7aaf583d-c62f-4b4a-b04c-a8cc4c95f542-1-scaled.jpg 1536w, https:\/\/mlbfrsat7ahr.i.optimole.com\/w:1440\/h:1080\/q:mauto\/ig:avif\/https:\/\/noticiasnoface.com.br\/wp-content\/uploads\/2024\/10\/7aaf583d-c62f-4b4a-b04c-a8cc4c95f542-1-scaled.jpg 2048w\" sizes=\"(max-width: 1000px) 100vw, 1000px\" \/><figcaption class=\"wp-element-caption\"><br><em>Wolney Fran\u00e7a \u00e9 reeleito vereador de Parnamirim com 2.204 votos<\/em><br>O presidente da C\u00e2mara de Parnamirim, vereador Wolney Fran\u00e7a, foi reeleito nas elei\u00e7\u00f5es 2024 com 2.204 votos e segue para o seu segundo mandato na casa legislativa.<br>&#8220;Gratid\u00e3o aos mais de 2 mil votos de confian\u00e7a e reconhecimento do nosso trabalho pela cidade. A reelei\u00e7\u00e3o vem junto com o comprometimento de continuar lutando por uma Parnamirim melhor, com muito trabalho e humildade\u201d.<br>Wolney \u00e9 advogado e um verdadeiro filho da terra, foi eleito pela primeira vez em 2020, na sua estreia pol\u00edtica. Seu desempenho reafirma o compromisso com o presente e futuro de Parnamirim.<\/figcaption><\/figure>\n","protected":false},"excerpt":{"rendered":"","protected":false},"author":1,"featured_media":0,"comment_status":"closed","ping_status":"open","sticky":false,"template":"","format":"image","meta":{"site-sidebar-layout":"default","site-content-layout":"","ast-site-content-layout":"default","site-content-style":"default","site-sidebar-style":"default","ast-global-header-display":"","ast-banner-title-visibility":"","ast-main-header-display":"","ast-hfb-above-header-display":"","ast-hfb-below-header-display":"","ast-hfb-mobile-header-display":"","site-post-title":"","ast-breadcrumbs-content":"","ast-featured-img":"","footer-sml-layout":"","ast-disable-related-posts":"","theme-transparent-header-meta":"","adv-header-id-meta":"","stick-header-meta":"","header-above-stick-meta":"","header-main-stick-meta":"","header-below-stick-meta":"","astra-migrate-meta-layouts":"default","ast-page-background-enabled":"default","ast-page-background-meta":{"desktop":{"background-color":"var(--ast-global-color-4)","background-image":"","background-repeat":"repeat","background-position":"center center","background-size":"auto","background-attachment":"scroll","background-type":"","background-media":"","overlay-type":"","overlay-color":"","overlay-opacity":"","overlay-gradient":""},"tablet":{"background-color":"","background-image":"","background-repeat":"repeat","background-position":"center center","background-size":"auto","background-attachment":"scroll","background-type":"","background-media":"","overlay-type":"","overlay-color":"","overlay-opacity":"","overlay-gradient":""},"mobile":{"background-color":"","background-image":"","background-repeat":"repeat","background-position":"center center","background-size":"auto","background-attachment":"scroll","background-type":"","background-media":"","overlay-type":"","overlay-color":"","overlay-opacity":"","overlay-gradient":""}},"ast-content-background-meta":{"desktop":{"background-color":"var(--ast-global-color-5)","background-image":"","background-repeat":"repeat","background-position":"center center","background-size":"auto","background-attachment":"scroll","background-type":"","background-media":"","overlay-type":"","overlay-color":"","overlay-opacity":"","overlay-gradient":""},"tablet":{"background-color":"var(--ast-global-color-5)","background-image":"","background-repeat":"repeat","background-position":"center center","background-size":"auto","background-attachment":"scroll","background-type":"","background-media":"","overlay-type":"","overlay-color":"","overlay-opacity":"","overlay-gradient":""},"mobile":{"background-color":"var(--ast-global-color-5)","background-image":"","background-repeat":"repeat","background-position":"center center","background-size":"auto","background-attachment":"scroll","background-type":"","background-media":"","overlay-type":"","overlay-color":"","overlay-opacity":"","overlay-gradient":""}},"footnotes":""},"categories":[517],"tags":[],"class_list":["post-25569","post","type-post","status-publish","format-image","hentry","category-aconteceu","post_format-post-format-image"],"_links":{"self":[{"href":"https:\/\/noticiasnoface.com.br\/index.php\/wp-json\/wp\/v2\/posts\/25569","targetHints":{"allow":["GET"]}}],"collection":[{"href":"https:\/\/noticiasnoface.com.br\/index.php\/wp-json\/wp\/v2\/posts"}],"about":[{"href":"https:\/\/noticiasnoface.com.br\/index.php\/wp-json\/wp\/v2\/types\/post"}],"author":[{"embeddable":true,"href":"https:\/\/noticiasnoface.com.br\/index.php\/wp-json\/wp\/v2\/users\/1"}],"replies":[{"embeddable":true,"href":"https:\/\/noticiasnoface.com.br\/index.php\/wp-json\/wp\/v2\/comments?post=25569"}],"version-history":[{"count":1,"href":"https:\/\/noticiasnoface.com.br\/index.php\/wp-json\/wp\/v2\/posts\/25569\/revisions"}],"predecessor-version":[{"id":25570,"href":"https:\/\/noticiasnoface.com.br\/index.php\/wp-json\/wp\/v2\/posts\/25569\/revisions\/25570"}],"wp:attachment":[{"href":"https:\/\/noticiasnoface.com.br\/index.php\/wp-json\/wp\/v2\/media?parent=25569"}],"wp:term":[{"taxonomy":"category","embeddable":true,"href":"https:\/\/noticiasnoface.com.br\/index.php\/wp-json\/wp\/v2\/categories?post=25569"},{"taxonomy":"post_tag","embeddable":true,"href":"https:\/\/noticiasnoface.com.br\/index.php\/wp-json\/wp\/v2\/tags?post=25569"}],"curies":[{"name":"wp","href":"https:\/\/api.w.org\/{rel}","templated":true}]}}