{"id":25588,"date":"2024-10-08T20:22:20","date_gmt":"2024-10-08T23:22:20","guid":{"rendered":"https:\/\/noticiasnoface.com.br\/?p=25588"},"modified":"2024-10-08T20:22:20","modified_gmt":"2024-10-08T23:22:20","slug":"8o-encontro-mulheres-que-marcam-promove-conexao-e-empreendedorismo-feminino-em-natal-neste-mes-de-outubro","status":"publish","type":"post","link":"https:\/\/noticiasnoface.com.br\/index.php\/2024\/10\/08\/8o-encontro-mulheres-que-marcam-promove-conexao-e-empreendedorismo-feminino-em-natal-neste-mes-de-outubro\/","title":{"rendered":"8\u00ba Encontro Mulheres que Marcam promove conex\u00e3o e empreendedorismo feminino em Natal neste m\u00eas de outubro"},"content":{"rendered":"\n<figure class=\"wp-block-image size-large\"><img data-opt-id=1553747458  fetchpriority=\"high\" decoding=\"async\" width=\"1024\" height=\"683\" src=\"https:\/\/mlbfrsat7ahr.i.optimole.com\/w:1024\/h:683\/q:mauto\/ig:avif\/https:\/\/noticiasnoface.com.br\/wp-content\/uploads\/2024\/10\/cbdd4c0b-5864-4295-98f6-a60cf67df41c-1.jpg\" class=\"wp-image-25587\" srcset=\"https:\/\/mlbfrsat7ahr.i.optimole.com\/w:1024\/h:683\/q:mauto\/ig:avif\/https:\/\/noticiasnoface.com.br\/wp-content\/uploads\/2024\/10\/cbdd4c0b-5864-4295-98f6-a60cf67df41c-1-scaled.jpg 1024w, https:\/\/mlbfrsat7ahr.i.optimole.com\/w:300\/h:200\/q:mauto\/ig:avif\/https:\/\/noticiasnoface.com.br\/wp-content\/uploads\/2024\/10\/cbdd4c0b-5864-4295-98f6-a60cf67df41c-1-scaled.jpg 300w, https:\/\/mlbfrsat7ahr.i.optimole.com\/w:768\/h:512\/q:mauto\/ig:avif\/https:\/\/noticiasnoface.com.br\/wp-content\/uploads\/2024\/10\/cbdd4c0b-5864-4295-98f6-a60cf67df41c-1-scaled.jpg 768w, https:\/\/mlbfrsat7ahr.i.optimole.com\/w:1536\/h:1024\/q:mauto\/ig:avif\/https:\/\/noticiasnoface.com.br\/wp-content\/uploads\/2024\/10\/cbdd4c0b-5864-4295-98f6-a60cf67df41c-1-scaled.jpg 1536w, https:\/\/mlbfrsat7ahr.i.optimole.com\/w:1619\/h:1080\/q:mauto\/ig:avif\/https:\/\/noticiasnoface.com.br\/wp-content\/uploads\/2024\/10\/cbdd4c0b-5864-4295-98f6-a60cf67df41c-1-scaled.jpg 2048w\" sizes=\"(max-width: 1000px) 100vw, 1000px\" \/><figcaption class=\"wp-element-caption\"><em>8\u00ba Encontro Mulheres que Marcam promove conex\u00e3o e empreendedorismo feminino em Natal neste m\u00eas de outubro<\/em><br><em>No dia 27 de outubro, o Teatro Riachuelo, em Natal, ser\u00e1 palco do 8\u00ba Encontro Mulheres que Marcam, evento de grande relev\u00e2ncia no cen\u00e1rio do empreendedorismo feminino no Rio Grande do Norte.<\/em><br>Com a expectativa de reunir mais de mil mulheres, o encontro tem como prop\u00f3sito fomentar o autodesenvolvimento, criar oportunidades de networking e proporcionar um ambiente inspirador voltado ao crescimento pessoal e profissional.<br>A iniciativa \u00e9 organizada pela Rede Mulheres que Marcam, um movimento dedicado a capacitar mulheres por meio de ferramentas e conhecimentos pr\u00e1ticos que auxiliam na constru\u00e7\u00e3o de autonomia pessoal e profissional. O encontro oferecer\u00e1 um espa\u00e7o para a troca de experi\u00eancias e novos aprendizados, incentivando as participantes a encontrar e fortalecer seu posicionamento no mercado.<br>O encontro deste ano tem como tema \u201cMinha hist\u00f3ria, minha Marca\u201d, que ser\u00e1 uma jornada de auto experi\u00eancia voltada para preparar as mulheres a viverem seu prop\u00f3sito de vida. Al\u00e9m disso, o evento tem o objetivo de fomentar o desenvolvimento de uma marca pessoal aut\u00eantica, com impacto na vida pessoal e profissional das participantes.<br><em>As inscri\u00e7\u00f5es est\u00e3o dispon\u00edveis atrav\u00e9s do link:<\/em> https:\/\/sun.eduzz.com\/2393406.<br><em>Conte\u00fado e forma\u00e7\u00e3o de alto n\u00edvel<\/em><br>A programa\u00e7\u00e3o do evento contar\u00e1 com palestras e pain\u00e9is conduzidos por profissionais locais de destaque. A diversidade dos temas abordados proporcionar\u00e1 uma vis\u00e3o abrangente sobre os desafios atuais no mundo dos neg\u00f3cios e das lideran\u00e7as femininas.<br>Com um dos pilares voltado para o desenvolvimento de carreiras sustent\u00e1veis e inovadoras, o evento apresentar\u00e1 casos de sucesso de mulheres que romperam barreiras e alcan\u00e7aram patamares elevados, impactando suas comunidades e mercados. Al\u00e9m disso, o encontro ser\u00e1 uma oportunidade para estabelecer redes de contato estrat\u00e9gicas, promovendo parcerias e colabora\u00e7\u00f5es entre as participantes.<br><em>Empreendedorismo como caminho para a autonomia<\/em><br>Sob a lideran\u00e7a de K\u00eania Raissa, CEO da Rede Mulheres que Marcam, o movimento acredita no empreendedorismo como uma ferramenta de transforma\u00e7\u00e3o, capaz de gerar independ\u00eancia financeira e fortalecer a lideran\u00e7a feminina. O evento visa promover o autoconhecimento e a a\u00e7\u00e3o pr\u00e1tica, ajudando as participantes a explorar seus talentos e concretizar seus objetivos profissionais.<br><em>Prepare-se para uma experi\u00eancia inesquec\u00edvel: a Imers\u00e3o STARS<\/em><br>As mulheres que garantirem seus ingressos at\u00e9 o dia 10 de outubro ter\u00e3o acesso \u00e0 Imers\u00e3o STARS, uma experi\u00eancia exclusiva com treinadoras renomadas que transformar\u00e3o conhecimento em a\u00e7\u00e3o. A imers\u00e3o contar\u00e1 com tr\u00eas palestrantes de destaque:<br><code>\u2022 K\u00eania Raissa, empres\u00e1ria e estrategista em marcas pessoais femininas, que ensinar\u00e1 como projetar uma identidade de marca aut\u00eantica e impactante. \u2022 Patr\u00edcia Vankoke, empres\u00e1ria e estilista de reconhecimento nacional, que compartilhar\u00e1 sua expertise sobre como posicionar estrategicamente a imagem pessoal no sucesso profissional. \u2022 Katarina Alc\u00e2ntara, empres\u00e1ria, treinadora comportamental e personal business, que orientar\u00e1 as participantes em a\u00e7\u00f5es pr\u00e1ticas de marketing pessoal para destacar sua presen\u00e7a no mercado.<\/code><br>\u201cA transforma\u00e7\u00e3o come\u00e7a quando voc\u00ea decide agir. Juntas, vamos desbloquear seu verdadeiro potencial e criar um futuro brilhante\u201d, ressalta K\u00eania Raissa sobre o evento.<br><em>Servi\u00e7o:<\/em><br>Data: 27 de outubro<br>Local: Teatro Riachuelo, Natal\/RN<br>Hor\u00e1rio: das 13 \u00e0s 19h<br><em>Inscri\u00e7\u00f5es:<\/em> https:\/\/sun.eduzz.com\/2393406<br><em>Mais informa\u00e7\u00f5es dispon\u00edveis no Instagram oficial:<\/em> @redemulheresquemarcam | https:\/\/www.instagram.com\/redemulheresquemarcam<\/figcaption><\/figure>\n","protected":false},"excerpt":{"rendered":"","protected":false},"author":1,"featured_media":0,"comment_status":"closed","ping_status":"open","sticky":false,"template":"","format":"image","meta":{"site-sidebar-layout":"default","site-content-layout":"","ast-site-content-layout":"default","site-content-style":"default","site-sidebar-style":"default","ast-global-header-display":"","ast-banner-title-visibility":"","ast-main-header-display":"","ast-hfb-above-header-display":"","ast-hfb-below-header-display":"","ast-hfb-mobile-header-display":"","site-post-title":"","ast-breadcrumbs-content":"","ast-featured-img":"","footer-sml-layout":"","ast-disable-related-posts":"","theme-transparent-header-meta":"","adv-header-id-meta":"","stick-header-meta":"","header-above-stick-meta":"","header-main-stick-meta":"","header-below-stick-meta":"","astra-migrate-meta-layouts":"default","ast-page-background-enabled":"default","ast-page-background-meta":{"desktop":{"background-color":"var(--ast-global-color-4)","background-image":"","background-repeat":"repeat","background-position":"center center","background-size":"auto","background-attachment":"scroll","background-type":"","background-media":"","overlay-type":"","overlay-color":"","overlay-opacity":"","overlay-gradient":""},"tablet":{"background-color":"","background-image":"","background-repeat":"repeat","background-position":"center center","background-size":"auto","background-attachment":"scroll","background-type":"","background-media":"","overlay-type":"","overlay-color":"","overlay-opacity":"","overlay-gradient":""},"mobile":{"background-color":"","background-image":"","background-repeat":"repeat","background-position":"center center","background-size":"auto","background-attachment":"scroll","background-type":"","background-media":"","overlay-type":"","overlay-color":"","overlay-opacity":"","overlay-gradient":""}},"ast-content-background-meta":{"desktop":{"background-color":"var(--ast-global-color-5)","background-image":"","background-repeat":"repeat","background-position":"center center","background-size":"auto","background-attachment":"scroll","background-type":"","background-media":"","overlay-type":"","overlay-color":"","overlay-opacity":"","overlay-gradient":""},"tablet":{"background-color":"var(--ast-global-color-5)","background-image":"","background-repeat":"repeat","background-position":"center center","background-size":"auto","background-attachment":"scroll","background-type":"","background-media":"","overlay-type":"","overlay-color":"","overlay-opacity":"","overlay-gradient":""},"mobile":{"background-color":"var(--ast-global-color-5)","background-image":"","background-repeat":"repeat","background-position":"center center","background-size":"auto","background-attachment":"scroll","background-type":"","background-media":"","overlay-type":"","overlay-color":"","overlay-opacity":"","overlay-gradient":""}},"footnotes":""},"categories":[517],"tags":[],"class_list":["post-25588","post","type-post","status-publish","format-image","hentry","category-aconteceu","post_format-post-format-image"],"_links":{"self":[{"href":"https:\/\/noticiasnoface.com.br\/index.php\/wp-json\/wp\/v2\/posts\/25588","targetHints":{"allow":["GET"]}}],"collection":[{"href":"https:\/\/noticiasnoface.com.br\/index.php\/wp-json\/wp\/v2\/posts"}],"about":[{"href":"https:\/\/noticiasnoface.com.br\/index.php\/wp-json\/wp\/v2\/types\/post"}],"author":[{"embeddable":true,"href":"https:\/\/noticiasnoface.com.br\/index.php\/wp-json\/wp\/v2\/users\/1"}],"replies":[{"embeddable":true,"href":"https:\/\/noticiasnoface.com.br\/index.php\/wp-json\/wp\/v2\/comments?post=25588"}],"version-history":[{"count":1,"href":"https:\/\/noticiasnoface.com.br\/index.php\/wp-json\/wp\/v2\/posts\/25588\/revisions"}],"predecessor-version":[{"id":25589,"href":"https:\/\/noticiasnoface.com.br\/index.php\/wp-json\/wp\/v2\/posts\/25588\/revisions\/25589"}],"wp:attachment":[{"href":"https:\/\/noticiasnoface.com.br\/index.php\/wp-json\/wp\/v2\/media?parent=25588"}],"wp:term":[{"taxonomy":"category","embeddable":true,"href":"https:\/\/noticiasnoface.com.br\/index.php\/wp-json\/wp\/v2\/categories?post=25588"},{"taxonomy":"post_tag","embeddable":true,"href":"https:\/\/noticiasnoface.com.br\/index.php\/wp-json\/wp\/v2\/tags?post=25588"}],"curies":[{"name":"wp","href":"https:\/\/api.w.org\/{rel}","templated":true}]}}