{"id":25592,"date":"2024-10-10T20:04:09","date_gmt":"2024-10-10T23:04:09","guid":{"rendered":"https:\/\/noticiasnoface.com.br\/?p=25592"},"modified":"2024-10-10T20:04:09","modified_gmt":"2024-10-10T23:04:09","slug":"wolney-franca-confirma-candidatura-a-presidencia-da-camara-municipal-de-parnamirim-para-o-bienio-2025-2026","status":"publish","type":"post","link":"https:\/\/noticiasnoface.com.br\/index.php\/2024\/10\/10\/wolney-franca-confirma-candidatura-a-presidencia-da-camara-municipal-de-parnamirim-para-o-bienio-2025-2026\/","title":{"rendered":"Wolney Fran\u00e7a confirma candidatura \u00e0 presid\u00eancia da C\u00e2mara Municipal de Parnamirim para o bi\u00eanio 2025\/2026"},"content":{"rendered":"\n<figure class=\"wp-block-image size-large\"><img data-opt-id=440221289  fetchpriority=\"high\" decoding=\"async\" width=\"1024\" height=\"1024\" src=\"https:\/\/mlbfrsat7ahr.i.optimole.com\/w:1024\/h:1024\/q:mauto\/ig:avif\/https:\/\/noticiasnoface.com.br\/wp-content\/uploads\/2024\/10\/photo-output-1-1.jpg\" class=\"wp-image-25591\" srcset=\"https:\/\/mlbfrsat7ahr.i.optimole.com\/w:1024\/h:1024\/q:mauto\/ig:avif\/https:\/\/noticiasnoface.com.br\/wp-content\/uploads\/2024\/10\/photo-output-1-1.jpg 1024w, https:\/\/mlbfrsat7ahr.i.optimole.com\/w:300\/h:300\/q:mauto\/ig:avif\/https:\/\/noticiasnoface.com.br\/wp-content\/uploads\/2024\/10\/photo-output-1-1.jpg 300w, https:\/\/mlbfrsat7ahr.i.optimole.com\/w:150\/h:150\/q:mauto\/ig:avif\/https:\/\/noticiasnoface.com.br\/wp-content\/uploads\/2024\/10\/photo-output-1-1.jpg 150w, https:\/\/mlbfrsat7ahr.i.optimole.com\/w:768\/h:768\/q:mauto\/ig:avif\/https:\/\/noticiasnoface.com.br\/wp-content\/uploads\/2024\/10\/photo-output-1-1.jpg 768w, https:\/\/mlbfrsat7ahr.i.optimole.com\/w:1080\/h:1080\/q:mauto\/ig:avif\/https:\/\/noticiasnoface.com.br\/wp-content\/uploads\/2024\/10\/photo-output-1-1.jpg 1536w, https:\/\/mlbfrsat7ahr.i.optimole.com\/w:1080\/h:1080\/q:mauto\/ig:avif\/https:\/\/noticiasnoface.com.br\/wp-content\/uploads\/2024\/10\/photo-output-1-1.jpg 2048w\" sizes=\"(max-width: 1000px) 100vw, 1000px\" \/><figcaption class=\"wp-element-caption\">Wolney Fran\u00e7a confirma candidatura \u00e0 presid\u00eancia da C\u00e2mara Municipal de Parnamirim para o bi\u00eanio 2025\/2026<br>O vereador Wolney Fran\u00e7a, reeleito como o mais votado do PSDB em Parnamirim\/RN, confirmou em entrevista \u00e0 94FM Natal, sua candidatura \u00e0 presid\u00eancia da C\u00e2mara Municipal para o bi\u00eanio 2025\/2026. A elei\u00e7\u00e3o para o cargo est\u00e1 prevista para ocorrer no primeiro dia do pr\u00f3ximo ano. Wolney, atual presidente da Casa Legislativa, destacou os principais avan\u00e7os realizados durante sua gest\u00e3o, como a convoca\u00e7\u00e3o de novos concursados, investimentos em tecnologia que modernizaram e tornaram a C\u00e2mara mais acess\u00edvel e din\u00e2mica, al\u00e9m da cria\u00e7\u00e3o da TV C\u00e2mara em canal aberto.<br>Al\u00e9m disso, Wolney ressaltou que, sob sua lideran\u00e7a, de forma in\u00e9dita, importantes doa\u00e7\u00f5es foram feitas com a sobra do or\u00e7amento, beneficiando diretamente a popula\u00e7\u00e3o de Parnamirim. O presidente tamb\u00e9m foi elogiado por manter um bom relacionamento com os parlamentares, oferecendo plenas condi\u00e7\u00f5es de trabalho aos colegas, o que refletiu nas urnas: 14 dos 18 vereadores foram reeleitos. Durante sua gest\u00e3o, a C\u00e2mara passou a oferecer servi\u00e7os diretos \u00e0 popula\u00e7\u00e3o, como a emiss\u00e3o de documentos e cursos por meio da Escola Legislativa.<br>Em sua fala, Wolney enfatizou a import\u00e2ncia do di\u00e1logo e do consenso entre os parlamentares. \u201cA gente \u00e9 candidato, sim. Estamos respeitando as acomoda\u00e7\u00f5es, estamos respeitando os novos vereadores que est\u00e3o chegando \u00e0 Casa Legislativa, conhecendo e pegando o regimento interno. Estamos felizes porque temos um trabalho importante. Sabemos que outros colegas tamb\u00e9m t\u00eam interesse, mas n\u00e3o h\u00e1 vaidade nisso, estamos aqui para somar. Eu acredito muito que o melhor caminho para qualquer elei\u00e7\u00e3o \u00e9 o consenso&#8221;, afirmou.<br>Durante a entrevista, Wolney Fran\u00e7a anunciou ainda a realiza\u00e7\u00e3o de um novo concurso para a C\u00e2mara Municipal de Parnamirim, reafirmando seu compromisso com a moderniza\u00e7\u00e3o e amplia\u00e7\u00e3o dos servi\u00e7os oferecidos pela Casa Legislativa.<\/figcaption><\/figure>\n","protected":false},"excerpt":{"rendered":"","protected":false},"author":1,"featured_media":0,"comment_status":"closed","ping_status":"open","sticky":false,"template":"","format":"image","meta":{"site-sidebar-layout":"default","site-content-layout":"","ast-site-content-layout":"default","site-content-style":"default","site-sidebar-style":"default","ast-global-header-display":"","ast-banner-title-visibility":"","ast-main-header-display":"","ast-hfb-above-header-display":"","ast-hfb-below-header-display":"","ast-hfb-mobile-header-display":"","site-post-title":"","ast-breadcrumbs-content":"","ast-featured-img":"","footer-sml-layout":"","ast-disable-related-posts":"","theme-transparent-header-meta":"","adv-header-id-meta":"","stick-header-meta":"","header-above-stick-meta":"","header-main-stick-meta":"","header-below-stick-meta":"","astra-migrate-meta-layouts":"default","ast-page-background-enabled":"default","ast-page-background-meta":{"desktop":{"background-color":"var(--ast-global-color-4)","background-image":"","background-repeat":"repeat","background-position":"center center","background-size":"auto","background-attachment":"scroll","background-type":"","background-media":"","overlay-type":"","overlay-color":"","overlay-opacity":"","overlay-gradient":""},"tablet":{"background-color":"","background-image":"","background-repeat":"repeat","background-position":"center center","background-size":"auto","background-attachment":"scroll","background-type":"","background-media":"","overlay-type":"","overlay-color":"","overlay-opacity":"","overlay-gradient":""},"mobile":{"background-color":"","background-image":"","background-repeat":"repeat","background-position":"center center","background-size":"auto","background-attachment":"scroll","background-type":"","background-media":"","overlay-type":"","overlay-color":"","overlay-opacity":"","overlay-gradient":""}},"ast-content-background-meta":{"desktop":{"background-color":"var(--ast-global-color-5)","background-image":"","background-repeat":"repeat","background-position":"center center","background-size":"auto","background-attachment":"scroll","background-type":"","background-media":"","overlay-type":"","overlay-color":"","overlay-opacity":"","overlay-gradient":""},"tablet":{"background-color":"var(--ast-global-color-5)","background-image":"","background-repeat":"repeat","background-position":"center center","background-size":"auto","background-attachment":"scroll","background-type":"","background-media":"","overlay-type":"","overlay-color":"","overlay-opacity":"","overlay-gradient":""},"mobile":{"background-color":"var(--ast-global-color-5)","background-image":"","background-repeat":"repeat","background-position":"center center","background-size":"auto","background-attachment":"scroll","background-type":"","background-media":"","overlay-type":"","overlay-color":"","overlay-opacity":"","overlay-gradient":""}},"footnotes":""},"categories":[517],"tags":[],"class_list":["post-25592","post","type-post","status-publish","format-image","hentry","category-aconteceu","post_format-post-format-image"],"_links":{"self":[{"href":"https:\/\/noticiasnoface.com.br\/index.php\/wp-json\/wp\/v2\/posts\/25592","targetHints":{"allow":["GET"]}}],"collection":[{"href":"https:\/\/noticiasnoface.com.br\/index.php\/wp-json\/wp\/v2\/posts"}],"about":[{"href":"https:\/\/noticiasnoface.com.br\/index.php\/wp-json\/wp\/v2\/types\/post"}],"author":[{"embeddable":true,"href":"https:\/\/noticiasnoface.com.br\/index.php\/wp-json\/wp\/v2\/users\/1"}],"replies":[{"embeddable":true,"href":"https:\/\/noticiasnoface.com.br\/index.php\/wp-json\/wp\/v2\/comments?post=25592"}],"version-history":[{"count":1,"href":"https:\/\/noticiasnoface.com.br\/index.php\/wp-json\/wp\/v2\/posts\/25592\/revisions"}],"predecessor-version":[{"id":25593,"href":"https:\/\/noticiasnoface.com.br\/index.php\/wp-json\/wp\/v2\/posts\/25592\/revisions\/25593"}],"wp:attachment":[{"href":"https:\/\/noticiasnoface.com.br\/index.php\/wp-json\/wp\/v2\/media?parent=25592"}],"wp:term":[{"taxonomy":"category","embeddable":true,"href":"https:\/\/noticiasnoface.com.br\/index.php\/wp-json\/wp\/v2\/categories?post=25592"},{"taxonomy":"post_tag","embeddable":true,"href":"https:\/\/noticiasnoface.com.br\/index.php\/wp-json\/wp\/v2\/tags?post=25592"}],"curies":[{"name":"wp","href":"https:\/\/api.w.org\/{rel}","templated":true}]}}