{"id":26223,"date":"2024-12-12T21:35:02","date_gmt":"2024-12-13T00:35:02","guid":{"rendered":"https:\/\/noticiasnoface.com.br\/?p=26223"},"modified":"2024-12-12T21:35:02","modified_gmt":"2024-12-13T00:35:02","slug":"comenda-advogada-benedita-fernandes-saraiva-ira-homenagear-advogados-do-municipio","status":"publish","type":"post","link":"https:\/\/noticiasnoface.com.br\/index.php\/2024\/12\/12\/comenda-advogada-benedita-fernandes-saraiva-ira-homenagear-advogados-do-municipio\/","title":{"rendered":"Comenda Advogada Benedita Fernandes Saraiva ir\u00e1 homenagear advogados do munic\u00edpio"},"content":{"rendered":"\n<figure class=\"wp-block-image size-large\"><img data-opt-id=327630725  fetchpriority=\"high\" decoding=\"async\" width=\"1024\" height=\"1024\" src=\"https:\/\/mlbfrsat7ahr.i.optimole.com\/w:1024\/h:1024\/q:mauto\/ig:avif\/https:\/\/noticiasnoface.com.br\/wp-content\/uploads\/2024\/12\/ssfeed-3-1.png\" class=\"wp-image-26222\" srcset=\"https:\/\/mlbfrsat7ahr.i.optimole.com\/w:1024\/h:1024\/q:mauto\/ig:avif\/https:\/\/noticiasnoface.com.br\/wp-content\/uploads\/2024\/12\/ssfeed-3-1.png 1024w, https:\/\/mlbfrsat7ahr.i.optimole.com\/w:300\/h:300\/q:mauto\/ig:avif\/https:\/\/noticiasnoface.com.br\/wp-content\/uploads\/2024\/12\/ssfeed-3-1.png 300w, https:\/\/mlbfrsat7ahr.i.optimole.com\/w:150\/h:150\/q:mauto\/ig:avif\/https:\/\/noticiasnoface.com.br\/wp-content\/uploads\/2024\/12\/ssfeed-3-1.png 150w, https:\/\/mlbfrsat7ahr.i.optimole.com\/w:768\/h:768\/q:mauto\/ig:avif\/https:\/\/noticiasnoface.com.br\/wp-content\/uploads\/2024\/12\/ssfeed-3-1.png 768w, https:\/\/mlbfrsat7ahr.i.optimole.com\/w:1080\/h:1080\/q:mauto\/ig:avif\/https:\/\/noticiasnoface.com.br\/wp-content\/uploads\/2024\/12\/ssfeed-3-1.png 1080w\" sizes=\"(max-width: 1000px) 100vw, 1000px\" \/><\/figure>\n\n\n\n<p>Com o intuito de reconhecer e valorizar a atua\u00e7\u00e3o dos advogados parnamirinenses, o Legislativo Municipal ir\u00e1 entregar, nesta sexta-feira, 13, a Comenda Benedita Fernandes Saraiva, no Plen\u00e1rio Dr. M\u00e1rio Medeiros,&nbsp;\u00e0s 18h.<\/p>\n\n\n\n<p>Em alus\u00e3o ao Dia do Advogado, a solenidade foi proposta pelo parlamentar Vav\u00e1 Azevedo.<\/p>\n\n\n\n<p><strong>Servi\u00e7o<\/strong><\/p>\n\n\n\n<p>O qu\u00ea:&nbsp;<em>Sess\u00e3o Solene: Benedita Fernandes Saraiva<\/em><\/p>\n\n\n\n<p>Quando: Sexta-feira (13),&nbsp;\u00e0s 18h<\/p>\n\n\n\n<p>Propositor: vereador Vav\u00e1 Azevedo<\/p>\n\n\n\n<p>Onde: C\u00e2mara Municipal de Parnamirim, no plen\u00e1rio Dr. M\u00e1rio Medeiros<\/p>\n\n\n\n<p><\/p>\n","protected":false},"excerpt":{"rendered":"<p>Com o intuito de reconhecer e valorizar a atua\u00e7\u00e3o dos advogados parnamirinenses, o Legislativo Municipal ir\u00e1 entregar, nesta sexta-feira, 13, [&hellip;]<\/p>\n","protected":false},"author":1,"featured_media":0,"comment_status":"closed","ping_status":"open","sticky":false,"template":"","format":"image","meta":{"site-sidebar-layout":"default","site-content-layout":"","ast-site-content-layout":"default","site-content-style":"default","site-sidebar-style":"default","ast-global-header-display":"","ast-banner-title-visibility":"","ast-main-header-display":"","ast-hfb-above-header-display":"","ast-hfb-below-header-display":"","ast-hfb-mobile-header-display":"","site-post-title":"","ast-breadcrumbs-content":"","ast-featured-img":"","footer-sml-layout":"","ast-disable-related-posts":"","theme-transparent-header-meta":"","adv-header-id-meta":"","stick-header-meta":"","header-above-stick-meta":"","header-main-stick-meta":"","header-below-stick-meta":"","astra-migrate-meta-layouts":"default","ast-page-background-enabled":"default","ast-page-background-meta":{"desktop":{"background-color":"var(--ast-global-color-4)","background-image":"","background-repeat":"repeat","background-position":"center center","background-size":"auto","background-attachment":"scroll","background-type":"","background-media":"","overlay-type":"","overlay-color":"","overlay-opacity":"","overlay-gradient":""},"tablet":{"background-color":"","background-image":"","background-repeat":"repeat","background-position":"center center","background-size":"auto","background-attachment":"scroll","background-type":"","background-media":"","overlay-type":"","overlay-color":"","overlay-opacity":"","overlay-gradient":""},"mobile":{"background-color":"","background-image":"","background-repeat":"repeat","background-position":"center center","background-size":"auto","background-attachment":"scroll","background-type":"","background-media":"","overlay-type":"","overlay-color":"","overlay-opacity":"","overlay-gradient":""}},"ast-content-background-meta":{"desktop":{"background-color":"var(--ast-global-color-5)","background-image":"","background-repeat":"repeat","background-position":"center center","background-size":"auto","background-attachment":"scroll","background-type":"","background-media":"","overlay-type":"","overlay-color":"","overlay-opacity":"","overlay-gradient":""},"tablet":{"background-color":"var(--ast-global-color-5)","background-image":"","background-repeat":"repeat","background-position":"center center","background-size":"auto","background-attachment":"scroll","background-type":"","background-media":"","overlay-type":"","overlay-color":"","overlay-opacity":"","overlay-gradient":""},"mobile":{"background-color":"var(--ast-global-color-5)","background-image":"","background-repeat":"repeat","background-position":"center center","background-size":"auto","background-attachment":"scroll","background-type":"","background-media":"","overlay-type":"","overlay-color":"","overlay-opacity":"","overlay-gradient":""}},"footnotes":""},"categories":[517],"tags":[],"class_list":["post-26223","post","type-post","status-publish","format-image","hentry","category-aconteceu","post_format-post-format-image"],"_links":{"self":[{"href":"https:\/\/noticiasnoface.com.br\/index.php\/wp-json\/wp\/v2\/posts\/26223","targetHints":{"allow":["GET"]}}],"collection":[{"href":"https:\/\/noticiasnoface.com.br\/index.php\/wp-json\/wp\/v2\/posts"}],"about":[{"href":"https:\/\/noticiasnoface.com.br\/index.php\/wp-json\/wp\/v2\/types\/post"}],"author":[{"embeddable":true,"href":"https:\/\/noticiasnoface.com.br\/index.php\/wp-json\/wp\/v2\/users\/1"}],"replies":[{"embeddable":true,"href":"https:\/\/noticiasnoface.com.br\/index.php\/wp-json\/wp\/v2\/comments?post=26223"}],"version-history":[{"count":1,"href":"https:\/\/noticiasnoface.com.br\/index.php\/wp-json\/wp\/v2\/posts\/26223\/revisions"}],"predecessor-version":[{"id":26224,"href":"https:\/\/noticiasnoface.com.br\/index.php\/wp-json\/wp\/v2\/posts\/26223\/revisions\/26224"}],"wp:attachment":[{"href":"https:\/\/noticiasnoface.com.br\/index.php\/wp-json\/wp\/v2\/media?parent=26223"}],"wp:term":[{"taxonomy":"category","embeddable":true,"href":"https:\/\/noticiasnoface.com.br\/index.php\/wp-json\/wp\/v2\/categories?post=26223"},{"taxonomy":"post_tag","embeddable":true,"href":"https:\/\/noticiasnoface.com.br\/index.php\/wp-json\/wp\/v2\/tags?post=26223"}],"curies":[{"name":"wp","href":"https:\/\/api.w.org\/{rel}","templated":true}]}}