{"id":27625,"date":"2025-04-04T16:54:39","date_gmt":"2025-04-04T19:54:39","guid":{"rendered":"https:\/\/noticiasnoface.com.br\/?p=27625"},"modified":"2025-04-04T16:54:39","modified_gmt":"2025-04-04T19:54:39","slug":"frente-parlamentar-em-defesa-dos-animais-e-criada-pelo-legislativo-municipal","status":"publish","type":"post","link":"https:\/\/noticiasnoface.com.br\/index.php\/2025\/04\/04\/frente-parlamentar-em-defesa-dos-animais-e-criada-pelo-legislativo-municipal\/","title":{"rendered":"Frente Parlamentar em Defesa dos Animais \u00e9 criada pelo Legislativo municipal"},"content":{"rendered":"\n<figure class=\"wp-block-image size-large\"><img data-opt-id=1345973650  fetchpriority=\"high\" decoding=\"async\" width=\"1024\" height=\"682\" src=\"https:\/\/mlbfrsat7ahr.i.optimole.com\/w:1024\/h:682\/q:mauto\/ig:avif\/https:\/\/noticiasnoface.com.br\/wp-content\/uploads\/2025\/04\/frente-animais-1.jpg\" class=\"wp-image-27624\" srcset=\"https:\/\/mlbfrsat7ahr.i.optimole.com\/w:1024\/h:682\/q:mauto\/ig:avif\/https:\/\/noticiasnoface.com.br\/wp-content\/uploads\/2025\/04\/frente-animais-1.jpg 1024w, https:\/\/mlbfrsat7ahr.i.optimole.com\/w:300\/h:200\/q:mauto\/ig:avif\/https:\/\/noticiasnoface.com.br\/wp-content\/uploads\/2025\/04\/frente-animais-1.jpg 300w, https:\/\/mlbfrsat7ahr.i.optimole.com\/w:768\/h:512\/q:mauto\/ig:avif\/https:\/\/noticiasnoface.com.br\/wp-content\/uploads\/2025\/04\/frente-animais-1.jpg 768w, https:\/\/mlbfrsat7ahr.i.optimole.com\/w:1536\/h:1023\/q:mauto\/ig:avif\/https:\/\/noticiasnoface.com.br\/wp-content\/uploads\/2025\/04\/frente-animais-1.jpg 1536w, https:\/\/mlbfrsat7ahr.i.optimole.com\/w:1600\/h:1066\/q:mauto\/ig:avif\/https:\/\/noticiasnoface.com.br\/wp-content\/uploads\/2025\/04\/frente-animais-1.jpg 1600w\" sizes=\"(max-width: 1000px) 100vw, 1000px\" \/><\/figure>\n\n\n\n<p>No m\u00eas da campanha&nbsp;<em>Abril Laranja Pet<\/em>, dedicada \u00e0 conscientiza\u00e7\u00e3o e ao combate aos maus-tratos contra os animais, a C\u00e2mara Municipal de Parnamirim criou a Frente Parlamentar em Defesa dos Animais. O presidente da Casa, Dr. C\u00e9sar Maia, no exerc\u00edcio de suas atribui\u00e7\u00f5es, nomeou o vereador Michael Borges como presidente da Frente Parlamentar, o vereador Jonas Godeiro como vice-presidente, e as vereadoras R\u00e1rika Bastos e Rhalessa de Cl\u00eanio como membros da Frente.<\/p>\n\n\n\n<p>Para o vereador Michael Borges, presidente da Frente Parlamentar, a iniciativa \u00e9 essencial para sensibilizar o gestor municipal e concentrar, de forma oficial, os esfor\u00e7os da C\u00e2mara no enfrentamento aos maus-tratos contra os animais. \u201cNosso objetivo \u00e9 ampliar a aprova\u00e7\u00e3o de projetos de lei e intensificar a\u00e7\u00f5es voltadas \u00e0 defesa e prote\u00e7\u00e3o animal\u201d, destacou o edil.<\/p>\n\n\n\n<p>Neste m\u00eas, a C\u00e2mara promover\u00e1 diversas a\u00e7\u00f5es em alinhamento com a campanha, com o objetivo de promover debates sobre a causa animal no munic\u00edpio e refor\u00e7ar a import\u00e2ncia da preven\u00e7\u00e3o \u00e0 crueldade contra os animais. Essas iniciativas buscam fortalecer pol\u00edticas p\u00fablicas de prote\u00e7\u00e3o animal em Parnamirim.<\/p>\n","protected":false},"excerpt":{"rendered":"<p>No m\u00eas da campanha&nbsp;Abril Laranja Pet, dedicada \u00e0 conscientiza\u00e7\u00e3o e ao combate aos maus-tratos contra os animais, a C\u00e2mara Municipal [&hellip;]<\/p>\n","protected":false},"author":1,"featured_media":0,"comment_status":"closed","ping_status":"","sticky":false,"template":"","format":"image","meta":{"site-sidebar-layout":"default","site-content-layout":"","ast-site-content-layout":"default","site-content-style":"default","site-sidebar-style":"default","ast-global-header-display":"","ast-banner-title-visibility":"","ast-main-header-display":"","ast-hfb-above-header-display":"","ast-hfb-below-header-display":"","ast-hfb-mobile-header-display":"","site-post-title":"","ast-breadcrumbs-content":"","ast-featured-img":"","footer-sml-layout":"","ast-disable-related-posts":"","theme-transparent-header-meta":"","adv-header-id-meta":"","stick-header-meta":"","header-above-stick-meta":"","header-main-stick-meta":"","header-below-stick-meta":"","astra-migrate-meta-layouts":"default","ast-page-background-enabled":"default","ast-page-background-meta":{"desktop":{"background-color":"var(--ast-global-color-4)","background-image":"","background-repeat":"repeat","background-position":"center center","background-size":"auto","background-attachment":"scroll","background-type":"","background-media":"","overlay-type":"","overlay-color":"","overlay-opacity":"","overlay-gradient":""},"tablet":{"background-color":"","background-image":"","background-repeat":"repeat","background-position":"center center","background-size":"auto","background-attachment":"scroll","background-type":"","background-media":"","overlay-type":"","overlay-color":"","overlay-opacity":"","overlay-gradient":""},"mobile":{"background-color":"","background-image":"","background-repeat":"repeat","background-position":"center center","background-size":"auto","background-attachment":"scroll","background-type":"","background-media":"","overlay-type":"","overlay-color":"","overlay-opacity":"","overlay-gradient":""}},"ast-content-background-meta":{"desktop":{"background-color":"var(--ast-global-color-5)","background-image":"","background-repeat":"repeat","background-position":"center center","background-size":"auto","background-attachment":"scroll","background-type":"","background-media":"","overlay-type":"","overlay-color":"","overlay-opacity":"","overlay-gradient":""},"tablet":{"background-color":"var(--ast-global-color-5)","background-image":"","background-repeat":"repeat","background-position":"center center","background-size":"auto","background-attachment":"scroll","background-type":"","background-media":"","overlay-type":"","overlay-color":"","overlay-opacity":"","overlay-gradient":""},"mobile":{"background-color":"var(--ast-global-color-5)","background-image":"","background-repeat":"repeat","background-position":"center center","background-size":"auto","background-attachment":"scroll","background-type":"","background-media":"","overlay-type":"","overlay-color":"","overlay-opacity":"","overlay-gradient":""}},"footnotes":""},"categories":[3817],"tags":[],"class_list":["post-27625","post","type-post","status-publish","format-image","hentry","category-camara-municipal-de-parnamirim","post_format-post-format-image"],"_links":{"self":[{"href":"https:\/\/noticiasnoface.com.br\/index.php\/wp-json\/wp\/v2\/posts\/27625","targetHints":{"allow":["GET"]}}],"collection":[{"href":"https:\/\/noticiasnoface.com.br\/index.php\/wp-json\/wp\/v2\/posts"}],"about":[{"href":"https:\/\/noticiasnoface.com.br\/index.php\/wp-json\/wp\/v2\/types\/post"}],"author":[{"embeddable":true,"href":"https:\/\/noticiasnoface.com.br\/index.php\/wp-json\/wp\/v2\/users\/1"}],"replies":[{"embeddable":true,"href":"https:\/\/noticiasnoface.com.br\/index.php\/wp-json\/wp\/v2\/comments?post=27625"}],"version-history":[{"count":1,"href":"https:\/\/noticiasnoface.com.br\/index.php\/wp-json\/wp\/v2\/posts\/27625\/revisions"}],"predecessor-version":[{"id":27626,"href":"https:\/\/noticiasnoface.com.br\/index.php\/wp-json\/wp\/v2\/posts\/27625\/revisions\/27626"}],"wp:attachment":[{"href":"https:\/\/noticiasnoface.com.br\/index.php\/wp-json\/wp\/v2\/media?parent=27625"}],"wp:term":[{"taxonomy":"category","embeddable":true,"href":"https:\/\/noticiasnoface.com.br\/index.php\/wp-json\/wp\/v2\/categories?post=27625"},{"taxonomy":"post_tag","embeddable":true,"href":"https:\/\/noticiasnoface.com.br\/index.php\/wp-json\/wp\/v2\/tags?post=27625"}],"curies":[{"name":"wp","href":"https:\/\/api.w.org\/{rel}","templated":true}]}}