{"id":27825,"date":"2025-04-17T15:51:06","date_gmt":"2025-04-17T18:51:06","guid":{"rendered":"https:\/\/noticiasnoface.com.br\/?p=27825"},"modified":"2025-04-17T15:51:06","modified_gmt":"2025-04-17T18:51:06","slug":"presidente-da-camara-de-parnamirim-dr-cesar-maia-concede-reajuste-a-servidores-e-estagiarios","status":"publish","type":"post","link":"https:\/\/noticiasnoface.com.br\/index.php\/2025\/04\/17\/presidente-da-camara-de-parnamirim-dr-cesar-maia-concede-reajuste-a-servidores-e-estagiarios\/","title":{"rendered":"Presidente da C\u00e2mara de Parnamirim, Dr. C\u00e9sar Maia, concede reajuste a servidores e estagi\u00e1rios"},"content":{"rendered":"\n<figure class=\"wp-block-image size-large\"><img data-opt-id=1997481729  fetchpriority=\"high\" decoding=\"async\" width=\"1024\" height=\"682\" src=\"https:\/\/mlbfrsat7ahr.i.optimole.com\/w:1024\/h:682\/q:mauto\/ig:avif\/https:\/\/noticiasnoface.com.br\/wp-content\/uploads\/2025\/04\/d94d3ab5-3ecd-4b3d-8ee7-149960e6136b-1.jpg\" class=\"wp-image-27824\" srcset=\"https:\/\/mlbfrsat7ahr.i.optimole.com\/w:1024\/h:682\/q:mauto\/ig:avif\/https:\/\/noticiasnoface.com.br\/wp-content\/uploads\/2025\/04\/d94d3ab5-3ecd-4b3d-8ee7-149960e6136b-1.jpg 1024w, https:\/\/mlbfrsat7ahr.i.optimole.com\/w:300\/h:200\/q:mauto\/ig:avif\/https:\/\/noticiasnoface.com.br\/wp-content\/uploads\/2025\/04\/d94d3ab5-3ecd-4b3d-8ee7-149960e6136b-1.jpg 300w, https:\/\/mlbfrsat7ahr.i.optimole.com\/w:768\/h:512\/q:mauto\/ig:avif\/https:\/\/noticiasnoface.com.br\/wp-content\/uploads\/2025\/04\/d94d3ab5-3ecd-4b3d-8ee7-149960e6136b-1.jpg 768w, https:\/\/mlbfrsat7ahr.i.optimole.com\/w:1536\/h:1024\/q:mauto\/ig:avif\/https:\/\/noticiasnoface.com.br\/wp-content\/uploads\/2025\/04\/d94d3ab5-3ecd-4b3d-8ee7-149960e6136b-1.jpg 1536w, https:\/\/mlbfrsat7ahr.i.optimole.com\/w:1620\/h:1080\/q:mauto\/ig:avif\/https:\/\/noticiasnoface.com.br\/wp-content\/uploads\/2025\/04\/d94d3ab5-3ecd-4b3d-8ee7-149960e6136b-1.jpg 2000w\" sizes=\"(max-width: 1000px) 100vw, 1000px\" \/><\/figure>\n\n\n\n<p>O Presidente da C\u00e2mara Municipal de Parnamirim, Dr. C\u00e9sar Maia, anunciou um importante reajuste salarial para os servidores da Casa Legislativa. A medida foi oficializada por meio da Lei Complementar n\u00ba 05\/2025, aprovada em sess\u00e3o plen\u00e1ria na quarta-feira (16) e publicada no Di\u00e1rio Oficial do Munic\u00edpio.<\/p>\n\n\n\n<p>O reajuste de 7,5% contempla tanto os servidores efetivos quanto os cargos comissionados, refletindo o compromisso da atual gest\u00e3o com a valoriza\u00e7\u00e3o do funcionalismo p\u00fablico e a recomposi\u00e7\u00e3o das perdas inflacion\u00e1rias.<\/p>\n\n\n\n<p>Outro avan\u00e7o importante foi o reajuste nos valores pagos aos estagi\u00e1rios da C\u00e2mara, garantindo melhores condi\u00e7\u00f5es para os estudantes que contribuem diariamente com o funcionamento do Legislativo.<\/p>\n\n\n\n<p>Segundo Dr. C\u00e9sar Maia, as medidas representam um passo importante na pol\u00edtica de valoriza\u00e7\u00e3o dos profissionais da Casa. \u201cNosso objetivo \u00e9 reconhecer o esfor\u00e7o e a dedica\u00e7\u00e3o de todos que colaboram com o trabalho legislativo. Essa valoriza\u00e7\u00e3o \u00e9 justa e necess\u00e1ria\u201d, destacou o presidente.<\/p>\n","protected":false},"excerpt":{"rendered":"<p>O Presidente da C\u00e2mara Municipal de Parnamirim, Dr. C\u00e9sar Maia, anunciou um importante reajuste salarial para os servidores da Casa [&hellip;]<\/p>\n","protected":false},"author":1,"featured_media":0,"comment_status":"closed","ping_status":"","sticky":false,"template":"","format":"image","meta":{"site-sidebar-layout":"default","site-content-layout":"","ast-site-content-layout":"default","site-content-style":"default","site-sidebar-style":"default","ast-global-header-display":"","ast-banner-title-visibility":"","ast-main-header-display":"","ast-hfb-above-header-display":"","ast-hfb-below-header-display":"","ast-hfb-mobile-header-display":"","site-post-title":"","ast-breadcrumbs-content":"","ast-featured-img":"","footer-sml-layout":"","ast-disable-related-posts":"","theme-transparent-header-meta":"","adv-header-id-meta":"","stick-header-meta":"","header-above-stick-meta":"","header-main-stick-meta":"","header-below-stick-meta":"","astra-migrate-meta-layouts":"default","ast-page-background-enabled":"default","ast-page-background-meta":{"desktop":{"background-color":"var(--ast-global-color-4)","background-image":"","background-repeat":"repeat","background-position":"center center","background-size":"auto","background-attachment":"scroll","background-type":"","background-media":"","overlay-type":"","overlay-color":"","overlay-opacity":"","overlay-gradient":""},"tablet":{"background-color":"","background-image":"","background-repeat":"repeat","background-position":"center center","background-size":"auto","background-attachment":"scroll","background-type":"","background-media":"","overlay-type":"","overlay-color":"","overlay-opacity":"","overlay-gradient":""},"mobile":{"background-color":"","background-image":"","background-repeat":"repeat","background-position":"center center","background-size":"auto","background-attachment":"scroll","background-type":"","background-media":"","overlay-type":"","overlay-color":"","overlay-opacity":"","overlay-gradient":""}},"ast-content-background-meta":{"desktop":{"background-color":"var(--ast-global-color-5)","background-image":"","background-repeat":"repeat","background-position":"center center","background-size":"auto","background-attachment":"scroll","background-type":"","background-media":"","overlay-type":"","overlay-color":"","overlay-opacity":"","overlay-gradient":""},"tablet":{"background-color":"var(--ast-global-color-5)","background-image":"","background-repeat":"repeat","background-position":"center center","background-size":"auto","background-attachment":"scroll","background-type":"","background-media":"","overlay-type":"","overlay-color":"","overlay-opacity":"","overlay-gradient":""},"mobile":{"background-color":"var(--ast-global-color-5)","background-image":"","background-repeat":"repeat","background-position":"center center","background-size":"auto","background-attachment":"scroll","background-type":"","background-media":"","overlay-type":"","overlay-color":"","overlay-opacity":"","overlay-gradient":""}},"footnotes":""},"categories":[3817],"tags":[],"class_list":["post-27825","post","type-post","status-publish","format-image","hentry","category-camara-municipal-de-parnamirim","post_format-post-format-image"],"_links":{"self":[{"href":"https:\/\/noticiasnoface.com.br\/index.php\/wp-json\/wp\/v2\/posts\/27825","targetHints":{"allow":["GET"]}}],"collection":[{"href":"https:\/\/noticiasnoface.com.br\/index.php\/wp-json\/wp\/v2\/posts"}],"about":[{"href":"https:\/\/noticiasnoface.com.br\/index.php\/wp-json\/wp\/v2\/types\/post"}],"author":[{"embeddable":true,"href":"https:\/\/noticiasnoface.com.br\/index.php\/wp-json\/wp\/v2\/users\/1"}],"replies":[{"embeddable":true,"href":"https:\/\/noticiasnoface.com.br\/index.php\/wp-json\/wp\/v2\/comments?post=27825"}],"version-history":[{"count":1,"href":"https:\/\/noticiasnoface.com.br\/index.php\/wp-json\/wp\/v2\/posts\/27825\/revisions"}],"predecessor-version":[{"id":27826,"href":"https:\/\/noticiasnoface.com.br\/index.php\/wp-json\/wp\/v2\/posts\/27825\/revisions\/27826"}],"wp:attachment":[{"href":"https:\/\/noticiasnoface.com.br\/index.php\/wp-json\/wp\/v2\/media?parent=27825"}],"wp:term":[{"taxonomy":"category","embeddable":true,"href":"https:\/\/noticiasnoface.com.br\/index.php\/wp-json\/wp\/v2\/categories?post=27825"},{"taxonomy":"post_tag","embeddable":true,"href":"https:\/\/noticiasnoface.com.br\/index.php\/wp-json\/wp\/v2\/tags?post=27825"}],"curies":[{"name":"wp","href":"https:\/\/api.w.org\/{rel}","templated":true}]}}