{"id":27857,"date":"2025-04-19T09:43:17","date_gmt":"2025-04-19T12:43:17","guid":{"rendered":"https:\/\/noticiasnoface.com.br\/?p=27857"},"modified":"2025-04-19T09:44:08","modified_gmt":"2025-04-19T12:44:08","slug":"novo-codigo-civil-projeto-cria-heranca-digital-e-muda-direito-de-conjuges","status":"publish","type":"post","link":"https:\/\/noticiasnoface.com.br\/index.php\/2025\/04\/19\/novo-codigo-civil-projeto-cria-heranca-digital-e-muda-direito-de-conjuges\/","title":{"rendered":"Novo C\u00f3digo Civil: projeto muda direito de c\u00f4njuge"},"content":{"rendered":"\n<h2 class=\"wp-block-heading subhead\">Proposta retira c\u00f4njuges da lista de herdeiros necess\u00e1rios; texto est\u00e1 em an\u00e1lise no Senado<\/h2>\n\n\n\n<p>19\/04\/2025 \u00e0s 03:55<\/p>\n\n\n\n<p><a href=\"https:\/\/www.cnnbrasil.com.br\/autor\/emilly-behnke\/\" target=\"_blank\" rel=\"noopener\">Emilly Behnke<\/a><a href=\"https:\/\/www.cnnbrasil.com.br\/autor\/rebeca-borges\/\" target=\"_blank\" rel=\"noopener\">Rebeca Borges<\/a>da CNN&nbsp;, Bras\u00edlia&nbsp;<\/p>\n\n\n\n<figure class=\"wp-block-image\"><img data-opt-id=1734637524  fetchpriority=\"high\" decoding=\"async\" src=\"https:\/\/www.cnnbrasil.com.br\/wp-content\/uploads\/sites\/12\/2025\/03\/54378588180_b472d37503_z.jpg?w=420&amp;h=240&amp;crop=1&amp;quality=85\" alt=\"Plen\u00e1rio do Senado Federal\" title=\"Plen\u00e1rio do Senado Federal\"\/><\/figure>\n\n\n\n<!--more-->\n\n\n\n<figure class=\"wp-block-image\"><img data-opt-id=1734637524  fetchpriority=\"high\" decoding=\"async\" src=\"https:\/\/www.cnnbrasil.com.br\/wp-content\/uploads\/sites\/12\/2025\/03\/54378588180_b472d37503_z.jpg?w=431&amp;h=241&amp;crop=1\" alt=\"Plen\u00e1rio do Senado Federal\" title=\"Plen\u00e1rio do Senado Federal\"\/><\/figure>\n\n\n\n<p>Plen\u00e1rio do Senado Federal&nbsp;\u2022 10\/03\/2025 &#8211; Andressa Anholete\/Ag\u00eancia Senado<\/p>\n\n\n\n<p>Mudan\u00e7as nas regras de heran\u00e7a e na partilha de bens envolvendo c\u00f4njuges ser\u00e3o analisadas pelo Senado no projeto do novo C\u00f3digo Civil. Entre outros pontos, a reforma na legisla\u00e7\u00e3o atual cria o conceito de \u201cheran\u00e7a digital\u201d e exclui c\u00f4njuges da lista de herdeiros necess\u00e1rios.<\/p>\n\n\n\n<p>A proposta apresentada no Senado cria a ideia de \u201cpatrim\u00f4nio digital\u201d, que inclui \u201cativos intang\u00edveis e imateriais, com conte\u00fado de valor econ\u00f4mico, pessoal ou cultural\u201d. \u00c9 o caso de ativos digitais, como moedas eletr\u00f4nicas ou criptoativos, e at\u00e9 pontua\u00e7\u00f5es digitais, como milhas a\u00e9reas, e jogos cibern\u00e9ticos.<\/p>\n\n\n\n<p>A heran\u00e7a digital tamb\u00e9m considera senhas, dados financeiros, perfis de redes sociais, contas, arquivos de conversas, v\u00eddeos e fotos, pontua\u00e7\u00e3o em programas de recompensa e outros bens.<\/p>\n\n\n\n<p>\u00c0&nbsp;<strong>CNN<\/strong>, o advogado e relator da comiss\u00e3o de juristas que analisou o projeto, Fl\u00e1vio Tartuce, afirmou que as leis atuais n\u00e3o contemplam o patrim\u00f4nio digital, o que pode prejudicar os direitos de sucess\u00e3o de herdeiros.<\/p>\n\n\n\n<p>\u201cHoje a gente n\u00e3o tem nada sobre esse tema [na legisla\u00e7\u00e3o]. Ent\u00e3o, pela aus\u00eancia de lei, qual \u00e9 a conclus\u00e3o do Poder Judici\u00e1rio? Que quando n\u00f3s morremos esses direitos morrem conosco. \u00c9 uma solu\u00e7\u00e3o, na minha vis\u00e3o, injusta, mas \u00e9 a solu\u00e7\u00e3o poss\u00edvel no sistema de hoje\u201d, afirmou.<\/p>\n\n\n\n<p>Pela falta de uma legisla\u00e7\u00e3o, Tartuce afirmou ser \u201curgente\u201d a necessidade de atualizar a legisla\u00e7\u00e3o para contemplar os direitos no mundo digital.<\/p>\n\n\n\n<p>\u201cQuanto de dinheiro, de capital, n\u00f3s perdemos pela aus\u00eancia de previs\u00e3o a respeito desse tema? \u00c9 urgente n\u00f3s tratarmos desse patrim\u00f4nio digital, da heran\u00e7a digital, e a transmiss\u00e3o aos herdeiros e at\u00e9 a possibilidade transmiss\u00e3o por vendo em vida\u201d, disse.<\/p>\n\n\n\n<p>Pelo texto apresentado no Senado, em caso de morte, as mensagens privadas armazenadas em ambiente virtual n\u00e3o poder\u00e3o ser acessadas pelos herdeiros \u2013 a n\u00e3o ser que haja orienta\u00e7\u00e3o pr\u00e9via do autor da heran\u00e7a. Para o acesso, o projeto estabelece a autoriza\u00e7\u00e3o judicial e a comprova\u00e7\u00e3o da necessidade.<\/p>\n\n\n\n<p>A proposta que reformula regras do C\u00f3digo Civil foi elaborada por uma comiss\u00e3o de juristas. O colegiado foi criado pelo ent\u00e3o presidente do Senado, Rodrigo Pacheco (PSD-MG), em agosto de 2023. O projeto de lei da reforma foi oficialmente apresentado pelo senador em janeiro deste ano. O texto ainda aguarda um despacho da Presid\u00eancia da Casa para avan\u00e7ar.<\/p>\n\n\n\n<h2 class=\"wp-block-heading\">Direitos de c\u00f4njuges<\/h2>\n\n\n\n<p>O projeto do Novo C\u00f3digo Civil prop\u00f5e altera\u00e7\u00f5es na ordem de voca\u00e7\u00e3o heredit\u00e1ria. Na pr\u00e1tica, c\u00f4njuges e companheiros perdem o direito de receber heran\u00e7a como \u201cherdeiros necess\u00e1rios\u201d, que passam a ser considerados apenas os pais e filhos (ascendentes e descendentes).<\/p>\n\n\n\n<p>Apesar disso, os c\u00f4njuges e conviventes continuam previstos na ordem de sucess\u00e3o leg\u00edtima heredit\u00e1ria. Est\u00e3o em terceiro lugar, depois dos descendentes e ascendentes.<\/p>\n\n\n\n<p>Outra mudan\u00e7a prevista no projeto \u00e9 o fim do direito de heran\u00e7a de c\u00f4njuges aos chamados bens particulares \u2013 que a outra parte da rela\u00e7\u00e3o tinha antes do casamento ou uni\u00e3o est\u00e1vel.<\/p>\n\n\n\n<p>Para a advogada e vice-presidente do Instituto Brasileiro de Direito de Fam\u00edlia, Maria Berenice Dias, a mudan\u00e7a \u00e9 positiva. \u00c0&nbsp;<strong>CNN<\/strong>, ela afirmou que a legisla\u00e7\u00e3o atual permite o que chamou de \u201cenriquecimento sem causa\u201d.<\/p>\n","protected":false},"excerpt":{"rendered":"<p>Proposta retira c\u00f4njuges da lista de herdeiros necess\u00e1rios; texto est\u00e1 em an\u00e1lise no Senado 19\/04\/2025 \u00e0s 03:55 Emilly BehnkeRebeca Borgesda [&hellip;]<\/p>\n","protected":false},"author":1,"featured_media":0,"comment_status":"closed","ping_status":"","sticky":false,"template":"","format":"image","meta":{"site-sidebar-layout":"default","site-content-layout":"","ast-site-content-layout":"default","site-content-style":"default","site-sidebar-style":"default","ast-global-header-display":"","ast-banner-title-visibility":"","ast-main-header-display":"","ast-hfb-above-header-display":"","ast-hfb-below-header-display":"","ast-hfb-mobile-header-display":"","site-post-title":"","ast-breadcrumbs-content":"","ast-featured-img":"","footer-sml-layout":"","ast-disable-related-posts":"","theme-transparent-header-meta":"","adv-header-id-meta":"","stick-header-meta":"","header-above-stick-meta":"","header-main-stick-meta":"","header-below-stick-meta":"","astra-migrate-meta-layouts":"default","ast-page-background-enabled":"default","ast-page-background-meta":{"desktop":{"background-color":"var(--ast-global-color-4)","background-image":"","background-repeat":"repeat","background-position":"center center","background-size":"auto","background-attachment":"scroll","background-type":"","background-media":"","overlay-type":"","overlay-color":"","overlay-opacity":"","overlay-gradient":""},"tablet":{"background-color":"","background-image":"","background-repeat":"repeat","background-position":"center center","background-size":"auto","background-attachment":"scroll","background-type":"","background-media":"","overlay-type":"","overlay-color":"","overlay-opacity":"","overlay-gradient":""},"mobile":{"background-color":"","background-image":"","background-repeat":"repeat","background-position":"center center","background-size":"auto","background-attachment":"scroll","background-type":"","background-media":"","overlay-type":"","overlay-color":"","overlay-opacity":"","overlay-gradient":""}},"ast-content-background-meta":{"desktop":{"background-color":"var(--ast-global-color-5)","background-image":"","background-repeat":"repeat","background-position":"center center","background-size":"auto","background-attachment":"scroll","background-type":"","background-media":"","overlay-type":"","overlay-color":"","overlay-opacity":"","overlay-gradient":""},"tablet":{"background-color":"var(--ast-global-color-5)","background-image":"","background-repeat":"repeat","background-position":"center center","background-size":"auto","background-attachment":"scroll","background-type":"","background-media":"","overlay-type":"","overlay-color":"","overlay-opacity":"","overlay-gradient":""},"mobile":{"background-color":"var(--ast-global-color-5)","background-image":"","background-repeat":"repeat","background-position":"center center","background-size":"auto","background-attachment":"scroll","background-type":"","background-media":"","overlay-type":"","overlay-color":"","overlay-opacity":"","overlay-gradient":""}},"footnotes":""},"categories":[3818],"tags":[],"class_list":["post-27857","post","type-post","status-publish","format-image","hentry","category-geral","post_format-post-format-image"],"_links":{"self":[{"href":"https:\/\/noticiasnoface.com.br\/index.php\/wp-json\/wp\/v2\/posts\/27857","targetHints":{"allow":["GET"]}}],"collection":[{"href":"https:\/\/noticiasnoface.com.br\/index.php\/wp-json\/wp\/v2\/posts"}],"about":[{"href":"https:\/\/noticiasnoface.com.br\/index.php\/wp-json\/wp\/v2\/types\/post"}],"author":[{"embeddable":true,"href":"https:\/\/noticiasnoface.com.br\/index.php\/wp-json\/wp\/v2\/users\/1"}],"replies":[{"embeddable":true,"href":"https:\/\/noticiasnoface.com.br\/index.php\/wp-json\/wp\/v2\/comments?post=27857"}],"version-history":[{"count":2,"href":"https:\/\/noticiasnoface.com.br\/index.php\/wp-json\/wp\/v2\/posts\/27857\/revisions"}],"predecessor-version":[{"id":27859,"href":"https:\/\/noticiasnoface.com.br\/index.php\/wp-json\/wp\/v2\/posts\/27857\/revisions\/27859"}],"wp:attachment":[{"href":"https:\/\/noticiasnoface.com.br\/index.php\/wp-json\/wp\/v2\/media?parent=27857"}],"wp:term":[{"taxonomy":"category","embeddable":true,"href":"https:\/\/noticiasnoface.com.br\/index.php\/wp-json\/wp\/v2\/categories?post=27857"},{"taxonomy":"post_tag","embeddable":true,"href":"https:\/\/noticiasnoface.com.br\/index.php\/wp-json\/wp\/v2\/tags?post=27857"}],"curies":[{"name":"wp","href":"https:\/\/api.w.org\/{rel}","templated":true}]}}