{"id":27864,"date":"2025-04-20T14:14:18","date_gmt":"2025-04-20T17:14:18","guid":{"rendered":"https:\/\/noticiasnoface.com.br\/?p=27864"},"modified":"2025-04-20T14:14:18","modified_gmt":"2025-04-20T17:14:18","slug":"bolsonaro-tem-alteracao-na-pressao-arterial-e-segue-internado-em-uti","status":"publish","type":"post","link":"https:\/\/noticiasnoface.com.br\/index.php\/2025\/04\/20\/bolsonaro-tem-alteracao-na-pressao-arterial-e-segue-internado-em-uti\/","title":{"rendered":"Bolsonaro tem altera\u00e7\u00e3o na press\u00e3o arterial e segue internado em UTI"},"content":{"rendered":"\n<figure class=\"wp-block-image\"><img data-opt-id=338227040  fetchpriority=\"high\" decoding=\"async\" src=\"https:\/\/img.nsctotal.com.br\/wp-content\/uploads\/2025\/04\/Bolsonaro-5-944x531.jpg\" alt=\"Michelle Bolsonaro postou uma foto no in\u00edcio da tarde desta segunda-feira de Bolsonaro p\u00f3s cirurgia (Foto: Michelle Bolsonaro, Reprodu\u00e7\u00e3o)\"\/><\/figure>\n\n\n\n<!--more-->\n\n\n\n<p>O ex-presidente Jair Bolsonaro (PL) teve um epis\u00f3dio de altera\u00e7\u00e3o da press\u00e3o arterial, j\u00e1 normalizado, de acordo com um boletim m\u00e9dico divulgado neste s\u00e1bado (19). Ele permanece<strong><a href=\"https:\/\/www.nsctotal.com.br\/noticias\/bolsonaro-tem-pos-operatorio-delicado-e-segue-sem-previsao-de-alta-diz-equipe-medica\" target=\"_blank\" rel=\"noreferrer noopener\">internado na Unidade de Terapia Intensiva (UTI)<\/a>&nbsp;<\/strong>do Hospital DF Star, em Bras\u00edlia.<\/p>\n\n\n\n<p>Continua depois da publicidade<\/p>\n\n\n\n<p><strong><a href=\"https:\/\/whatsapp.com\/channel\/0029Vakc8hCIt5rr0Dsfg101\" target=\"_blank\" rel=\"noreferrer noopener\">Clique aqui para receber as not\u00edcias do NSC Total pelo&nbsp;Canal&nbsp;do&nbsp;WhatsApp<\/a><\/strong><\/p>\n\n\n\n<p>\u201cDevido a ainda n\u00e3o apresentar movimentos intestinais efetivos, segue em jejum oral e com nutri\u00e7\u00e3o parenteral exclusiva. Hoje, a programa\u00e7\u00e3o \u00e9 de intensificar fisioterapia motora e medidas de reabilita\u00e7\u00e3o. Persiste a recomenda\u00e7\u00e3o de n\u00e3o receber visitas e n\u00e3o h\u00e1 previs\u00e3o de alta da UTI\u201d, diz o boletim.<\/p>\n\n\n\n<p>Bolsonaro foi submetido a uma cirurgia no \u00faltimo domingo (13) para tratar obstru\u00e7\u00e3o intestinal. O procedimento, que durou cerca de 12 horas, teve como objetivo a remo\u00e7\u00e3o de ader\u00eancias intestinais \u2014 conhecidas como bridas \u2014 e a reconstru\u00e7\u00e3o de parte da parede abdominal. Essas altera\u00e7\u00f5es s\u00e3o comuns em pacientes que passaram por cirurgias abdominais anteriores e podem causar dor, obstru\u00e7\u00f5es e outros sintomas.<\/p>\n\n\n\n<p><\/p>\n","protected":false},"excerpt":{"rendered":"","protected":false},"author":1,"featured_media":0,"comment_status":"closed","ping_status":"","sticky":false,"template":"","format":"image","meta":{"site-sidebar-layout":"default","site-content-layout":"","ast-site-content-layout":"default","site-content-style":"default","site-sidebar-style":"default","ast-global-header-display":"","ast-banner-title-visibility":"","ast-main-header-display":"","ast-hfb-above-header-display":"","ast-hfb-below-header-display":"","ast-hfb-mobile-header-display":"","site-post-title":"","ast-breadcrumbs-content":"","ast-featured-img":"","footer-sml-layout":"","ast-disable-related-posts":"","theme-transparent-header-meta":"","adv-header-id-meta":"","stick-header-meta":"","header-above-stick-meta":"","header-main-stick-meta":"","header-below-stick-meta":"","astra-migrate-meta-layouts":"default","ast-page-background-enabled":"default","ast-page-background-meta":{"desktop":{"background-color":"var(--ast-global-color-4)","background-image":"","background-repeat":"repeat","background-position":"center center","background-size":"auto","background-attachment":"scroll","background-type":"","background-media":"","overlay-type":"","overlay-color":"","overlay-opacity":"","overlay-gradient":""},"tablet":{"background-color":"","background-image":"","background-repeat":"repeat","background-position":"center center","background-size":"auto","background-attachment":"scroll","background-type":"","background-media":"","overlay-type":"","overlay-color":"","overlay-opacity":"","overlay-gradient":""},"mobile":{"background-color":"","background-image":"","background-repeat":"repeat","background-position":"center center","background-size":"auto","background-attachment":"scroll","background-type":"","background-media":"","overlay-type":"","overlay-color":"","overlay-opacity":"","overlay-gradient":""}},"ast-content-background-meta":{"desktop":{"background-color":"var(--ast-global-color-5)","background-image":"","background-repeat":"repeat","background-position":"center center","background-size":"auto","background-attachment":"scroll","background-type":"","background-media":"","overlay-type":"","overlay-color":"","overlay-opacity":"","overlay-gradient":""},"tablet":{"background-color":"var(--ast-global-color-5)","background-image":"","background-repeat":"repeat","background-position":"center center","background-size":"auto","background-attachment":"scroll","background-type":"","background-media":"","overlay-type":"","overlay-color":"","overlay-opacity":"","overlay-gradient":""},"mobile":{"background-color":"var(--ast-global-color-5)","background-image":"","background-repeat":"repeat","background-position":"center center","background-size":"auto","background-attachment":"scroll","background-type":"","background-media":"","overlay-type":"","overlay-color":"","overlay-opacity":"","overlay-gradient":""}},"footnotes":""},"categories":[3818],"tags":[],"class_list":["post-27864","post","type-post","status-publish","format-image","hentry","category-geral","post_format-post-format-image"],"_links":{"self":[{"href":"https:\/\/noticiasnoface.com.br\/index.php\/wp-json\/wp\/v2\/posts\/27864","targetHints":{"allow":["GET"]}}],"collection":[{"href":"https:\/\/noticiasnoface.com.br\/index.php\/wp-json\/wp\/v2\/posts"}],"about":[{"href":"https:\/\/noticiasnoface.com.br\/index.php\/wp-json\/wp\/v2\/types\/post"}],"author":[{"embeddable":true,"href":"https:\/\/noticiasnoface.com.br\/index.php\/wp-json\/wp\/v2\/users\/1"}],"replies":[{"embeddable":true,"href":"https:\/\/noticiasnoface.com.br\/index.php\/wp-json\/wp\/v2\/comments?post=27864"}],"version-history":[{"count":1,"href":"https:\/\/noticiasnoface.com.br\/index.php\/wp-json\/wp\/v2\/posts\/27864\/revisions"}],"predecessor-version":[{"id":27865,"href":"https:\/\/noticiasnoface.com.br\/index.php\/wp-json\/wp\/v2\/posts\/27864\/revisions\/27865"}],"wp:attachment":[{"href":"https:\/\/noticiasnoface.com.br\/index.php\/wp-json\/wp\/v2\/media?parent=27864"}],"wp:term":[{"taxonomy":"category","embeddable":true,"href":"https:\/\/noticiasnoface.com.br\/index.php\/wp-json\/wp\/v2\/categories?post=27864"},{"taxonomy":"post_tag","embeddable":true,"href":"https:\/\/noticiasnoface.com.br\/index.php\/wp-json\/wp\/v2\/tags?post=27864"}],"curies":[{"name":"wp","href":"https:\/\/api.w.org\/{rel}","templated":true}]}}