{"id":27868,"date":"2025-04-21T08:44:57","date_gmt":"2025-04-21T11:44:57","guid":{"rendered":"https:\/\/noticiasnoface.com.br\/?p=27868"},"modified":"2025-04-21T08:44:57","modified_gmt":"2025-04-21T11:44:57","slug":"venda-de-chocolates-na-pascoa-registra-primeira-queda-desde-2021-no-brasil","status":"publish","type":"post","link":"https:\/\/noticiasnoface.com.br\/index.php\/2025\/04\/21\/venda-de-chocolates-na-pascoa-registra-primeira-queda-desde-2021-no-brasil\/","title":{"rendered":"Venda de chocolates na P\u00e1scoa registra primeira queda desde 2021 no Brasil"},"content":{"rendered":"\n<figure class=\"wp-block-image\"><img data-opt-id=844274149  fetchpriority=\"high\" decoding=\"async\" src=\"https:\/\/diariodobrasilnoticias.com.br\/komunixmnt\/noticias\/2025\/04\/21\/big-64700af59b61c9ceeb79d944c3f335e2f560b95fac385f4f6365abaa97ba8c0d2ec7cc3076f1e1620df1feb07d3551dfefcbafc5ae0eeab31ad370791816609a1745230385.jpg\" alt=\"Foto: Cris Faga\/NurPhoto\/Getty Images\" title=\"Foto: Cris Faga\/NurPhoto\/Getty Images\"\/><\/figure>\n\n\n\n<!--more-->\n\n\n\n<p>Foto: Cris Faga\/NurPhoto\/Getty Images<\/p>\n\n\n\n<p>As vendas de chocolates sazonais nesta P\u00e1scoa ca\u00edram 12% no Brasil em rela\u00e7\u00e3o a 2024, segundo proje\u00e7\u00e3o da consultoria Euromonitor International, divulgada pela Folha de S.Paulo. A estimativa aponta a comercializa\u00e7\u00e3o de 7,3 mil toneladas em 2025, contra 8,3 mil toneladas no ano passado. Essa \u00e9 a primeira queda desde 2021, per\u00edodo marcado pelo auge da pandemia da covid.<\/p>\n\n\n\n<p>A P\u00e1scoa \u00e9 respons\u00e1vel por at\u00e9 70% das vendas de chocolates sazonais \u2014 como ovos, coelhos e produtos com embalagens tem\u00e1ticas. A retra\u00e7\u00e3o acontece em meio \u00e0 disparada no pre\u00e7o do cacau no mercado internacional, o que elevou em 21,7% os pre\u00e7os de barras e bombons no pa\u00eds nos \u00faltimos 12 meses at\u00e9 mar\u00e7o, segundo o IBGE.<\/p>\n\n\n\n<p><strong>Ind\u00fastria reduz produ\u00e7\u00e3o e aposta em variedade<\/strong><\/p>\n\n\n\n<p>Diante do aumento dos custos, a ind\u00fastria de chocolates reduziu em 22,5% a produ\u00e7\u00e3o de ovos de P\u00e1scoa, totalizando 45 milh\u00f5es de unidades em 2025. Isso porque o formato tradicional exige mais mat\u00e9ria-prima e uma log\u00edstica mais complexa, incluindo transporte refrigerado. Como alternativa, cresce a oferta de ovos recheados com doces e biscoitos, que agregam valor e ajudam a conter custos.<\/p>\n\n\n\n<p>Segundo a Associa\u00e7\u00e3o Brasileira da Ind\u00fastria de Chocolates, Cacau, Amendoim, Balas e Derivados (Abicab), o n\u00famero de produtos dispon\u00edveis para a P\u00e1scoa aumentou de 611 para 803 neste ano. A variedade inclui bombons, mini coelhos e barras, que t\u00eam ganhado espa\u00e7o como op\u00e7\u00f5es de presente.<\/p>\n\n\n\n<p><strong>Consumo total de chocolate cresce, mas com novos h\u00e1bitos<\/strong><\/p>\n\n\n\n<p>Apesar da queda nas vendas sazonais, o consumo total de chocolate no Brasil deve crescer. A Euromonitor projeta um volume de 385 mil toneladas em 2025, alta de 3% em rela\u00e7\u00e3o ao ano anterior. Em valores, o mercado deve movimentar R$ 36,7 bilh\u00f5es, um crescimento expressivo de 26% na compara\u00e7\u00e3o com 2024.<\/p>\n\n\n\n<p>O Brasil segue como o quinto maior mercado consumidor de chocolates no mundo, atr\u00e1s apenas de Estados Unidos, R\u00fassia, Alemanha e Reino Unido. O pa\u00eds tamb\u00e9m figura entre os dez principais mercados da Ferrero, dona da Nutella e l\u00edder em vendas na Europa.<\/p>\n\n\n\n<p><strong>Novas estrat\u00e9gias de marketing e pre\u00e7os parcelados<\/strong><\/p>\n\n\n\n<p>Diante do cen\u00e1rio econ\u00f4mico desafiador, marcas e varejistas investiram em campanhas e alternativas para atrair consumidores com or\u00e7amento mais apertado. A Hershey\u2019s e a Ferrero, por exemplo, destacaram barras de chocolate com apelo \u201cpresente\u00e1vel\u201d, enquanto redes como Carrefour e Americanas passaram a oferecer parcelamento em at\u00e9 10 vezes.<\/p>\n\n\n\n<p>A Ferrero apostou em formatos variados: lan\u00e7ou tabletes de 90g por R$ 25, enquanto um Kinder Ovo de 100g chegou a R$ 79. Outra aposta foi o \u201cCoelho Kinder\u201d, com tr\u00eas miniaturas de 15g por R$ 23. A linha Ferrero Rocher manteve seu espa\u00e7o com caixas de bombons variando entre R$ 11 e R$ 86.<\/p>\n\n\n\n<p><strong>Bombons lideram vendas no varejo<\/strong><\/p>\n\n\n\n<p>Segundo dados da Scanntech, plataforma que monitora o varejo alimentar, a diversifica\u00e7\u00e3o de produtos tem como objetivo reduzir o custo das compras de P\u00e1scoa. Na semana do feriado em 2024, os bombons representaram 52% das vendas.<\/p>\n\n\n\n<p>Os tabletes empataram com os ovos, ambos com cerca de 18% de participa\u00e7\u00e3o. Em 2025, duas semanas antes da P\u00e1scoa, os bombons j\u00e1 respondiam por 44% das vendas, os tabletes por 31% e os ovos representavam apenas 1,4%.<\/p>\n\n\n\n<p><strong>Revista Oeste<\/strong><\/p>\n","protected":false},"excerpt":{"rendered":"","protected":false},"author":1,"featured_media":0,"comment_status":"closed","ping_status":"","sticky":false,"template":"","format":"image","meta":{"site-sidebar-layout":"default","site-content-layout":"","ast-site-content-layout":"default","site-content-style":"default","site-sidebar-style":"default","ast-global-header-display":"","ast-banner-title-visibility":"","ast-main-header-display":"","ast-hfb-above-header-display":"","ast-hfb-below-header-display":"","ast-hfb-mobile-header-display":"","site-post-title":"","ast-breadcrumbs-content":"","ast-featured-img":"","footer-sml-layout":"","ast-disable-related-posts":"","theme-transparent-header-meta":"","adv-header-id-meta":"","stick-header-meta":"","header-above-stick-meta":"","header-main-stick-meta":"","header-below-stick-meta":"","astra-migrate-meta-layouts":"default","ast-page-background-enabled":"default","ast-page-background-meta":{"desktop":{"background-color":"var(--ast-global-color-4)","background-image":"","background-repeat":"repeat","background-position":"center center","background-size":"auto","background-attachment":"scroll","background-type":"","background-media":"","overlay-type":"","overlay-color":"","overlay-opacity":"","overlay-gradient":""},"tablet":{"background-color":"","background-image":"","background-repeat":"repeat","background-position":"center center","background-size":"auto","background-attachment":"scroll","background-type":"","background-media":"","overlay-type":"","overlay-color":"","overlay-opacity":"","overlay-gradient":""},"mobile":{"background-color":"","background-image":"","background-repeat":"repeat","background-position":"center center","background-size":"auto","background-attachment":"scroll","background-type":"","background-media":"","overlay-type":"","overlay-color":"","overlay-opacity":"","overlay-gradient":""}},"ast-content-background-meta":{"desktop":{"background-color":"var(--ast-global-color-5)","background-image":"","background-repeat":"repeat","background-position":"center center","background-size":"auto","background-attachment":"scroll","background-type":"","background-media":"","overlay-type":"","overlay-color":"","overlay-opacity":"","overlay-gradient":""},"tablet":{"background-color":"var(--ast-global-color-5)","background-image":"","background-repeat":"repeat","background-position":"center center","background-size":"auto","background-attachment":"scroll","background-type":"","background-media":"","overlay-type":"","overlay-color":"","overlay-opacity":"","overlay-gradient":""},"mobile":{"background-color":"var(--ast-global-color-5)","background-image":"","background-repeat":"repeat","background-position":"center center","background-size":"auto","background-attachment":"scroll","background-type":"","background-media":"","overlay-type":"","overlay-color":"","overlay-opacity":"","overlay-gradient":""}},"footnotes":""},"categories":[3818],"tags":[],"class_list":["post-27868","post","type-post","status-publish","format-image","hentry","category-geral","post_format-post-format-image"],"_links":{"self":[{"href":"https:\/\/noticiasnoface.com.br\/index.php\/wp-json\/wp\/v2\/posts\/27868","targetHints":{"allow":["GET"]}}],"collection":[{"href":"https:\/\/noticiasnoface.com.br\/index.php\/wp-json\/wp\/v2\/posts"}],"about":[{"href":"https:\/\/noticiasnoface.com.br\/index.php\/wp-json\/wp\/v2\/types\/post"}],"author":[{"embeddable":true,"href":"https:\/\/noticiasnoface.com.br\/index.php\/wp-json\/wp\/v2\/users\/1"}],"replies":[{"embeddable":true,"href":"https:\/\/noticiasnoface.com.br\/index.php\/wp-json\/wp\/v2\/comments?post=27868"}],"version-history":[{"count":1,"href":"https:\/\/noticiasnoface.com.br\/index.php\/wp-json\/wp\/v2\/posts\/27868\/revisions"}],"predecessor-version":[{"id":27869,"href":"https:\/\/noticiasnoface.com.br\/index.php\/wp-json\/wp\/v2\/posts\/27868\/revisions\/27869"}],"wp:attachment":[{"href":"https:\/\/noticiasnoface.com.br\/index.php\/wp-json\/wp\/v2\/media?parent=27868"}],"wp:term":[{"taxonomy":"category","embeddable":true,"href":"https:\/\/noticiasnoface.com.br\/index.php\/wp-json\/wp\/v2\/categories?post=27868"},{"taxonomy":"post_tag","embeddable":true,"href":"https:\/\/noticiasnoface.com.br\/index.php\/wp-json\/wp\/v2\/tags?post=27868"}],"curies":[{"name":"wp","href":"https:\/\/api.w.org\/{rel}","templated":true}]}}