{"id":27870,"date":"2025-04-21T11:00:59","date_gmt":"2025-04-21T14:00:59","guid":{"rendered":"https:\/\/noticiasnoface.com.br\/?p=27870"},"modified":"2025-04-21T11:02:36","modified_gmt":"2025-04-21T14:02:36","slug":"quem-sera-o-novo-papa-conheca-os-possiveis-sucessores-de-francisco","status":"publish","type":"post","link":"https:\/\/noticiasnoface.com.br\/index.php\/2025\/04\/21\/quem-sera-o-novo-papa-conheca-os-possiveis-sucessores-de-francisco\/","title":{"rendered":"Quem ser\u00e1 o novo papa? Conhe\u00e7a os poss\u00edveis sucessores de Francisco"},"content":{"rendered":"\n<h2 class=\"wp-block-heading subhead\"><\/h2>\n\n\n\n<p><\/p>\n\n\n\n<figure class=\"wp-block-image\"><img data-opt-id=2105199847  fetchpriority=\"high\" decoding=\"async\" src=\"https:\/\/fly.metroimg.com\/upload\/q_85,w_700\/https:\/\/uploads.metroimg.com\/wp-content\/uploads\/2016\/09\/02135432\/roma-vaticano-c%C3%BApula-bas%C3%ADlica-s%C3%A3o-pedro.jpg\" alt=\"roma vaticano c\u00fapula bas\u00edlica s\u00e3o pedro\"\/><\/figure>\n\n\n\n<p>Com a morte do papa, a Igreja Cat\u00f3lica tem de 15 a 20 dias para organizar o conclave. Entenda como funciona o processo<\/p>\n\n\n\n<p>Com a morte do&nbsp;<a href=\"https:\/\/www.metropoles.com\/tag\/papa-francisco\" target=\"_blank\" rel=\"noreferrer noopener\">papa Francisco<\/a>, na madrugada desta segunda-feira (21\/4), o Vaticano e a Igreja Cat\u00f3lica j\u00e1 observam o crescimento das apostas sobre quem poder\u00e1 ser o pr\u00f3ximo l\u00edder da Santa S\u00e9. Entre os favoritos, figuram nomes de diferentes partes do mundo.<\/p>\n\n\n\n<p>Antes de mais nada, \u00e9 importante explicar como funciona o processo: com a&nbsp;<a href=\"https:\/\/www.metropoles.com\/mundo\/papa-segue-em-estado-critico-e-agora-tem-insuficiencia-renal-leve\" target=\"_blank\" rel=\"noreferrer noopener\">morte de Francisco<\/a>, a escolha do novo l\u00edder da Igreja ocorre por meio de um conclave, no qual apenas cardeais com menos de 80 anos t\u00eam direito a voto. O processo, no entanto, \u00e9 secreto e pode exigir v\u00e1rias rodadas de vota\u00e7\u00e3o at\u00e9 que um candidato obtenha dois ter\u00e7os dos votos.<\/p>\n\n\n\n<p>Francisco, por exemplo, foi escolhido em mar\u00e7o de 2013 por 116 dos 120 cardeais ap\u00f3s a ren\u00fancia de Bento XVI no m\u00eas anterior. Com a morte do pont\u00edfice, a Igreja tem de 15 a 20 dias para organizar o conclave \u2014 termo que vem do latim&nbsp;<em>cum clavis<\/em>, que significa \u201ccom chave\u201d, referindo-se ao isolamento dos cardeais durante a escolha do novo papa.<\/p>\n\n\n\n<figure class=\"wp-block-image\"><img data-opt-id=1429558330  fetchpriority=\"high\" decoding=\"async\" src=\"https:\/\/fly.metroimg.com\/upload\/q_85,w_180\/https:\/\/uploads.metroimg.com\/wp-content\/uploads\/2025\/04\/13082528\/foto-papa-francisco-domingo-de-ramos-2025.jpg\" alt=\"Papa Francisco participa de missa de Domingo de Ramos, no Vaticano, ap\u00f3s ficar internado\" title=\"Papa Francisco participa de missa de Domingo de Ramos, no Vaticano, ap\u00f3s ficar internado\"\/><\/figure>\n\n\n\n<p>16 imagens<\/p>\n\n\n\n<h4 class=\"wp-block-heading\">Quem s\u00e3o os favoritos?<\/h4>\n\n\n\n<p>Os principais candidatos ao papado v\u00eam de diferentes continentes. Entre os mais cotados est\u00e1 o italiano Matteo Zuppi, arcebispo de Bolonha e presidente da Confer\u00eancia Episcopal Italiana. Pr\u00f3ximo a Francisco, Zuppi tem se destacado como enviado papal em negocia\u00e7\u00f5es de paz.<\/p>\n\n\n\n<figure class=\"wp-block-image\"><img data-opt-id=1667782796  data-opt-src=\"https:\/\/fly.metroimg.com\/upload\/q_85,w_180\/https:\/\/uploads.metroimg.com\/wp-content\/uploads\/2025\/04\/21091540\/filipino-Luis-Antonio-Tagle-arcebispo-de-Manila.jpg\"  decoding=\"async\" src=\"data:image/svg+xml,%3Csvg%20viewBox%3D%220%200%20100%%20100%%22%20width%3D%22100%%22%20height%3D%22100%%22%20xmlns%3D%22http%3A%2F%2Fwww.w3.org%2F2000%2Fsvg%22%3E%3Crect%20width%3D%22100%%22%20height%3D%22100%%22%20fill%3D%22transparent%22%2F%3E%3C%2Fsvg%3E\" alt=\"Filipino Luis Antonio Tagle, arcebispo de Manila\" title=\"Filipino Luis Antonio Tagle, arcebispo de Manila\"\/><\/figure>\n\n\n\n<p>7 imagens<\/p>\n\n\n\n<p>Outro nome forte \u00e9 o filipino Luis Antonio Tagle, arcebispo de Manila. Popular e considerado um continuador das reformas de Francisco, ele \u00e9 visto como uma op\u00e7\u00e3o para fortalecer a presen\u00e7a da Igreja na \u00c1sia.<\/p>\n\n\n\n<p>O cardeal gan\u00eas Peter Turkson tamb\u00e9m aparece entre os favoritos. Com uma longa trajet\u00f3ria na C\u00faria Romana e defensor de pautas ligadas \u00e0 justi\u00e7a social, ele poderia se tornar o primeiro papa negro da hist\u00f3ria. J\u00e1 o h\u00fangaro P\u00e9ter Erd\u0151, membro do Conselho para a Economia da Santa S\u00e9, \u00e9 outro nome cogitado, embora sua candidatura dependa do cen\u00e1rio pol\u00edtico dentro do conclave.<\/p>\n\n\n\n<h4 class=\"wp-block-heading\">E os brasileiros?<\/h4>\n\n\n\n<p>A elei\u00e7\u00e3o de Francisco marcou a forte influ\u00eancia da Am\u00e9rica Latina na Igreja, tornando-o o primeiro papa latino-americano. Embora o cen\u00e1rio atual seja menos favor\u00e1vel para brasileiros, alguns nomes s\u00e3o citados como poss\u00edveis candidatos.<\/p>\n\n\n\n<p>Com a recente nomea\u00e7\u00e3o de novos cardeais, incluindo dom Jaime Spengler, arcebispo de Porto Alegre, o Brasil conta com sete eleitores no conclave. Al\u00e9m de Spengler, dom Leonardo Steiner e dom Paulo Cezar Costa t\u00eam direito a voto e podem estar entre as op\u00e7\u00f5es para o papado.<\/p>\n\n\n\n<p>Eles podem ter alguma vantagem porque Francisco moldou o Col\u00e9gio de Cardeais ao longo de seu pontificado,&nbsp;<a href=\"https:\/\/www.metropoles.com\/mundo\/papa-prepara-sucessao-com-posse-de-20-cardeais-dois-sao-brasileiros\" target=\"_blank\" rel=\"noreferrer noopener\">nomeando cerca de 80% dos eleitores que participar\u00e3o do conclave<\/a>. \u00c9 um fator que pode influenciar a escolha do pr\u00f3ximo papa.<\/p>\n","protected":false},"excerpt":{"rendered":"<p>Com a morte do papa, a Igreja Cat\u00f3lica tem de 15 a 20 dias para organizar o conclave. Entenda como [&hellip;]<\/p>\n","protected":false},"author":1,"featured_media":0,"comment_status":"closed","ping_status":"","sticky":false,"template":"","format":"image","meta":{"site-sidebar-layout":"default","site-content-layout":"","ast-site-content-layout":"default","site-content-style":"default","site-sidebar-style":"default","ast-global-header-display":"","ast-banner-title-visibility":"","ast-main-header-display":"","ast-hfb-above-header-display":"","ast-hfb-below-header-display":"","ast-hfb-mobile-header-display":"","site-post-title":"","ast-breadcrumbs-content":"","ast-featured-img":"","footer-sml-layout":"","ast-disable-related-posts":"","theme-transparent-header-meta":"","adv-header-id-meta":"","stick-header-meta":"","header-above-stick-meta":"","header-main-stick-meta":"","header-below-stick-meta":"","astra-migrate-meta-layouts":"default","ast-page-background-enabled":"default","ast-page-background-meta":{"desktop":{"background-color":"var(--ast-global-color-4)","background-image":"","background-repeat":"repeat","background-position":"center center","background-size":"auto","background-attachment":"scroll","background-type":"","background-media":"","overlay-type":"","overlay-color":"","overlay-opacity":"","overlay-gradient":""},"tablet":{"background-color":"","background-image":"","background-repeat":"repeat","background-position":"center center","background-size":"auto","background-attachment":"scroll","background-type":"","background-media":"","overlay-type":"","overlay-color":"","overlay-opacity":"","overlay-gradient":""},"mobile":{"background-color":"","background-image":"","background-repeat":"repeat","background-position":"center center","background-size":"auto","background-attachment":"scroll","background-type":"","background-media":"","overlay-type":"","overlay-color":"","overlay-opacity":"","overlay-gradient":""}},"ast-content-background-meta":{"desktop":{"background-color":"var(--ast-global-color-5)","background-image":"","background-repeat":"repeat","background-position":"center center","background-size":"auto","background-attachment":"scroll","background-type":"","background-media":"","overlay-type":"","overlay-color":"","overlay-opacity":"","overlay-gradient":""},"tablet":{"background-color":"var(--ast-global-color-5)","background-image":"","background-repeat":"repeat","background-position":"center center","background-size":"auto","background-attachment":"scroll","background-type":"","background-media":"","overlay-type":"","overlay-color":"","overlay-opacity":"","overlay-gradient":""},"mobile":{"background-color":"var(--ast-global-color-5)","background-image":"","background-repeat":"repeat","background-position":"center center","background-size":"auto","background-attachment":"scroll","background-type":"","background-media":"","overlay-type":"","overlay-color":"","overlay-opacity":"","overlay-gradient":""}},"footnotes":""},"categories":[3818],"tags":[],"class_list":["post-27870","post","type-post","status-publish","format-image","hentry","category-geral","post_format-post-format-image"],"_links":{"self":[{"href":"https:\/\/noticiasnoface.com.br\/index.php\/wp-json\/wp\/v2\/posts\/27870","targetHints":{"allow":["GET"]}}],"collection":[{"href":"https:\/\/noticiasnoface.com.br\/index.php\/wp-json\/wp\/v2\/posts"}],"about":[{"href":"https:\/\/noticiasnoface.com.br\/index.php\/wp-json\/wp\/v2\/types\/post"}],"author":[{"embeddable":true,"href":"https:\/\/noticiasnoface.com.br\/index.php\/wp-json\/wp\/v2\/users\/1"}],"replies":[{"embeddable":true,"href":"https:\/\/noticiasnoface.com.br\/index.php\/wp-json\/wp\/v2\/comments?post=27870"}],"version-history":[{"count":2,"href":"https:\/\/noticiasnoface.com.br\/index.php\/wp-json\/wp\/v2\/posts\/27870\/revisions"}],"predecessor-version":[{"id":27872,"href":"https:\/\/noticiasnoface.com.br\/index.php\/wp-json\/wp\/v2\/posts\/27870\/revisions\/27872"}],"wp:attachment":[{"href":"https:\/\/noticiasnoface.com.br\/index.php\/wp-json\/wp\/v2\/media?parent=27870"}],"wp:term":[{"taxonomy":"category","embeddable":true,"href":"https:\/\/noticiasnoface.com.br\/index.php\/wp-json\/wp\/v2\/categories?post=27870"},{"taxonomy":"post_tag","embeddable":true,"href":"https:\/\/noticiasnoface.com.br\/index.php\/wp-json\/wp\/v2\/tags?post=27870"}],"curies":[{"name":"wp","href":"https:\/\/api.w.org\/{rel}","templated":true}]}}