{"id":28339,"date":"2025-05-25T22:04:21","date_gmt":"2025-05-26T01:04:21","guid":{"rendered":"https:\/\/noticiasnoface.com.br\/?p=28339"},"modified":"2025-05-25T22:04:21","modified_gmt":"2025-05-26T01:04:21","slug":"cmn-homenageia-expoeduc-maior-congresso-educacional-do-norte-nordeste","status":"publish","type":"post","link":"https:\/\/noticiasnoface.com.br\/index.php\/2025\/05\/25\/cmn-homenageia-expoeduc-maior-congresso-educacional-do-norte-nordeste\/","title":{"rendered":"CMN homenageia Expoeduc, maior congresso educacional do Norte-Nordeste&nbsp;"},"content":{"rendered":"\n<figure class=\"wp-block-image foto-noticia\"><img data-opt-id=1007644948  fetchpriority=\"high\" decoding=\"async\" src=\"https:\/\/www.cmnat.rn.gov.br\/_ups\/noticias\/2025\/05\/23\/928f5e862b24f724a16cdc69b5863cb3.jpg\" alt=\"\"\/><\/figure>\n\n\n\n<p>A C\u00e2mara Municipal de Natal realizou, nesta quinta-feira (22), uma sess\u00e3o solene em homenagem \u00e0 Expoeduc, o maior congresso educacional do Norte-Nordeste. Proposta pelo vereador Cl\u00e1udio Cust\u00f3dio (PP), professor e presidente da Comiss\u00e3o de Educa\u00e7\u00e3o da Casa.&nbsp;<\/p>\n\n\n\n<p>A solenidade reuniu educadores, representantes institucionais e autoridades ligadas \u00e0 organiza\u00e7\u00e3o da Expoeduc, que neste ano chegar\u00e1 \u00e0 sua sexta edi\u00e7\u00e3o, com expectativa de receber sete mil pessoas por dia.<\/p>\n\n\n\n<p>Durante a sess\u00e3o solene, foram homenageadas personalidades e institui\u00e7\u00f5es que apoiam o evento, como o Sebrae, o Banco do Nordeste, a Fecom\u00e9rcio, a Unimed Natal, al\u00e9m das secretarias municipal e estadual de Educa\u00e7\u00e3o.<\/p>\n\n\n\n<p>O secret\u00e1rio municipal de Educa\u00e7\u00e3o, Aldo Fernandes, destacou o impacto do congresso na forma\u00e7\u00e3o de professores e no desenvolvimento da cidade: \u201cReceber essa homenagem neste evento t\u00e3o pujante nos honra. A Expoeduc fomenta a economia da cidade e promove uma educa\u00e7\u00e3o mais inclusiva e qualificada\u201d, afirmou.<\/p>\n\n\n\n<p>J\u00e1 a vice-prefeita Joana Guerra ressaltou o investimento do munic\u00edpio em iniciativas que valorizam os professores: \u201cHoje entregamos livros de Portugu\u00eas e Matem\u00e1tica, em parceria com o Instituto Ayrton Senna, que visam combater a evas\u00e3o escolar e reduzir a distor\u00e7\u00e3o s\u00e9rie-idade. S\u00e3o a\u00e7\u00f5es que fazem a diferen\u00e7a para termos alunos qualificados e professores valorizados\u201d,&nbsp; contou.<\/p>\n\n\n\n<p>Para Crislan Viana, idealizador e CEO da Expoeduc, a homenagem foi um momento de emo\u00e7\u00e3o e reconhecimento: \u201cTrabalhar pela educa\u00e7\u00e3o n\u00e3o \u00e9 f\u00e1cil. Muitas vezes, \u00e9 desacreditado. Mas ver esse projeto, que come\u00e7ou como um rascunho no caderno, hoje ser reconhecido pela C\u00e2mara Municipal de Natal e por todo o pa\u00eds, \u00e9 uma alegria imensa. A Expoeduc \u00e9 potiguar, \u00e9 da nossa terra\u201d, comemorou.&nbsp;<\/p>\n\n\n\n<p>O diretor da ExpoEduc, Bruno F\u00e9lix, tamb\u00e9m refor\u00e7ou a import\u00e2ncia do congresso: \u201cA ExpoEduc transforma vidas. Quando um professor se capacita, ele impacta dezenas de alunos. O evento \u00e9 constru\u00eddo com responsabilidade e tem\u00e1tico com base em estudos de conte\u00fado. E o retorno que temos dos educadores mostra que estamos no caminho certo\u201d, assegurou.<\/p>\n\n\n\n<p>Para a diretora do Col\u00e9gio Eficaz, h\u00e1 35 anos funcionando no Bom Pastor, Maria Dantas de Almeida Neta, a Expoeduc representa um momento aguardado com entusiasmo por toda a equipe pedag\u00f3gica. \u201cLevo todos os meus 60 professores, da Educa\u00e7\u00e3o Infantil ao Ensino Fundamental. \u00c9 um clima maravilhoso na escola. Eles se preparam como se fosse uma grande festa\u201d, comentou.<\/p>\n\n\n\n<p>O vereador Cl\u00e1udio Cust\u00f3dio, proponente da homenagem, destacou a relev\u00e2ncia do evento tanto para o desenvolvimento da educa\u00e7\u00e3o quanto para a autoestima da categoria docente: \u201cA comunidade de professores vive em festa no per\u00edodo da Expoeduc. Ao assumir o mandato, foi natural prestar essa justa homenagem. Natal hoje \u00e9 refer\u00eancia nacional em forma\u00e7\u00e3o de professores, e o evento \u00e9 a ponta de lan\u00e7a na mudan\u00e7a do cen\u00e1rio educacional da nossa cidade\u201d, disse.<\/p>\n\n\n\n<p>Tamb\u00e9m participaram da solenidade os vereadores Daniel Rendall, Irapo\u00e3 N\u00f3brega e Klebe Fernandes, todos do Republicanos,&nbsp; e a reitora da Unifacex, Candysse Medeiros de Figueiredo.&nbsp;<\/p>\n\n\n\n<p>Criada em 2017 pelo empres\u00e1rio Crislan Viana, a Expoeduc consolidou-se como uma das maiores iniciativas de forma\u00e7\u00e3o de professores do pa\u00eds, atraindo educadores de todo o Brasil.&nbsp;<\/p>\n\n\n\n<p>A edi\u00e7\u00e3o 2025 ser\u00e1 de 24 a 26 de julho, no Centro de Conven\u00e7\u00f5es de Natal e traz o tema \u201cOn ou Off: de que lado a escola deve estar?\u201d, discutindo os impactos das tecnologias digitais na educa\u00e7\u00e3o.<\/p>\n\n\n\n<p>A ExpoEduc 2025 dever\u00e1&nbsp; reunir gestores, professores, educadores e especialistas em uma programa\u00e7\u00e3o intensa de palestras, pain\u00e9is e atividades formativas. A entrada \u00e9 gratuita para professores da rede p\u00fablica, mediante inscri\u00e7\u00e3o pr\u00e9via.<\/p>\n\n\n\n<p>Texto: Ilana Albuquerque<br \/>Fotos: Ver\u00f4nica Macedo<\/p>\n\n\n\n<p><\/p>\n","protected":false},"excerpt":{"rendered":"<p>A C\u00e2mara Municipal de Natal realizou, nesta quinta-feira (22), uma sess\u00e3o solene em homenagem \u00e0 Expoeduc, o maior congresso educacional [&hellip;]<\/p>\n","protected":false},"author":1,"featured_media":0,"comment_status":"closed","ping_status":"","sticky":false,"template":"","format":"image","meta":{"site-sidebar-layout":"default","site-content-layout":"","ast-site-content-layout":"default","site-content-style":"default","site-sidebar-style":"default","ast-global-header-display":"","ast-banner-title-visibility":"","ast-main-header-display":"","ast-hfb-above-header-display":"","ast-hfb-below-header-display":"","ast-hfb-mobile-header-display":"","site-post-title":"","ast-breadcrumbs-content":"","ast-featured-img":"","footer-sml-layout":"","ast-disable-related-posts":"","theme-transparent-header-meta":"","adv-header-id-meta":"","stick-header-meta":"","header-above-stick-meta":"","header-main-stick-meta":"","header-below-stick-meta":"","astra-migrate-meta-layouts":"default","ast-page-background-enabled":"default","ast-page-background-meta":{"desktop":{"background-color":"var(--ast-global-color-4)","background-image":"","background-repeat":"repeat","background-position":"center center","background-size":"auto","background-attachment":"scroll","background-type":"","background-media":"","overlay-type":"","overlay-color":"","overlay-opacity":"","overlay-gradient":""},"tablet":{"background-color":"","background-image":"","background-repeat":"repeat","background-position":"center center","background-size":"auto","background-attachment":"scroll","background-type":"","background-media":"","overlay-type":"","overlay-color":"","overlay-opacity":"","overlay-gradient":""},"mobile":{"background-color":"","background-image":"","background-repeat":"repeat","background-position":"center center","background-size":"auto","background-attachment":"scroll","background-type":"","background-media":"","overlay-type":"","overlay-color":"","overlay-opacity":"","overlay-gradient":""}},"ast-content-background-meta":{"desktop":{"background-color":"var(--ast-global-color-5)","background-image":"","background-repeat":"repeat","background-position":"center center","background-size":"auto","background-attachment":"scroll","background-type":"","background-media":"","overlay-type":"","overlay-color":"","overlay-opacity":"","overlay-gradient":""},"tablet":{"background-color":"var(--ast-global-color-5)","background-image":"","background-repeat":"repeat","background-position":"center center","background-size":"auto","background-attachment":"scroll","background-type":"","background-media":"","overlay-type":"","overlay-color":"","overlay-opacity":"","overlay-gradient":""},"mobile":{"background-color":"var(--ast-global-color-5)","background-image":"","background-repeat":"repeat","background-position":"center center","background-size":"auto","background-attachment":"scroll","background-type":"","background-media":"","overlay-type":"","overlay-color":"","overlay-opacity":"","overlay-gradient":""}},"footnotes":""},"categories":[3816],"tags":[],"class_list":["post-28339","post","type-post","status-publish","format-image","hentry","category-camara-municipal-de-natal","post_format-post-format-image"],"_links":{"self":[{"href":"https:\/\/noticiasnoface.com.br\/index.php\/wp-json\/wp\/v2\/posts\/28339","targetHints":{"allow":["GET"]}}],"collection":[{"href":"https:\/\/noticiasnoface.com.br\/index.php\/wp-json\/wp\/v2\/posts"}],"about":[{"href":"https:\/\/noticiasnoface.com.br\/index.php\/wp-json\/wp\/v2\/types\/post"}],"author":[{"embeddable":true,"href":"https:\/\/noticiasnoface.com.br\/index.php\/wp-json\/wp\/v2\/users\/1"}],"replies":[{"embeddable":true,"href":"https:\/\/noticiasnoface.com.br\/index.php\/wp-json\/wp\/v2\/comments?post=28339"}],"version-history":[{"count":1,"href":"https:\/\/noticiasnoface.com.br\/index.php\/wp-json\/wp\/v2\/posts\/28339\/revisions"}],"predecessor-version":[{"id":28340,"href":"https:\/\/noticiasnoface.com.br\/index.php\/wp-json\/wp\/v2\/posts\/28339\/revisions\/28340"}],"wp:attachment":[{"href":"https:\/\/noticiasnoface.com.br\/index.php\/wp-json\/wp\/v2\/media?parent=28339"}],"wp:term":[{"taxonomy":"category","embeddable":true,"href":"https:\/\/noticiasnoface.com.br\/index.php\/wp-json\/wp\/v2\/categories?post=28339"},{"taxonomy":"post_tag","embeddable":true,"href":"https:\/\/noticiasnoface.com.br\/index.php\/wp-json\/wp\/v2\/tags?post=28339"}],"curies":[{"name":"wp","href":"https:\/\/api.w.org\/{rel}","templated":true}]}}