{"id":28347,"date":"2025-05-27T20:12:32","date_gmt":"2025-05-27T23:12:32","guid":{"rendered":"https:\/\/noticiasnoface.com.br\/?p=28347"},"modified":"2025-05-27T20:13:12","modified_gmt":"2025-05-27T23:13:12","slug":"quebra-de-concessionarias-da-byd-acende-alerta-no-setor-automotivo-da-china","status":"publish","type":"post","link":"https:\/\/noticiasnoface.com.br\/index.php\/2025\/05\/27\/quebra-de-concessionarias-da-byd-acende-alerta-no-setor-automotivo-da-china\/","title":{"rendered":"Quebra de concession\u00e1rias da BYD acende alerta no setor automotivo da China"},"content":{"rendered":"\n<p><\/p>\n\n\n\n<figure class=\"wp-block-image\"><img data-opt-id=835581421  fetchpriority=\"high\" decoding=\"async\" src=\"https:\/\/www.bloomberglinea.com\/resizer\/v2\/6UTG73FITFG5VPURVCXHHJ7TPA.jpeg?auth=a2b651d1d00eac1c6710707a7bcd9782868c0fe706ea6251b4904c690ce59c77&amp;width=400&amp;height=266&amp;quality=80&amp;smart=true\" alt=\"Concession\u00e1ria da BYD em Pequim: setor de revenda enfrenta momento desafiador com queda nas receitas (Foto: Na Bian\/Bloomberg)\"\/><figcaption class=\"wp-element-caption\">Quebras de concession\u00e1rias da BYD acendem alerta no setor automotivo da China |Concession\u00e1ria da BYD em Pequim: setor de revenda enfrenta momento desafiador com queda nas receitas (Foto: Na Bian\/Bloomberg)(Na Bian)<\/figcaption><\/figure>\n\n\n\n<p>Bloomberg \u2014 Grupos de concession\u00e1rias de autom\u00f3veis em duas prov\u00edncias da China fecharam as portas desde o m\u00eas passado, ambos varejistas da BYD, o que evidencia a dura concorr\u00eancia no mercado automotivo do pa\u00eds e que nem mesmo as vendas da marca n\u00famero 1 pode proteger as empresas de dificuldades financeiras.<\/p>\n\n\n\n<p>Os pontos de venda do Xingqi Group na prov\u00edncia de Liaoning pararam de entregar carros novos ou de prestar servi\u00e7os para mais de 60 clientes, de acordo com a Esta\u00e7\u00e3o de R\u00e1dio e Televis\u00e3o de Liaoning.&nbsp;<\/p>\n\n\n\n<p>Ao mesmo tempo, mais de 500 pessoas formaram grupos online de direitos do consumidor para exigir provid\u00eancias da Qiancheng Holdings, que operava cerca de 20 showrooms na prov\u00edncia de Shandong. Suas lojas tamb\u00e9m parecem ter sido fechadas, informou o meio de comunica\u00e7\u00e3o chin\u00eas&nbsp;<em>Autodealer<\/em>&nbsp;em 6 de maio.<\/p>\n\n\n\n<p><strong>Leia mais<\/strong>:&nbsp;<a href=\"https:\/\/www.bloomberglinea.com.br\/negocios\/portos-brasileiros-sofrem-invasao-de-carros-chineses-antes-de-aumento-de-tarifas\/\" target=\"_blank\" rel=\"noopener\">Portos brasileiros sofrem \u2018invas\u00e3o\u2019 de carros chineses antes de aumento de tarifas<\/a><\/p>\n\n\n\n<p>As concession\u00e1rias de autom\u00f3veis na China enfrentam uma mudan\u00e7a profunda provocada pela transi\u00e7\u00e3o para ve\u00edculos el\u00e9tricos e uma desacelera\u00e7\u00e3o nos gastos do consumidor que deixou os p\u00e1tios cheios de estoque.&nbsp;<\/p>\n\n\n\n<p>A maioria dos fabricantes de ve\u00edculos el\u00e9tricos agora tem um modelo direto para o consumidor, enquanto a manuten\u00e7\u00e3o reduzida exigida pelos ve\u00edculos el\u00e9tricos e h\u00edbridos tamb\u00e9m afeta os resultados das concession\u00e1rias.<\/p>\n\n\n\n<p>Os estoques em abril atingiram 3,5 milh\u00f5es de carros, o equivalente a 57 dias de vendas, o maior patamar desde dezembro de 2023, de acordo com dados compartilhados no in\u00edcio desta semana por Cui Dongshu, secret\u00e1rio-geral da Associa\u00e7\u00e3o de Carros de Passageiros da China.<\/p>\n\n\n\n<p>A Qiancheng Holdings disse que os ajustes na pol\u00edtica de concession\u00e1rias da BYD nos \u00faltimos dois anos colocaram uma enorme press\u00e3o em seu fluxo de caixa.&nbsp;<\/p>\n\n\n\n<p>E, devido \u00e0 quebra de outras concession\u00e1rias na prov\u00edncia de Shandong, os bancos locais restringiram os empr\u00e9stimos, o que aumenta a dificuldade financeira, disse o grupo em uma carta de 17 de abril que circula nas redes sociais.<\/p>\n\n\n\n<p>As liga\u00e7\u00f5es da&nbsp;<strong>Bloomberg News<\/strong>&nbsp;para a Qiancheng Holdings e o Xingqi Group n\u00e3o foram atendidas. Os representantes da BYD n\u00e3o responderam aos pedidos de coment\u00e1rios.<\/p>\n\n\n\n<p>Uma cliente de Jinan, capital de Shandong, disse \u00e0&nbsp;<strong>Bloomberg News<\/strong>&nbsp;que comprou um hatchback BYD Seagull em uma das lojas da Qiancheng em junho passado. O revendedor lhe deu assist\u00eancia t\u00e9cnica vital\u00edcia e tamb\u00e9m lhe vendeu um pacote de seguro por 10.500 yuans (US$ 1.500).&nbsp;<\/p>\n\n\n\n<p>Quando a cliente voltou ao showroom no in\u00edcio deste ano para renovar o seguro, descobriu que ele havia fechado. Ela ligou para a linha direta oficial da BYD, mas n\u00e3o recebeu nenhuma solu\u00e7\u00e3o, disse ela, que n\u00e3o quis ser identificada por motivos de privacidade.<\/p>\n\n\n\n<p>Muitas concession\u00e1rias da BYD t\u00eam excesso de estoque depois que a empresa lan\u00e7ou uma nova tecnologia avan\u00e7ada de assist\u00eancia ao motorista chamada God\u2019s Eye em fevereiro, que ser\u00e1 instalada na maioria de seus modelos.&nbsp;<\/p>\n\n\n\n<p><strong>Leia mais<\/strong>:&nbsp;<a href=\"https:\/\/www.bloomberglinea.com.br\/negocios\/byd-ultrapassa-tesla-em-vendas-de-carros-eletricos-na-europa-pela-primeira-vez\/\" target=\"_blank\" rel=\"noopener\">BYD ultrapassa Tesla em vendas de carros el\u00e9tricos na Europa pela primeira vez<\/a><\/p>\n\n\n\n<p>Isso significou que as concession\u00e1rias da BYD tiveram que se livrar rapidamente do estoque antigo. Os n\u00edveis de estoque em seus pontos de venda foram os terceiros mais altos de todas as marcas em janeiro, de acordo com uma an\u00e1lise da Associa\u00e7\u00e3o de Revendedores de Autom\u00f3veis da China.<\/p>\n\n\n\n<p>Sob press\u00e3o para vender os carros, muitas concession\u00e1rias recorreram \u00e0 redu\u00e7\u00e3o de pre\u00e7os em milhares de yuans, o que amplia a espiral de perdas financeiras.<\/p>\n\n\n\n<p>Veja mais em bloomberg.com<\/p>\n","protected":false},"excerpt":{"rendered":"<p>Bloomberg \u2014 Grupos de concession\u00e1rias de autom\u00f3veis em duas prov\u00edncias da China fecharam as portas desde o m\u00eas passado, ambos [&hellip;]<\/p>\n","protected":false},"author":1,"featured_media":0,"comment_status":"closed","ping_status":"","sticky":false,"template":"","format":"image","meta":{"site-sidebar-layout":"default","site-content-layout":"","ast-site-content-layout":"default","site-content-style":"default","site-sidebar-style":"default","ast-global-header-display":"","ast-banner-title-visibility":"","ast-main-header-display":"","ast-hfb-above-header-display":"","ast-hfb-below-header-display":"","ast-hfb-mobile-header-display":"","site-post-title":"","ast-breadcrumbs-content":"","ast-featured-img":"","footer-sml-layout":"","ast-disable-related-posts":"","theme-transparent-header-meta":"","adv-header-id-meta":"","stick-header-meta":"","header-above-stick-meta":"","header-main-stick-meta":"","header-below-stick-meta":"","astra-migrate-meta-layouts":"default","ast-page-background-enabled":"default","ast-page-background-meta":{"desktop":{"background-color":"var(--ast-global-color-4)","background-image":"","background-repeat":"repeat","background-position":"center center","background-size":"auto","background-attachment":"scroll","background-type":"","background-media":"","overlay-type":"","overlay-color":"","overlay-opacity":"","overlay-gradient":""},"tablet":{"background-color":"","background-image":"","background-repeat":"repeat","background-position":"center center","background-size":"auto","background-attachment":"scroll","background-type":"","background-media":"","overlay-type":"","overlay-color":"","overlay-opacity":"","overlay-gradient":""},"mobile":{"background-color":"","background-image":"","background-repeat":"repeat","background-position":"center center","background-size":"auto","background-attachment":"scroll","background-type":"","background-media":"","overlay-type":"","overlay-color":"","overlay-opacity":"","overlay-gradient":""}},"ast-content-background-meta":{"desktop":{"background-color":"var(--ast-global-color-5)","background-image":"","background-repeat":"repeat","background-position":"center center","background-size":"auto","background-attachment":"scroll","background-type":"","background-media":"","overlay-type":"","overlay-color":"","overlay-opacity":"","overlay-gradient":""},"tablet":{"background-color":"var(--ast-global-color-5)","background-image":"","background-repeat":"repeat","background-position":"center center","background-size":"auto","background-attachment":"scroll","background-type":"","background-media":"","overlay-type":"","overlay-color":"","overlay-opacity":"","overlay-gradient":""},"mobile":{"background-color":"var(--ast-global-color-5)","background-image":"","background-repeat":"repeat","background-position":"center center","background-size":"auto","background-attachment":"scroll","background-type":"","background-media":"","overlay-type":"","overlay-color":"","overlay-opacity":"","overlay-gradient":""}},"footnotes":""},"categories":[517],"tags":[],"class_list":["post-28347","post","type-post","status-publish","format-image","hentry","category-aconteceu","post_format-post-format-image"],"_links":{"self":[{"href":"https:\/\/noticiasnoface.com.br\/index.php\/wp-json\/wp\/v2\/posts\/28347","targetHints":{"allow":["GET"]}}],"collection":[{"href":"https:\/\/noticiasnoface.com.br\/index.php\/wp-json\/wp\/v2\/posts"}],"about":[{"href":"https:\/\/noticiasnoface.com.br\/index.php\/wp-json\/wp\/v2\/types\/post"}],"author":[{"embeddable":true,"href":"https:\/\/noticiasnoface.com.br\/index.php\/wp-json\/wp\/v2\/users\/1"}],"replies":[{"embeddable":true,"href":"https:\/\/noticiasnoface.com.br\/index.php\/wp-json\/wp\/v2\/comments?post=28347"}],"version-history":[{"count":2,"href":"https:\/\/noticiasnoface.com.br\/index.php\/wp-json\/wp\/v2\/posts\/28347\/revisions"}],"predecessor-version":[{"id":28349,"href":"https:\/\/noticiasnoface.com.br\/index.php\/wp-json\/wp\/v2\/posts\/28347\/revisions\/28349"}],"wp:attachment":[{"href":"https:\/\/noticiasnoface.com.br\/index.php\/wp-json\/wp\/v2\/media?parent=28347"}],"wp:term":[{"taxonomy":"category","embeddable":true,"href":"https:\/\/noticiasnoface.com.br\/index.php\/wp-json\/wp\/v2\/categories?post=28347"},{"taxonomy":"post_tag","embeddable":true,"href":"https:\/\/noticiasnoface.com.br\/index.php\/wp-json\/wp\/v2\/tags?post=28347"}],"curies":[{"name":"wp","href":"https:\/\/api.w.org\/{rel}","templated":true}]}}