{"id":28353,"date":"2025-05-27T22:44:31","date_gmt":"2025-05-28T01:44:31","guid":{"rendered":"https:\/\/noticiasnoface.com.br\/?p=28353"},"modified":"2025-05-27T22:44:31","modified_gmt":"2025-05-28T01:44:31","slug":"camara-de-parnamirim-celebra-dia-do-gari-em-sessao-solene","status":"publish","type":"post","link":"https:\/\/noticiasnoface.com.br\/index.php\/2025\/05\/27\/camara-de-parnamirim-celebra-dia-do-gari-em-sessao-solene\/","title":{"rendered":"C\u00e2mara de Parnamirim celebra Dia do Gari em Sess\u00e3o Solene"},"content":{"rendered":"\n<figure class=\"wp-block-image size-large\"><img data-opt-id=1763429817  fetchpriority=\"high\" decoding=\"async\" width=\"820\" height=\"1024\" src=\"https:\/\/mlbfrsat7ahr.i.optimole.com\/w:820\/h:1024\/q:mauto\/ig:avif\/https:\/\/noticiasnoface.com.br\/wp-content\/uploads\/2025\/05\/ss-damiao-calixto-1.png\" class=\"wp-image-28352\" srcset=\"https:\/\/mlbfrsat7ahr.i.optimole.com\/w:820\/h:1024\/q:mauto\/ig:avif\/https:\/\/noticiasnoface.com.br\/wp-content\/uploads\/2025\/05\/ss-damiao-calixto-1.png 820w, https:\/\/mlbfrsat7ahr.i.optimole.com\/w:240\/h:300\/q:mauto\/ig:avif\/https:\/\/noticiasnoface.com.br\/wp-content\/uploads\/2025\/05\/ss-damiao-calixto-1.png 240w, https:\/\/mlbfrsat7ahr.i.optimole.com\/w:768\/h:959\/q:mauto\/ig:avif\/https:\/\/noticiasnoface.com.br\/wp-content\/uploads\/2025\/05\/ss-damiao-calixto-1.png 768w, https:\/\/mlbfrsat7ahr.i.optimole.com\/w:864\/h:1080\/q:mauto\/ig:avif\/https:\/\/noticiasnoface.com.br\/wp-content\/uploads\/2025\/05\/ss-damiao-calixto-1.png 1081w\" sizes=\"(max-width: 820px) 100vw, 820px\" \/><\/figure>\n\n\n\n<p>Em alus\u00e3o ao Dia do Gari e com o intuito de reconhecer e homenagear os profissionais respons\u00e1veis pela limpeza urbana de Parnamirim, ser\u00e1 realizada uma Sess\u00e3o Solene para a entrega da Medalha de Honra ao M\u00e9rito Dami\u00e3o Calixto dos Santos.<\/p>\n\n\n\n<p>O evento \u00e9 uma iniciativa da vereadora R\u00e1rika Bastos e acontecer\u00e1 nesta quinta-feira, dia 29,&nbsp;\u00e0s 18h, no Plen\u00e1rio Dr. M\u00e1rio Medeiros. A solenidade contar\u00e1 com a presen\u00e7a de l\u00edderes do governo, representantes da imprensa e membros da comunidade, que est\u00e3o convidados a participar do evento e valorizar o trabalho desses profissionais.<\/p>\n\n\n\n<p><strong>Dami\u00e3o Calixto dos Santos<br \/><\/strong>Nascido em 27 de janeiro de 1940, na cidade de Picu\u00ed, no sert\u00e3o paraibano, Dami\u00e3o Calixto teve uma inf\u00e2ncia simples como a de muitas crian\u00e7as da regi\u00e3o. Em sua vida adulta, estabeleceu-se em Eduardo Gomes em 1975, onde realizou diversos trabalhos informais antes de ingressar na limpeza p\u00fablica em 1980, no antigo matadouro municipal, hoje local do Parnamirim Shopping.<\/p>\n\n\n\n<p>Reconhecido por sua dedica\u00e7\u00e3o e habilidade, Dami\u00e3o tornou-se uma figura querida pelos moradores do centro de Parnamirim. Seu legado de honestidade e comprometimento o levou a ser homenageado com a Comenda Dami\u00e3o Calixto, em reconhecimento \u00e0 sua contribui\u00e7\u00e3o como cidad\u00e3o exemplar e funcion\u00e1rio p\u00fablico. Seu falecimento em 1\u00ba de novembro de 2018 deixou saudades entre amigos, familiares e toda a comunidade.<\/p>\n\n\n\n<p><strong>Servi\u00e7o<br \/><\/strong>O qu\u00ea:&nbsp;<em>Sess\u00e3o Solene: Medalha de Honra ao M\u00e9rito Dami\u00e3o Calixto dos Santos<br \/><\/em>Quando: Quinta-feira (29),&nbsp;\u00e0s 18h<br \/>Propositora: vereadora R\u00e1rika Bastos<br \/>Onde: Plen\u00e1rio Dr. M\u00e1rio Medeiros, na sede da C\u00e2mara Municipal de Parnamirim<\/p>\n","protected":false},"excerpt":{"rendered":"<p>Em alus\u00e3o ao Dia do Gari e com o intuito de reconhecer e homenagear os profissionais respons\u00e1veis pela limpeza urbana [&hellip;]<\/p>\n","protected":false},"author":1,"featured_media":0,"comment_status":"closed","ping_status":"","sticky":false,"template":"","format":"image","meta":{"site-sidebar-layout":"default","site-content-layout":"","ast-site-content-layout":"default","site-content-style":"default","site-sidebar-style":"default","ast-global-header-display":"","ast-banner-title-visibility":"","ast-main-header-display":"","ast-hfb-above-header-display":"","ast-hfb-below-header-display":"","ast-hfb-mobile-header-display":"","site-post-title":"","ast-breadcrumbs-content":"","ast-featured-img":"","footer-sml-layout":"","ast-disable-related-posts":"","theme-transparent-header-meta":"","adv-header-id-meta":"","stick-header-meta":"","header-above-stick-meta":"","header-main-stick-meta":"","header-below-stick-meta":"","astra-migrate-meta-layouts":"default","ast-page-background-enabled":"default","ast-page-background-meta":{"desktop":{"background-color":"var(--ast-global-color-4)","background-image":"","background-repeat":"repeat","background-position":"center center","background-size":"auto","background-attachment":"scroll","background-type":"","background-media":"","overlay-type":"","overlay-color":"","overlay-opacity":"","overlay-gradient":""},"tablet":{"background-color":"","background-image":"","background-repeat":"repeat","background-position":"center center","background-size":"auto","background-attachment":"scroll","background-type":"","background-media":"","overlay-type":"","overlay-color":"","overlay-opacity":"","overlay-gradient":""},"mobile":{"background-color":"","background-image":"","background-repeat":"repeat","background-position":"center center","background-size":"auto","background-attachment":"scroll","background-type":"","background-media":"","overlay-type":"","overlay-color":"","overlay-opacity":"","overlay-gradient":""}},"ast-content-background-meta":{"desktop":{"background-color":"var(--ast-global-color-5)","background-image":"","background-repeat":"repeat","background-position":"center center","background-size":"auto","background-attachment":"scroll","background-type":"","background-media":"","overlay-type":"","overlay-color":"","overlay-opacity":"","overlay-gradient":""},"tablet":{"background-color":"var(--ast-global-color-5)","background-image":"","background-repeat":"repeat","background-position":"center center","background-size":"auto","background-attachment":"scroll","background-type":"","background-media":"","overlay-type":"","overlay-color":"","overlay-opacity":"","overlay-gradient":""},"mobile":{"background-color":"var(--ast-global-color-5)","background-image":"","background-repeat":"repeat","background-position":"center center","background-size":"auto","background-attachment":"scroll","background-type":"","background-media":"","overlay-type":"","overlay-color":"","overlay-opacity":"","overlay-gradient":""}},"footnotes":""},"categories":[3817],"tags":[],"class_list":["post-28353","post","type-post","status-publish","format-image","hentry","category-camara-municipal-de-parnamirim","post_format-post-format-image"],"_links":{"self":[{"href":"https:\/\/noticiasnoface.com.br\/index.php\/wp-json\/wp\/v2\/posts\/28353","targetHints":{"allow":["GET"]}}],"collection":[{"href":"https:\/\/noticiasnoface.com.br\/index.php\/wp-json\/wp\/v2\/posts"}],"about":[{"href":"https:\/\/noticiasnoface.com.br\/index.php\/wp-json\/wp\/v2\/types\/post"}],"author":[{"embeddable":true,"href":"https:\/\/noticiasnoface.com.br\/index.php\/wp-json\/wp\/v2\/users\/1"}],"replies":[{"embeddable":true,"href":"https:\/\/noticiasnoface.com.br\/index.php\/wp-json\/wp\/v2\/comments?post=28353"}],"version-history":[{"count":1,"href":"https:\/\/noticiasnoface.com.br\/index.php\/wp-json\/wp\/v2\/posts\/28353\/revisions"}],"predecessor-version":[{"id":28354,"href":"https:\/\/noticiasnoface.com.br\/index.php\/wp-json\/wp\/v2\/posts\/28353\/revisions\/28354"}],"wp:attachment":[{"href":"https:\/\/noticiasnoface.com.br\/index.php\/wp-json\/wp\/v2\/media?parent=28353"}],"wp:term":[{"taxonomy":"category","embeddable":true,"href":"https:\/\/noticiasnoface.com.br\/index.php\/wp-json\/wp\/v2\/categories?post=28353"},{"taxonomy":"post_tag","embeddable":true,"href":"https:\/\/noticiasnoface.com.br\/index.php\/wp-json\/wp\/v2\/tags?post=28353"}],"curies":[{"name":"wp","href":"https:\/\/api.w.org\/{rel}","templated":true}]}}