{"id":28355,"date":"2025-05-28T06:04:23","date_gmt":"2025-05-28T09:04:23","guid":{"rendered":"https:\/\/noticiasnoface.com.br\/?p=28355"},"modified":"2025-05-28T06:04:23","modified_gmt":"2025-05-28T09:04:23","slug":"frente-fria-atinge-grande-parte-do-brasil-nesta-quarta-feira-28","status":"publish","type":"post","link":"https:\/\/noticiasnoface.com.br\/index.php\/2025\/05\/28\/frente-fria-atinge-grande-parte-do-brasil-nesta-quarta-feira-28\/","title":{"rendered":"Frente fria atinge grande parte do Brasil nesta quarta-feira, 28"},"content":{"rendered":"\n<h2 class=\"wp-block-heading subhead\">Pa\u00eds enfrenta risco de tempo severo, chuvas e queda brusca de temperatura<\/h2>\n\n\n\n<p>28 maio 2025&nbsp;&#8211; 06h00<\/p>\n\n\n\n<figure class=\"wp-block-image\"><img data-opt-id=199021611  fetchpriority=\"high\" decoding=\"async\" src=\"https:\/\/medias.revistaoeste.com\/wp-content\/uploads\/2024\/09\/Frente-fria-em-Sao-Paulo-2-712x370.jpg\" alt=\"Frente fria\/frio em S\u00e3o Paulo\"\/><figcaption class=\"wp-element-caption\">A frente fria deve se espalhar pelo Brasil | Foto: Aloisio Maur\u00edcio\/Fotoarena\/Estad\u00e3o Conte\u00fado<\/figcaption><\/figure>\n\n\n\n<p>A quarta-feira, 28, ser\u00e1 marcada por uma mudan\u00e7a brusca nas condi\u00e7\u00f5es clim\u00e1ticas em grande parte do territ\u00f3rio brasileiro. O avan\u00e7o de uma frente fria intensa, acompanhada pela primeira massa de ar polar do ano, deve provocar chuvas volumosas, rajadas de vento, decl\u00ednio acentuado das temperaturas e at\u00e9 mesmo fen\u00f4menos invernais, como geada e neve.<\/p>\n\n\n\n<p>Os impactos ser\u00e3o sentidos de forma mais intensa nas regi\u00f5es Sul, Sudeste e Centro-Oeste, mas os efeitos se estendem tamb\u00e9m ao Norte do pa\u00eds, com previs\u00e3o de instabilidades em Estados como Rond\u00f4nia e Acre, de acordo com o site&nbsp;<a href=\"https:\/\/www.tempo.com\/\" target=\"_blank\" rel=\"noreferrer noopener\"><strong>Meteored<\/strong><\/a>.<\/p>\n\n\n\n<p><strong>+ Leia mais not\u00edcias de&nbsp;<a href=\"https:\/\/revistaoeste.com\/brasil\" target=\"_blank\" rel=\"noreferrer noopener\">Brasil<\/a>&nbsp;em Oeste<\/strong><\/p>\n\n\n\n<p>O Sul do Brasil enfrentar\u00e1 condi\u00e7\u00f5es meteorol\u00f3gicas extremas ao longo do dia. Um ciclone extratropical atua sobre o Rio Grande do Sul, com chuvas volumosas, ventos intensos (com rajadas de at\u00e9 150 km\/h) e a possibilidade de precipita\u00e7\u00f5es invernais, como neve nas serras ga\u00facha e catarinense.<\/p>\n\n\n\n<p>Al\u00e9m das fortes chuvas no Sul, a frente fria empurra uma massa de ar polar para o interior do Brasil e derruba as temperaturas no Centro-Oeste e no Sudeste. No Mato Grosso do Sul, Campo Grande registrar\u00e1 m\u00ednima de 11\u202f\u00b0C e m\u00e1xima de 25\u202f\u00b0C.<\/p>\n\n\n\n<h2 class=\"wp-block-heading\">Leia mais:<\/h2>\n\n\n\n<figure class=\"wp-block-image\"><img data-opt-id=568993250  fetchpriority=\"high\" decoding=\"async\" src=\"https:\/\/medias.revistaoeste.com\/wp-content\/uploads\/2025\/05\/Captura-de-Tela-2025-05-27-as-11.04.59-216x121.jpg\" alt=\"Alerta foi emitido pelo Inmet | Foto: Divulga\u00e7\u00e3o\/Inmet\"\/><\/figure>\n\n\n\n<p><a href=\"https:\/\/revistaoeste.com\/brasil\/onda-de-frio-historica-avanca-sobre-o-brasil-e-traz-risco-de-neve-e-geada-alerta-inmet\/\" target=\"_blank\" rel=\"noopener\">Onda de frio hist\u00f3rica avan\u00e7a sobre o Brasil e traz risco de neve e geada, alerta Inmet&nbsp;<\/a><\/p>\n\n\n\n<figure class=\"wp-block-image\"><img data-opt-id=1865122962  data-opt-src=\"https:\/\/medias.revistaoeste.com\/wp-content\/uploads\/2025\/05\/Sul-Frio-216x121.jpeg\"  decoding=\"async\" src=\"data:image/svg+xml,%3Csvg%20viewBox%3D%220%200%20216%20121%22%20width%3D%22216%22%20height%3D%22121%22%20xmlns%3D%22http%3A%2F%2Fwww.w3.org%2F2000%2Fsvg%22%3E%3Crect%20width%3D%22216%22%20height%3D%22121%22%20fill%3D%22transparent%22%2F%3E%3C%2Fsvg%3E\" alt=\"Urupema, em Santa Catarina: risco de neve em uma das cidades mais frias do Brasil | Foto: Divulga\u00e7\u00e3o\/Prefeitura de Urupema\"\/><\/figure>\n\n\n\n<p><a href=\"https:\/\/revistaoeste.com\/brasil\/massa-de-ar-polar-provoca-frio-intenso-e-risco-de-neve-no-sul\/\" target=\"_blank\" rel=\"noopener\">Massa de ar polar provoca frio intenso e risco de neve no Sul&nbsp;<\/a><\/p>\n\n\n\n<figure class=\"wp-block-image\"><img data-opt-id=808463074  data-opt-src=\"https:\/\/medias.revistaoeste.com\/wp-content\/uploads\/2024\/08\/Frio-em-Caxias-do-Sul-216x121.jpg\"  decoding=\"async\" src=\"data:image/svg+xml,%3Csvg%20viewBox%3D%220%200%20216%20121%22%20width%3D%22216%22%20height%3D%22121%22%20xmlns%3D%22http%3A%2F%2Fwww.w3.org%2F2000%2Fsvg%22%3E%3Crect%20width%3D%22216%22%20height%3D%22121%22%20fill%3D%22transparent%22%2F%3E%3C%2Fsvg%3E\" alt=\"Ciclone extratropical atinge Caxias do Sul\"\/><\/figure>\n\n\n\n<p><a href=\"https:\/\/revistaoeste.com\/brasil\/chuva-e-frio-intenso-atingem-o-sul-nesta-semana\/\" target=\"_blank\" rel=\"noopener\">Chuva e frio intenso atingem o Sul nesta semana&nbsp;<\/a><\/p>\n\n\n\n<h2 class=\"wp-block-heading\">Frente fria avan\u00e7a em S\u00e3o Paulo<\/h2>\n\n\n\n<p>Em S\u00e3o Paulo, a temperatura deve variar entre 15\u202f\u00b0C e 27\u202f\u00b0C, com tempo parcialmente nublado e possibilidade de pancadas isoladas. O mapa de temperaturas confirma o avan\u00e7o do ar frio, especialmente no sul de Mato Grosso, sul de Goi\u00e1s e oeste paulista.<\/p>\n\n\n\n<p>As instabilidades tamb\u00e9m atingem Rond\u00f4nia, Acre e oeste do Amazonas. Porto Velho ter\u00e1 tempo chuvoso, com m\u00ednima de 23\u202f\u00b0C e m\u00e1xima de 31\u202f\u00b0C. No Centro-Oeste, cidades como Cuiab\u00e1 e&nbsp;<a href=\"https:\/\/revistaoeste.com\/brasil\/marrone-cai-do-palco-durante-show-em-goiania\/\" target=\"_blank\" rel=\"noreferrer noopener\"><strong>Goi\u00e2nia<\/strong><\/a>&nbsp;devem registrar pancadas de chuva ao longo do dia, acompanhadas de queda de temperatura.<\/p>\n\n\n\n<figure class=\"wp-block-image\"><img data-opt-id=306138409  data-opt-src=\"https:\/\/services.meteored.com\/img\/article\/frente-fria-avanca-com-forca-nesta-quarta-feira-inmet-emite-avisos-de-tempestades-e-declinio-de-temperatura-1748360928029_1024.jpg\"  decoding=\"async\" src=\"data:image/svg+xml,%3Csvg%20viewBox%3D%220%200%20100%%20100%%22%20width%3D%22100%%22%20height%3D%22100%%22%20xmlns%3D%22http%3A%2F%2Fwww.w3.org%2F2000%2Fsvg%22%3E%3Crect%20width%3D%22100%%22%20height%3D%22100%%22%20fill%3D%22transparent%22%2F%3E%3C%2Fsvg%3E\" alt=\"Temperatura prevista para a tarde de quarta-feira, 28, mostra o contraste t\u00e9rmico por causa da passagem da frente fria sobre o Sul do Brasil | Foto: Meteored\/Reprodu\u00e7\u00e3o\"\/><figcaption class=\"wp-element-caption\">Temperatura prevista para a tarde de quarta-feira, 28, mostra o contraste t\u00e9rmico por causa da passagem da frente fria sobre o Sul do Brasil | Foto: Meteored\/Reprodu\u00e7\u00e3o<\/figcaption><\/figure>\n\n\n\n<p>A Regi\u00e3o Nordeste permanece sob influ\u00eancia de calor e umidade elevada, com m\u00e1ximas pr\u00f3ximas de 30\u202f\u00b0C na maioria das capitais. Contudo, h\u00e1 previs\u00e3o de pancadas de chuva em \u00e1reas litor\u00e2neas, como Salvador, Natal e Fortaleza. Macei\u00f3, por exemplo, ter\u00e1 m\u00ednima de 23\u202f\u00b0C e m\u00e1xima de 28\u202f\u00b0C com chance de instabilidade.<\/p>\n\n\n\n<p>Em contraste, \u00e1reas do interior do Brasil, como o Tocantins e o norte de Goi\u00e1s, apresentam tempo seco, c\u00e9u aberto e temperaturas elevadas. Palmas ter\u00e1 m\u00e1xima de 33\u202f\u00b0C com m\u00ednima de 23\u202f\u00b0C sob predom\u00ednio de sol.<\/p>\n\n\n\n<p><\/p>\n","protected":false},"excerpt":{"rendered":"<p>Pa\u00eds enfrenta risco de tempo severo, chuvas e queda brusca de temperatura 28 maio 2025&nbsp;&#8211; 06h00 A quarta-feira, 28, ser\u00e1 [&hellip;]<\/p>\n","protected":false},"author":1,"featured_media":0,"comment_status":"closed","ping_status":"","sticky":false,"template":"","format":"image","meta":{"site-sidebar-layout":"default","site-content-layout":"","ast-site-content-layout":"default","site-content-style":"default","site-sidebar-style":"default","ast-global-header-display":"","ast-banner-title-visibility":"","ast-main-header-display":"","ast-hfb-above-header-display":"","ast-hfb-below-header-display":"","ast-hfb-mobile-header-display":"","site-post-title":"","ast-breadcrumbs-content":"","ast-featured-img":"","footer-sml-layout":"","ast-disable-related-posts":"","theme-transparent-header-meta":"","adv-header-id-meta":"","stick-header-meta":"","header-above-stick-meta":"","header-main-stick-meta":"","header-below-stick-meta":"","astra-migrate-meta-layouts":"default","ast-page-background-enabled":"default","ast-page-background-meta":{"desktop":{"background-color":"var(--ast-global-color-4)","background-image":"","background-repeat":"repeat","background-position":"center center","background-size":"auto","background-attachment":"scroll","background-type":"","background-media":"","overlay-type":"","overlay-color":"","overlay-opacity":"","overlay-gradient":""},"tablet":{"background-color":"","background-image":"","background-repeat":"repeat","background-position":"center center","background-size":"auto","background-attachment":"scroll","background-type":"","background-media":"","overlay-type":"","overlay-color":"","overlay-opacity":"","overlay-gradient":""},"mobile":{"background-color":"","background-image":"","background-repeat":"repeat","background-position":"center center","background-size":"auto","background-attachment":"scroll","background-type":"","background-media":"","overlay-type":"","overlay-color":"","overlay-opacity":"","overlay-gradient":""}},"ast-content-background-meta":{"desktop":{"background-color":"var(--ast-global-color-5)","background-image":"","background-repeat":"repeat","background-position":"center center","background-size":"auto","background-attachment":"scroll","background-type":"","background-media":"","overlay-type":"","overlay-color":"","overlay-opacity":"","overlay-gradient":""},"tablet":{"background-color":"var(--ast-global-color-5)","background-image":"","background-repeat":"repeat","background-position":"center center","background-size":"auto","background-attachment":"scroll","background-type":"","background-media":"","overlay-type":"","overlay-color":"","overlay-opacity":"","overlay-gradient":""},"mobile":{"background-color":"var(--ast-global-color-5)","background-image":"","background-repeat":"repeat","background-position":"center center","background-size":"auto","background-attachment":"scroll","background-type":"","background-media":"","overlay-type":"","overlay-color":"","overlay-opacity":"","overlay-gradient":""}},"footnotes":""},"categories":[517],"tags":[],"class_list":["post-28355","post","type-post","status-publish","format-image","hentry","category-aconteceu","post_format-post-format-image"],"_links":{"self":[{"href":"https:\/\/noticiasnoface.com.br\/index.php\/wp-json\/wp\/v2\/posts\/28355","targetHints":{"allow":["GET"]}}],"collection":[{"href":"https:\/\/noticiasnoface.com.br\/index.php\/wp-json\/wp\/v2\/posts"}],"about":[{"href":"https:\/\/noticiasnoface.com.br\/index.php\/wp-json\/wp\/v2\/types\/post"}],"author":[{"embeddable":true,"href":"https:\/\/noticiasnoface.com.br\/index.php\/wp-json\/wp\/v2\/users\/1"}],"replies":[{"embeddable":true,"href":"https:\/\/noticiasnoface.com.br\/index.php\/wp-json\/wp\/v2\/comments?post=28355"}],"version-history":[{"count":1,"href":"https:\/\/noticiasnoface.com.br\/index.php\/wp-json\/wp\/v2\/posts\/28355\/revisions"}],"predecessor-version":[{"id":28356,"href":"https:\/\/noticiasnoface.com.br\/index.php\/wp-json\/wp\/v2\/posts\/28355\/revisions\/28356"}],"wp:attachment":[{"href":"https:\/\/noticiasnoface.com.br\/index.php\/wp-json\/wp\/v2\/media?parent=28355"}],"wp:term":[{"taxonomy":"category","embeddable":true,"href":"https:\/\/noticiasnoface.com.br\/index.php\/wp-json\/wp\/v2\/categories?post=28355"},{"taxonomy":"post_tag","embeddable":true,"href":"https:\/\/noticiasnoface.com.br\/index.php\/wp-json\/wp\/v2\/tags?post=28355"}],"curies":[{"name":"wp","href":"https:\/\/api.w.org\/{rel}","templated":true}]}}